{"id":220710,"date":"2025-07-02T12:58:10","date_gmt":"2025-07-02T12:58:10","guid":{"rendered":"https:\/\/www.europesays.com\/fr\/220710\/"},"modified":"2025-07-02T12:58:10","modified_gmt":"2025-07-02T12:58:10","slug":"ce-square-situe-en-centre-ville-va-quadrupler-de-taille-voici-les-amenagements-prevus","status":"publish","type":"post","link":"https:\/\/www.europesays.com\/fr\/220710\/","title":{"rendered":"ce square situ\u00e9 en centre-ville va quadrupler de taille, voici les am\u00e9nagements pr\u00e9vus"},"content":{"rendered":"<p>            Par<br \/>\n        <strong><br \/>\n            <a href=\"https:\/\/actu.fr\/auteur\/ivan-capecchi\" title=\"Consulter tous les articles de Ivan CAPECCHI\" rel=\"nofollow noopener\" target=\"_blank\">Ivan CAPECCHI<\/a><br \/>\n        <\/strong><\/p>\n<p>        Publi\u00e9 le<\/p>\n<p>            2 juil. 2025 \u00e0 14h39<br \/>\n        ; mis \u00e0 jour le 2 juil. 2025 \u00e0 14h42    <\/p>\n<p>D\u2019ici fin 2025\/d\u00e9but 2026, le square pr\u00e9sent derri\u00e8re le <a href=\"https:\/\/actu.fr\/grand-est\/strasbourg_67482\/insecurite-au-centre-commercial-place-des-halles-a-strasbourg-c-est-beaucoup-mieux-qu-avant_60568547.html\" rel=\"nofollow noopener\" target=\"_blank\">centre commercial Place des Halles<\/a> va <strong>quadrupler de taille<\/strong>.<\/p>\n<p class=\" wall-content\">Le futur square fera <strong>4000 m\u00b2<\/strong>, soit environ un demi terrain de football.<\/p>\n<p>Une grande aire de jeux<\/p>\n<p class=\" wall-content\">Au c\u0153ur de ce dernier, une <strong>aire de jeux de 450 m\u00b2<\/strong>, en forme d\u2019\u0153uf, sera cr\u00e9\u00e9e. Constitu\u00e9e principalement de structures en bois, elle sera <strong>adapt\u00e9e \u00e0 tous les \u00e2ges et aux enfants en situation de handicap<\/strong>. Elle remplacera l\u2019aire de jeux actuelle, qui sera d\u00e9plac\u00e9e ailleurs.<\/p>\n<p class=\" wall-content\">Un <strong>bac \u00e0 sable<\/strong> d\u2019environ 50 m\u00b2 est \u00e9galement pr\u00e9vu. Il sera cl\u00f4tur\u00e9 pour garantir la s\u00e9curit\u00e9 des plus petits.<\/p>\n<p>Vid\u00e9os : en ce moment sur Actu23 arbres et des bancs pour tous<\/p>\n<p class=\" wall-content\">Le square repens\u00e9 comptera <strong>quatre acc\u00e8s<\/strong>, desservis par des <strong>all\u00e9es sabl\u00e9es bord\u00e9es de bancs<\/strong>. D\u2019autres bancs \u2013 des <strong>bancs \u00ab\u2009courbes\u2009\u00bb<\/strong> \u2013 seront install\u00e9s autour de l\u2019aire de jeux.<\/p>\n<p class=\" wall-content\"><strong>23 nouveaux arbres<\/strong> viendront renforcer la v\u00e9g\u00e9tation existante. Des <strong>tables de pique-nique<\/strong>, dont deux dites \u00ab\u2009inclusives\u2009\u00bb (avec dossier et accoudoirs), seront install\u00e9es, notamment \u00e0 destination des <strong>personnes \u00e2g\u00e9es<\/strong>, en lien avec la proximit\u00e9 de la <a href=\"https:\/\/actu.fr\/grand-est\/strasbourg_67482\/strasbourg-plus-de-40-pompiers-mobilises-pour-un-incendie-place-des-halles-ce-qu-il-s-est-passe_49200471.html\" rel=\"nofollow noopener\" target=\"_blank\">r\u00e9sidence pour seniors Abrapa<\/a>.<\/p>\n<p>Un square cl\u00f4tur\u00e9 pour \u00e9viter le squat<\/p>\n<p class=\" wall-content\">Le square sera<strong> cl\u00f4tur\u00e9 pour \u00e9viter le squat<\/strong>. \u00ab\u2009La question de la fermeture la nuit n\u2019est pas encore tranch\u00e9e\u2009\u00bb, indique Nasim Robati, cheffe de projet de transformation du secteur des Halles.<\/p>\n<p class=\" wall-content\">D\u2019apr\u00e8s cette derni\u00e8re, les <a href=\"https:\/\/actu.fr\/tag\/travaux\" rel=\"nofollow noopener\" target=\"_blank\">travaux<\/a> du square doivent d\u00e9marrer en septembre prochain. D\u2019ici-l\u00e0, les riverains pourront toujours profiter du square actuel.<\/p>\n<p>Transformation du secteur des Halles et de la gare routi\u00e8re<\/p>\n<p class=\" wall-content\">Ce projet est r\u00e9alis\u00e9 dans le cadre de la <a href=\"https:\/\/actu.fr\/grand-est\/strasbourg_67482\/strasbourg-le-secteur-des-halles-tres-betonne-va-etre-vegetalise-voici-a-quoi-il-va-ressembler_58140240.html\" rel=\"nofollow noopener\" target=\"_blank\">transformation du secteur des Halles<\/a>, avec notamment le passage de la gare routi\u00e8re en <strong>halte routi\u00e8re<\/strong>. C\u2019est d\u2019ailleurs parce que les cars ne sont plus stock\u00e9s \u00e0 cet endroit que l\u2019on peut \u00e9largir le square qui s\u2019y trouve.<\/p>\n<p class=\" wall-content\">Cette semaine, des <a href=\"https:\/\/actu.fr\/grand-est\/strasbourg_67482\/des-travaux-de-nuit-realises-en-plein-centre-ville-de-strasbourg-cette-semaine-ce-qu-il-faut-savoir_62847144.html\" rel=\"nofollow noopener\" target=\"_blank\">travaux de nuit<\/a> sont r\u00e9alis\u00e9s au niveau de la rue de S\u00e9bastopol non loin, toujours dans ce cadre.<\/p>\n<p class=\" wall-content\">La forme finale de la halte routi\u00e8re doit voir le jour \u00e0 la <strong>rentr\u00e9e<\/strong>, au moment du lancement des travaux du square.<\/p>\n<p class=\" wall-content\">Suivez toute l\u2019actualit\u00e9 de vos villes et m\u00e9dias favoris en vous inscrivant \u00e0 <a href=\"https:\/\/moncompte.actu.fr\" title=\"D\u00e9couvez Mon Actu\" rel=\"nofollow noopener\" data-trk=\"{&quot;cta&quot;:{&quot;action&quot;:&quot;https:\\\/\\\/moncompte.actu.fr&quot;,&quot;category&quot;:&quot;mon compte&quot;,&quot;from&quot;:&quot;article footer&quot;,&quot;name&quot;:&quot;Mon actu&quot;,&quot;type&quot;:&quot;cta&quot;}}\" target=\"_blank\">Mon Actu<\/a>.<\/p>\n","protected":false},"excerpt":{"rendered":"Par Ivan CAPECCHI Publi\u00e9 le 2 juil. 2025 \u00e0 14h39 ; mis \u00e0 jour le 2 juil. 2025&hellip;\n","protected":false},"author":2,"featured_media":220711,"comment_status":"","ping_status":"","sticky":false,"template":"","format":"standard","meta":{"footnotes":""},"categories":[2820],"tags":[1111,11,1719,1777,674,1011,27,775,12,25,104,640,2086],"class_list":{"0":"post-220710","1":"post","2":"type-post","3":"status-publish","4":"format-standard","5":"has-post-thumbnail","7":"category-strasbourg","8":"tag-actu","9":"tag-actualites","10":"tag-enfants","11":"tag-eu","12":"tag-europe","13":"tag-fr","14":"tag-france","15":"tag-grand-est","16":"tag-news","17":"tag-republique-francaise","18":"tag-societe","19":"tag-strasbourg","20":"tag-travaux"},"share_on_mastodon":{"url":"https:\/\/pubeurope.com\/@fr\/114783761456919961","error":""},"_links":{"self":[{"href":"https:\/\/www.europesays.com\/fr\/wp-json\/wp\/v2\/posts\/220710","targetHints":{"allow":["GET"]}}],"collection":[{"href":"https:\/\/www.europesays.com\/fr\/wp-json\/wp\/v2\/posts"}],"about":[{"href":"https:\/\/www.europesays.com\/fr\/wp-json\/wp\/v2\/types\/post"}],"author":[{"embeddable":true,"href":"https:\/\/www.europesays.com\/fr\/wp-json\/wp\/v2\/users\/2"}],"replies":[{"embeddable":true,"href":"https:\/\/www.europesays.com\/fr\/wp-json\/wp\/v2\/comments?post=220710"}],"version-history":[{"count":0,"href":"https:\/\/www.europesays.com\/fr\/wp-json\/wp\/v2\/posts\/220710\/revisions"}],"wp:featuredmedia":[{"embeddable":true,"href":"https:\/\/www.europesays.com\/fr\/wp-json\/wp\/v2\/media\/220711"}],"wp:attachment":[{"href":"https:\/\/www.europesays.com\/fr\/wp-json\/wp\/v2\/media?parent=220710"}],"wp:term":[{"taxonomy":"category","embeddable":true,"href":"https:\/\/www.europesays.com\/fr\/wp-json\/wp\/v2\/categories?post=220710"},{"taxonomy":"post_tag","embeddable":true,"href":"https:\/\/www.europesays.com\/fr\/wp-json\/wp\/v2\/tags?post=220710"}],"curies":[{"name":"wp","href":"https:\/\/api.w.org\/{rel}","templated":true}]}}