{"id":220724,"date":"2025-07-02T13:05:12","date_gmt":"2025-07-02T13:05:12","guid":{"rendered":"https:\/\/www.europesays.com\/fr\/220724\/"},"modified":"2025-07-02T13:05:12","modified_gmt":"2025-07-02T13:05:12","slug":"girondins-12-nouveaux-joueurs-arrivent-pour-jouer-en-regional-1-avec-bordeaux","status":"publish","type":"post","link":"https:\/\/www.europesays.com\/fr\/220724\/","title":{"rendered":"Girondins : 12 nouveaux joueurs arrivent pour jouer en R\u00e9gional 1 avec Bordeaux"},"content":{"rendered":"<p><img decoding=\"async\" src=\"https:\/\/www.europesays.com\/fr\/wp-content\/uploads\/2025\/07\/671_312d6bb4fd8178059ff72cb5e804764d.png\" alt=\"Girondins : 12 nouveaux joueurs arrivent pour jouer en R\u00e9gional 1 avec Bordeaux\" class=\"img-responsive mt-3\"\/><\/p>\n<p class=\"text-center mb-3\" style=\"font-size: 14px\">\u00a9 Iconsport<\/p>\n<p style=\"text-align: justify;\"><strong>Gardien de but<\/strong> : Yanis A\u00eft El Hadj (20 ans) arrive en provenance de l\u2019ES Fagni\u00e8res (R1).<\/p>\n<p style=\"text-align: justify;\"><strong>D\u00e9fense<\/strong> : les centraux Nathan Besse (21 ans, M\u00e9rignac Arlac), Thomas Diaby (30 ans, libre) et Tr\u00e9sor Kouabl\u00e9 (21 ans, Bergerac). Les lat\u00e9raux Marius Feuillet (18 ans, SA M\u00e9rignac) et Maxime Poundj\u00e9 (32 ans, 159 matchs sous le maillot au scapulaire).<\/p>\n<p style=\"text-align: justify;\"><strong>Milieu<\/strong> : Mathis Ram\u00e9 (25 ans, Arsac), Abuya Godspower (27 ans, M\u00e9rignac Arlac), Yanis Chihab (22 ans, Cenon).<\/p>\n<p style=\"text-align: justify;\"><strong>Attaque<\/strong> : Adrian Sahibeddine (30 ans, Louhans-Cuiseaux), Florian Portuguez (27 ans, SA M\u00e9rignac) et Luigi Rizaldos (19 ans ,SA M\u00e9rignac).<\/p>\n<p style=\"text-align: justify;\">Maxime Poundj\u00e9 s&rsquo;est entrain\u00e9 une partie de la saison derni\u00e8re avec la r\u00e9serve bordelaise, Mathis Ram\u00e9 est le fils d&rsquo;Ulrich Ram\u00e9, ancien gardien des Girondins de Bordeaux.<\/p>\n<p style=\"text-align: justify;\"><a href=\"https:\/\/www.webgirondins.com\/actualite-girondins-r1-la-reserve-des-girondins-connait-ses-adversaires-pour-la-saison-2025-2026-129547\" target=\"_blank\" rel=\"noopener\">Bordeaux \u00e9volue dans la Poule A de R\u00e9gional 1<\/a>. Son premier match est le 24 ao\u00fbt prochain.<\/p>\n<p style=\"text-align: justify;\">\u00c0 lire &gt;&gt; <strong><a href=\"https:\/\/www.webgirondins.com\/actualite-girondins-girondins-jeremy-grain-ne-pas-monter-avec-cet-effectif-est-une-faute-professionnelle-129591\" target=\"_blank\" rel=\"noopener\">J\u00e9r\u00e9my Grain : \u00ab\u00a0Ne pas monter avec cet effectif est une faute professionnelle\u00a0\u00bb<\/a><\/strong><\/p>\n<p style=\"text-align: justify;\">Restez Connect\u00e9 aux infos des Girondins de Bordeaux gr\u00e2ce \u00e0 WhatsApp. Ne ratez plus aucune information importante. Rejoignez la<strong> <a href=\"https:\/\/whatsapp.com\/channel\/0029VaDygopCRs1h8xNMgI1y\" target=\"_blank\" rel=\"noopener\">cha\u00eene d&rsquo;information WhatsApp de WebGirondins<\/a><\/strong>. C&rsquo;est gratuit, avec 2 \u00e0 3 infos maximum par jour, r\u00e9sultat, interview, analyses etc.<\/p>\n<p style=\"text-align: justify;\">Notre podcast court :<\/p>\n<p>\u00a0<\/p>\n","protected":false},"excerpt":{"rendered":"\u00a9 Iconsport Gardien de but : Yanis A\u00eft El Hadj (20 ans) arrive en provenance de l\u2019ES Fagni\u00e8res&hellip;\n","protected":false},"author":2,"featured_media":220725,"comment_status":"","ping_status":"","sticky":false,"template":"","format":"standard","meta":{"footnotes":""},"categories":[2817],"tags":[1111,11,32390,3396,1997,9641,2263,1777,674,31404,1011,27,1987,5236,4059,12,2845,2219,471,14190,25,18357],"class_list":{"0":"post-220724","1":"post","2":"type-post","3":"status-publish","4":"format-standard","5":"has-post-thumbnail","7":"category-bordeaux","8":"tag-actu","9":"tag-actualites","10":"tag-arrivent","11":"tag-avec","12":"tag-bordeaux","13":"tag-constitue","14":"tag-equipe","15":"tag-eu","16":"tag-europe","17":"tag-evolue","18":"tag-fr","19":"tag-france","20":"tag-girondins","21":"tag-jouer","22":"tag-joueurs","23":"tag-news","24":"tag-nouveaux","25":"tag-nouvelle-aquitaine","26":"tag-pour","27":"tag-regional","28":"tag-republique-francaise","29":"tag-reserve"},"share_on_mastodon":{"url":"https:\/\/pubeurope.com\/@fr\/114783789070583725","error":""},"_links":{"self":[{"href":"https:\/\/www.europesays.com\/fr\/wp-json\/wp\/v2\/posts\/220724","targetHints":{"allow":["GET"]}}],"collection":[{"href":"https:\/\/www.europesays.com\/fr\/wp-json\/wp\/v2\/posts"}],"about":[{"href":"https:\/\/www.europesays.com\/fr\/wp-json\/wp\/v2\/types\/post"}],"author":[{"embeddable":true,"href":"https:\/\/www.europesays.com\/fr\/wp-json\/wp\/v2\/users\/2"}],"replies":[{"embeddable":true,"href":"https:\/\/www.europesays.com\/fr\/wp-json\/wp\/v2\/comments?post=220724"}],"version-history":[{"count":0,"href":"https:\/\/www.europesays.com\/fr\/wp-json\/wp\/v2\/posts\/220724\/revisions"}],"wp:featuredmedia":[{"embeddable":true,"href":"https:\/\/www.europesays.com\/fr\/wp-json\/wp\/v2\/media\/220725"}],"wp:attachment":[{"href":"https:\/\/www.europesays.com\/fr\/wp-json\/wp\/v2\/media?parent=220724"}],"wp:term":[{"taxonomy":"category","embeddable":true,"href":"https:\/\/www.europesays.com\/fr\/wp-json\/wp\/v2\/categories?post=220724"},{"taxonomy":"post_tag","embeddable":true,"href":"https:\/\/www.europesays.com\/fr\/wp-json\/wp\/v2\/tags?post=220724"}],"curies":[{"name":"wp","href":"https:\/\/api.w.org\/{rel}","templated":true}]}}