{"id":220732,"date":"2025-07-02T13:09:17","date_gmt":"2025-07-02T13:09:17","guid":{"rendered":"https:\/\/www.europesays.com\/fr\/220732\/"},"modified":"2025-07-02T13:09:17","modified_gmt":"2025-07-02T13:09:17","slug":"par-quelles-rues-va-passer-la-grande-parade-du-tour-de-france-ce-jeudi-a-lille-voici-le-parcours","status":"publish","type":"post","link":"https:\/\/www.europesays.com\/fr\/220732\/","title":{"rendered":"Par quelles rues va passer la grande parade du Tour de France ce jeudi \u00e0 Lille ? Voici le parcours"},"content":{"rendered":"<p>            Par<br \/>\n        <strong><br \/>\n            <a href=\"https:\/\/actu.fr\/auteur\/nicolas-demollien\" title=\"Consulter tous les articles de Nicolas Demollien\" rel=\"nofollow noopener\" target=\"_blank\">Nicolas Demollien<\/a><br \/>\n        <\/strong><\/p>\n<p>        Publi\u00e9 le<\/p>\n<p>            2 juil. 2025 \u00e0 14h26        <\/p>\n<p>Cela va officiellement marquer le d\u00e9part du <a href=\"https:\/\/actu.fr\/tag\/tour-de-france-2025\" rel=\"nofollow noopener\" target=\"_blank\">Tour de France 2025<\/a> \u00e0 <a href=\"https:\/\/actu.fr\/hauts-de-france\/lille_59350\" rel=\"nofollow noopener\" target=\"_blank\">Lille<\/a> (Nord). Ce<b> jeudi 3\u00a0juillet 2025<\/b>, une <b>grande parade des coureurs<\/b> est organis\u00e9e dans les rues de la capitale des Flandres avant la pr\u00e9sentation des \u00e9quipes sur la Grand\u2019Place. Voici <b>ce qu\u2019il faut savoir<\/b>.<\/p>\n<p>Le parcours de la grande parade du Tour de France \u00e0 Lille<\/p>\n<p class=\" wall-content\">Le <b>d\u00e9part du cort\u00e8ge<\/b> est pr\u00e9vu \u00e0 partir de 18\u2009h, le cort\u00e8ge empruntera le <b>parcours<\/b> suivant\u2009:<\/p>\n<ul class=\" wall-content\">\n<li>rue Faidherbe,<\/li>\n<li>place de la gare Lille Flandres,<\/li>\n<li>rue du Molinel,<\/li>\n<li>rue Pierre Mauroy,<\/li>\n<li>place du Th\u00e9\u00e2tre,<\/li>\n<li>rue des 7 Agaches.<\/li>\n<\/ul>\n<p class=\" wall-content\">La pr\u00e9sentation des coureurs se fera sur la Grand\u2019Place avec une <a href=\"https:\/\/actu.fr\/hauts-de-france\/lille_59350\/lille-cest-quoi-ces-amenagements-tout-autour-de-la-fontaine-de-la-grandplace_62812435.html\" rel=\"nofollow noopener\" target=\"_blank\">sc\u00e8ne install\u00e9e au niveau de la colonne de la D\u00e9esse<\/a> pour la pr\u00e9sentation des \u00e9quipes, offrant une vue panoramique \u00e0 360\u00b0 sur l\u2019\u00e9v\u00e9nement.<\/p>\n<p class=\" wall-content\">Attention, la jauge d\u2019acc\u00e8s \u00e0 la Grand Place sera limit\u00e9e et tout le monde ne pourra pas y acc\u00e9der. Pour rem\u00e9dier \u00e0 cette limite, \u00ab\u2009les spectateurs pourront suivre l\u2019\u00e9v\u00e9nement sur l\u2019un des <b>\u00e9crans g\u00e9ants install\u00e9s<\/b> \u00e0 l\u2019angle des rues Faidherbe et du Priez, \u00e0 l\u2019angle des rues du Molinel et Pierre Mauroy, sur le parvis Saint-Maurice et sur la place de la R\u00e9publique\u2009\u00bb, annoncent les organisateurs.<\/p>\n<p>Vid\u00e9os : en ce moment sur ActuUn dress code tout en jaune<\/p>\n<p class=\" wall-content\">\u00c0 l\u2019occasion de cette pr\u00e9sentation des \u00e9quipes, les<b> spectateurs sont invit\u00e9s \u00e0 venir v\u00eatus de jaune<\/b>, couleur embl\u00e9matique du Maillot Jaune, \u00ab\u2009afin d\u2019adresser au monde entier un signal fort d\u2019unit\u00e9, de joie et d\u2019enthousiasme\u2009\u00bb.<\/p>\n<p class=\" wall-content\">Suivez toute l\u2019actualit\u00e9 de vos villes et m\u00e9dias favoris en vous inscrivant \u00e0 <a href=\"https:\/\/moncompte.actu.fr\" title=\"D\u00e9couvez Mon Actu\" rel=\"nofollow noopener\" data-trk=\"{&quot;cta&quot;:{&quot;action&quot;:&quot;https:\\\/\\\/moncompte.actu.fr&quot;,&quot;category&quot;:&quot;mon compte&quot;,&quot;from&quot;:&quot;article footer&quot;,&quot;name&quot;:&quot;Mon actu&quot;,&quot;type&quot;:&quot;cta&quot;}}\" target=\"_blank\">Mon Actu<\/a>.<\/p>\n<ul class=\"ac-article-tag wall-content\">\n<li><a href=\"https:\/\/actu.fr\/tag\/tour-de-france\" data-trk=\"{&quot;cta&quot;:{&quot;action&quot;:&quot;Tour de France&quot;,&quot;category&quot;:&quot;tag&quot;,&quot;from&quot;:&quot;article footer&quot;,&quot;name&quot;:&quot;Tour de France&quot;,&quot;type&quot;:&quot;cta&quot;}}\" rel=\"nofollow noopener\" target=\"_blank\">#Tour de France<\/a><\/li>\n<li><a href=\"https:\/\/actu.fr\/tag\/tour-de-france-2025\" data-trk=\"{&quot;cta&quot;:{&quot;action&quot;:&quot;Tour de France 2025&quot;,&quot;category&quot;:&quot;tag&quot;,&quot;from&quot;:&quot;article footer&quot;,&quot;name&quot;:&quot;Tour de France 2025&quot;,&quot;type&quot;:&quot;cta&quot;}}\" rel=\"nofollow noopener\" target=\"_blank\">#Tour de France 2025<\/a><\/li>\n<\/ul>\n","protected":false},"excerpt":{"rendered":"Par Nicolas Demollien Publi\u00e9 le 2 juil. 2025 \u00e0 14h26 Cela va officiellement marquer le d\u00e9part du Tour&hellip;\n","protected":false},"author":2,"featured_media":220733,"comment_status":"","ping_status":"","sticky":false,"template":"","format":"standard","meta":{"footnotes":""},"categories":[2815],"tags":[1111,11,1777,674,1011,27,811,1307,1652,12,25,210,2116],"class_list":{"0":"post-220732","1":"post","2":"type-post","3":"status-publish","4":"format-standard","5":"has-post-thumbnail","7":"category-lille","8":"tag-actu","9":"tag-actualites","10":"tag-eu","11":"tag-europe","12":"tag-fr","13":"tag-france","14":"tag-hauts-de-france","15":"tag-lille","16":"tag-loisirs-culture","17":"tag-news","18":"tag-republique-francaise","19":"tag-tour-de-france","20":"tag-tour-de-france-2025"},"share_on_mastodon":{"url":"https:\/\/pubeurope.com\/@fr\/114783804752316674","error":""},"_links":{"self":[{"href":"https:\/\/www.europesays.com\/fr\/wp-json\/wp\/v2\/posts\/220732","targetHints":{"allow":["GET"]}}],"collection":[{"href":"https:\/\/www.europesays.com\/fr\/wp-json\/wp\/v2\/posts"}],"about":[{"href":"https:\/\/www.europesays.com\/fr\/wp-json\/wp\/v2\/types\/post"}],"author":[{"embeddable":true,"href":"https:\/\/www.europesays.com\/fr\/wp-json\/wp\/v2\/users\/2"}],"replies":[{"embeddable":true,"href":"https:\/\/www.europesays.com\/fr\/wp-json\/wp\/v2\/comments?post=220732"}],"version-history":[{"count":0,"href":"https:\/\/www.europesays.com\/fr\/wp-json\/wp\/v2\/posts\/220732\/revisions"}],"wp:featuredmedia":[{"embeddable":true,"href":"https:\/\/www.europesays.com\/fr\/wp-json\/wp\/v2\/media\/220733"}],"wp:attachment":[{"href":"https:\/\/www.europesays.com\/fr\/wp-json\/wp\/v2\/media?parent=220732"}],"wp:term":[{"taxonomy":"category","embeddable":true,"href":"https:\/\/www.europesays.com\/fr\/wp-json\/wp\/v2\/categories?post=220732"},{"taxonomy":"post_tag","embeddable":true,"href":"https:\/\/www.europesays.com\/fr\/wp-json\/wp\/v2\/tags?post=220732"}],"curies":[{"name":"wp","href":"https:\/\/api.w.org\/{rel}","templated":true}]}}