{"id":220734,"date":"2025-07-02T13:10:09","date_gmt":"2025-07-02T13:10:09","guid":{"rendered":"https:\/\/www.europesays.com\/fr\/220734\/"},"modified":"2025-07-02T13:10:09","modified_gmt":"2025-07-02T13:10:09","slug":"dimportantes-pannes-delectricite-touchent-ces-quartiers-de-marseille-on-sait-pourquoi","status":"publish","type":"post","link":"https:\/\/www.europesays.com\/fr\/220734\/","title":{"rendered":"D&rsquo;importantes pannes d&rsquo;\u00e9lectricit\u00e9 touchent ces quartiers de Marseille : on sait pourquoi"},"content":{"rendered":"<p>            Par<br \/>\n        <strong><br \/>\n            <a href=\"https:\/\/actu.fr\/auteur\/thibault-nadal-actu-fr\" title=\"Consulter tous les articles de Thibault Nadal\" rel=\"nofollow noopener\" target=\"_blank\">Thibault Nadal<\/a><br \/>\n        <\/strong><\/p>\n<p>        Publi\u00e9 le<\/p>\n<p>            2 juil. 2025 \u00e0 14h06        <\/p>\n<p>Sur <a href=\"https:\/\/actu.fr\/tag\/reseaux-sociaux\" rel=\"nofollow noopener\" target=\"_blank\">les r\u00e9seaux sociaux<\/a>, de nombreux messages ont afflu\u00e9 pour alerter sur de nombreuses coupures de courant ce mardi 1er\u00a0juillet 2025. Des probl\u00e8mes qui ont touch\u00e9 plusieurs arrondissements de <a href=\"https:\/\/actu.fr\/marseille\/\" rel=\"nofollow noopener\" target=\"_blank\">Marseille<\/a>, notamment dans le centre-ville et le sud, dans <strong>les 4e, 5e, 8e ou 9e<\/strong>.<\/p>\n<p class=\" wall-content\">Ces coupures <a href=\"https:\/\/actu.fr\/tag\/electricite\" rel=\"nofollow noopener\" target=\"_blank\">d\u2019\u00e9lectricit\u00e9<\/a> sont dues \u00e0 <a href=\"https:\/\/actu.fr\/provence-alpes-cote-d-azur\/marseille_13055\/meteo-a-marseille-le-pic-de-la-canicule-arrive-jusqu-a-42-c-voila-ou-il-va-faire-le-plus-chaud_62845605.html\" rel=\"nofollow noopener\" target=\"_blank\">l\u2019intense \u00e9pisode de canicule<\/a> qui touche la ville depuis vendredi.<\/p>\n<p class=\" wall-content\">On vous explique tout.<\/p>\n<p>Les fortes chaleurs en cause<\/p>\n<p class=\" wall-content\">Ce fut une soir\u00e9e particuli\u00e8rement compliqu\u00e9e dans certains arrondissements de Marseille. De nombreux quartiers ont ainsi \u00e9t\u00e9 priv\u00e9s d\u2019\u00e9lectricit\u00e9 <strong>durant plusieurs heures<\/strong>, en fin de journ\u00e9e, aux alentours de 18h et aussi en soir\u00e9e.<\/p>\n<p class=\" wall-content\">Une situation qui a pouss\u00e9 la mairie des 4e et 5e arrondissements \u00e0 r\u00e9agir.<\/p>\n<p>Vid\u00e9os : en ce moment sur Actu<\/p>\n<blockquote class=\"ac-article-quote wall-content\">\n<p>En raison de l\u2019\u00e9pisode caniculaire, ENEDIS nous informe qu\u2019une surchauffe sur le r\u00e9seau \u00e9lectrique entra\u00eene actuellement une importante coupure d\u2019\u00e9lectricit\u00e9 sur plusieurs secteurs du centre-ville.<\/p>\n<p>    <strong>Mairie des 4e et 5e arrondissements<\/strong>\n            <\/p><\/blockquote>\n<p>    <a href=\"https:\/\/www.facebook.com\/plugins\/post.php?href=https%3A%2F%2Fwww.facebook.com%2Fmairie4et5marseille%2Fposts%2Fpfbid0wj8GvftP7MPtveXDsMS8NUMwGkkdk8vz6qs8nfFnaXaF45hzxmssDyyqHeBZUKt6l&amp;show_text=true&amp;width=350\" title=\"Ouvrie le lien\" rel=\"nofollow noopener\" target=\"_blank\">Cliquez ici pour visualiser le contenu<\/a><\/p>\n<p>Encore des priv\u00e9s d\u2019\u00e9lectricit\u00e9 ce mercredi<\/p>\n<p class=\" wall-content\">Ce mercredi matin, <a href=\"https:\/\/actu.fr\/tag\/enedis\" rel=\"nofollow noopener\" target=\"_blank\">Enedis<\/a> pr\u00e9cisait que <strong>8\u2009000 foyers<\/strong> \u00e9taient encore priv\u00e9s d\u2019\u00e9lectricit\u00e9. \u00ab\u2009En raison d\u2019un \u00e9pisode exceptionnel de fortes chaleurs sur l\u2019ensemble du territoire, Enedis recense des incidents sur le r\u00e9seau \u00e9lectrique souterrain, notamment en Occitanie, <a href=\"https:\/\/actu.fr\/provence-alpes-cote-d-azur\/\" rel=\"nofollow noopener\" target=\"_blank\">Provence-Alpes-C\u00f4te d\u2019Azur<\/a>, \u00cele-de-France et Auvergne-Rh\u00f4ne-Alpes\u2009\u00bb, indique le gestionnaire.<\/p>\n<blockquote class=\"ac-article-quote wall-content\">\n<p>Les tr\u00e8s fortes chaleurs cumul\u00e9es sur plusieurs jours avec une temp\u00e9rature qui ne descend pas la nuit ont fait monter la temp\u00e9rature des sols goudronn\u00e9s de plusieurs dizaines de degr\u00e9s (en surface), ce qui a mis en forte contrainte les r\u00e9seaux souterrains.<\/p>\n<p>    <strong>Enedis, \u00e0 l&rsquo;AFP<\/strong>\n            <\/p><\/blockquote>\n<p class=\" wall-content\">Les bo\u00eetes de jonction, qui servent \u00e0 relier deux c\u00e2bles souterrains entre eux, sont \u00ab\u2009<strong>sensibles aux fortes variations de temp\u00e9ratures<\/strong> et aux mouvements de terrains qu\u2019elles induisent et sont \u00e0 l\u2019origine de l\u2019incident\u2009\u00bb, pr\u00e9cise le gestionnaire, qui assure que ses \u00e9quipes interviennent pour \u00ab\u2009r\u00e9tablir l\u2019\u00e9lectricit\u00e9 le plus rapidement possible\u2009\u00bb.<\/p>\n<p class=\" wall-content\"><strong>AVEC AFP<\/strong><\/p>\n<p class=\" wall-content\">Suivez toute l\u2019actualit\u00e9 de vos villes et m\u00e9dias favoris en vous inscrivant \u00e0 <a href=\"https:\/\/moncompte.actu.fr\" title=\"D\u00e9couvez Mon Actu\" rel=\"nofollow noopener\" data-trk=\"{&quot;cta&quot;:{&quot;action&quot;:&quot;https:\\\/\\\/moncompte.actu.fr&quot;,&quot;category&quot;:&quot;mon compte&quot;,&quot;from&quot;:&quot;article footer&quot;,&quot;name&quot;:&quot;Mon actu&quot;,&quot;type&quot;:&quot;cta&quot;}}\" target=\"_blank\">Mon Actu<\/a>.<\/p>\n","protected":false},"excerpt":{"rendered":"Par Thibault Nadal Publi\u00e9 le 2 juil. 2025 \u00e0 14h06 Sur les r\u00e9seaux sociaux, de nombreux messages ont&hellip;\n","protected":false},"author":2,"featured_media":220735,"comment_status":"","ping_status":"","sticky":false,"template":"","format":"standard","meta":{"footnotes":""},"categories":[2814],"tags":[1111,11,6698,579,3674,1777,674,1011,27,884,12,882,25,104],"class_list":{"0":"post-220734","1":"post","2":"type-post","3":"status-publish","4":"format-standard","5":"has-post-thumbnail","7":"category-marseille","8":"tag-actu","9":"tag-actualites","10":"tag-canicule","11":"tag-electricite","12":"tag-enedis","13":"tag-eu","14":"tag-europe","15":"tag-fr","16":"tag-france","17":"tag-marseille","18":"tag-news","19":"tag-provence-alpes-cote-dazur","20":"tag-republique-francaise","21":"tag-societe"},"share_on_mastodon":{"url":"https:\/\/pubeurope.com\/@fr\/114783808694877606","error":""},"_links":{"self":[{"href":"https:\/\/www.europesays.com\/fr\/wp-json\/wp\/v2\/posts\/220734","targetHints":{"allow":["GET"]}}],"collection":[{"href":"https:\/\/www.europesays.com\/fr\/wp-json\/wp\/v2\/posts"}],"about":[{"href":"https:\/\/www.europesays.com\/fr\/wp-json\/wp\/v2\/types\/post"}],"author":[{"embeddable":true,"href":"https:\/\/www.europesays.com\/fr\/wp-json\/wp\/v2\/users\/2"}],"replies":[{"embeddable":true,"href":"https:\/\/www.europesays.com\/fr\/wp-json\/wp\/v2\/comments?post=220734"}],"version-history":[{"count":0,"href":"https:\/\/www.europesays.com\/fr\/wp-json\/wp\/v2\/posts\/220734\/revisions"}],"wp:featuredmedia":[{"embeddable":true,"href":"https:\/\/www.europesays.com\/fr\/wp-json\/wp\/v2\/media\/220735"}],"wp:attachment":[{"href":"https:\/\/www.europesays.com\/fr\/wp-json\/wp\/v2\/media?parent=220734"}],"wp:term":[{"taxonomy":"category","embeddable":true,"href":"https:\/\/www.europesays.com\/fr\/wp-json\/wp\/v2\/categories?post=220734"},{"taxonomy":"post_tag","embeddable":true,"href":"https:\/\/www.europesays.com\/fr\/wp-json\/wp\/v2\/tags?post=220734"}],"curies":[{"name":"wp","href":"https:\/\/api.w.org\/{rel}","templated":true}]}}