{"id":220736,"date":"2025-07-02T13:11:27","date_gmt":"2025-07-02T13:11:27","guid":{"rendered":"https:\/\/www.europesays.com\/fr\/220736\/"},"modified":"2025-07-02T13:11:27","modified_gmt":"2025-07-02T13:11:27","slug":"marseille-casanis-investit-la-cachette-tout-lete","status":"publish","type":"post","link":"https:\/\/www.europesays.com\/fr\/220736\/","title":{"rendered":"Marseille : Casanis investit La Cachette tout l\u2019\u00e9t\u00e9"},"content":{"rendered":"<p><img loading=\"lazy\" decoding=\"async\" alt=\"\u00a9 D.R. - La marque Casanis doit son nom \u00e0 son fondateur, Jean-Bernardin Casabianca et \u00e0 l'anis, ingr\u00e9dient phare du pastis.\" data-zoom-src=\"https:\/\/www.europesays.com\/fr\/wp-content\/uploads\/2025\/07\/initial-la-cachette-casanis.jpg\" data-zoomable=\"\" height=\"702\" src=\"https:\/\/www.europesays.com\/fr\/wp-content\/uploads\/2025\/07\/initial-la-cachette-casanis.jpg\" width=\"1248\"\/>  <\/p>\n<p class=\"article-desc\">\u00a9 D.R. &#8211; La marque Casanis doit son nom \u00e0 son fondateur, Jean-Bernardin Casabianca et \u00e0 l&rsquo;anis, ingr\u00e9dient phare du pastis. <\/p>\n<p>Disons-le tout de suite, il y a les <strong>pro Casa<\/strong>\u2019, les <strong>pro Ricard<\/strong> et les <strong>pro 51<\/strong>. Si ce sont bien trois recettes de <strong>pastis<\/strong>, leur diff\u00e9rence vient du dosage. <\/p>\n<p>Car au-del\u00e0 de ses origines corses (Marseille \u00e9tant la 1\u00e8re m\u00e9tropole corse), le <strong>Casanis<\/strong> est r\u00e9put\u00e9 pour son <strong>go\u00fbt de r\u00e9glisse<\/strong> prononc\u00e9, plus doux et plus frais que ses deux concurrents, avec une belle robe couleur jaune paille. Id\u00e9al pour la <strong>Mauresque<\/strong>\u2026 <\/p>\n<p> <img decoding=\"async\" alt=\"\" class=\"img-align-center img-size-limited\" data-zoomable=\"\" height=\"1336\" loading=\"lazy\" src=\"https:\/\/www.europesays.com\/fr\/wp-content\/uploads\/2025\/07\/petanque-la-cachette-casanis.jpg\" width=\"1070\"\/> <strong>\u00a9<\/strong> D.R. &#8211; Partie de p\u00e9tanque et pastis, une certaine id\u00e9e de Marseille&#8230; La Cachette, des animations pour c\u00e9l\u00e9brer l\u2019art du Casa\u2019 <\/p>\n<p>C\u2019est la premi\u00e8re fois que Casanis imagine un tel programme. Cent ans \u00e7a se f\u00eate forc\u00e9ment\u00a0! Depuis la fin du mois de juin, Casanis s\u2019invite donc au <strong>resto La Cachette<\/strong>, entre le <strong>Vieux-Port et Le Panier<\/strong> et y propose une carte, \u00e0 d\u00e9guster avec un<strong> petit jaune<\/strong>. <\/p>\n<p>La marque vous invite aussi \u00e0 trois \u00e9v\u00e9nements pour mieux <strong>appr\u00e9hender l\u2019histoire de la marque et la culture corse<\/strong>. <\/p>\n<ul>\n<li>10 juillet, concours de design de carage avec <strong>trois artistes marseillais<\/strong>, 18h\/20h <\/li>\n<\/ul>\n<p>L\u2019id\u00e9e\u00a0? Cr\u00e9er un exemplaire unique pour la <strong>carafe collector<\/strong> du centenaire. Les trois artistes en comp\u00e9tition sont l\u2019auteur de BD Carolina Nasica, alias Zinzin, le grapheur aux inspirations 90\u2019s Vincent Beynet, alias Dixit et le street-artiste Tchader.<\/p>\n<ul>\n<li>24 juillet, march\u00e9 des savoir-faire corses, 18h\/22h <\/li>\n<\/ul>\n<p>L\u2019id\u00e9e\u00a0? R\u00e9unir la fine fleur de la<strong> gastronomie corse (charcuterie, fromage, biscuit, vin)<\/strong>, aux c\u00f4t\u00e9s de figures de la culture <strong>corse de Marseille<\/strong>. <\/p>\n<ul>\n<li>11 septembre, closing de La Cachette\/Casanis avec une soir\u00e9e de chants traditionnels <\/li>\n<\/ul>\n<p>L\u2019id\u00e9e\u00a0? Concert du groupe Culombu, en acoustique et en ext\u00e9rieur, sur la terrasse de La Cachette.<\/p>\n<p> <img decoding=\"async\" alt=\"\" class=\"img-align-center img-size-limited\" data-zoomable=\"\" height=\"1338\" loading=\"lazy\" src=\"https:\/\/www.europesays.com\/fr\/wp-content\/uploads\/2025\/07\/lacachette-casanis-marseille.jpg\" width=\"1070\"\/> <strong>\u00a9<\/strong> D.R. &#8211; Le restaurant La Cachette propose tout l&rsquo;\u00e9t\u00e9 une carte et des animations sign\u00e9s Casanis.\u00a0 Informations pratiques Casanis, La Cachette : <\/p>\n<p>La Cachette, 24, rue de la Guirlande, Marseille 2e. <\/p>\n<p>Ouvert de 9h \u00e0 23h30 (horaires sur-mesure pour les soir\u00e9es sp\u00e9ciales). <\/p>\n<p>Tarif de la carte Casanis\u00a0: 3 \u20ac le Casa\u2019, planche charcuterie ou fromage corses, 22 \u20ac, panisses, 9 \u20ac. <\/p>\n<p>Happy jours Casanis en fin de semaine. <\/p>\n<p>Terrasse ombrag\u00e9e.<\/p>\n<p>L\u2019abus d\u2019alcool est dangereux pour la sant\u00e9. <\/p>\n","protected":false},"excerpt":{"rendered":"\u00a9 D.R. &#8211; La marque Casanis doit son nom \u00e0 son fondateur, Jean-Bernardin Casabianca et \u00e0 l&rsquo;anis, ingr\u00e9dient&hellip;\n","protected":false},"author":2,"featured_media":220737,"comment_status":"","ping_status":"","sticky":false,"template":"","format":"standard","meta":{"footnotes":""},"categories":[2814],"tags":[1111,11,5702,902,1777,674,1011,27,884,12,7349,882,35979,25],"class_list":{"0":"post-220736","1":"post","2":"type-post","3":"status-publish","4":"format-standard","5":"has-post-thumbnail","7":"category-marseille","8":"tag-actu","9":"tag-actualites","10":"tag-alcool","11":"tag-cuisine","12":"tag-eu","13":"tag-europe","14":"tag-fr","15":"tag-france","16":"tag-marseille","17":"tag-news","18":"tag-pastis","19":"tag-provence-alpes-cote-dazur","20":"tag-pu00e9tanque","21":"tag-republique-francaise"},"share_on_mastodon":{"url":"https:\/\/pubeurope.com\/@fr\/114783812705918810","error":""},"_links":{"self":[{"href":"https:\/\/www.europesays.com\/fr\/wp-json\/wp\/v2\/posts\/220736","targetHints":{"allow":["GET"]}}],"collection":[{"href":"https:\/\/www.europesays.com\/fr\/wp-json\/wp\/v2\/posts"}],"about":[{"href":"https:\/\/www.europesays.com\/fr\/wp-json\/wp\/v2\/types\/post"}],"author":[{"embeddable":true,"href":"https:\/\/www.europesays.com\/fr\/wp-json\/wp\/v2\/users\/2"}],"replies":[{"embeddable":true,"href":"https:\/\/www.europesays.com\/fr\/wp-json\/wp\/v2\/comments?post=220736"}],"version-history":[{"count":0,"href":"https:\/\/www.europesays.com\/fr\/wp-json\/wp\/v2\/posts\/220736\/revisions"}],"wp:featuredmedia":[{"embeddable":true,"href":"https:\/\/www.europesays.com\/fr\/wp-json\/wp\/v2\/media\/220737"}],"wp:attachment":[{"href":"https:\/\/www.europesays.com\/fr\/wp-json\/wp\/v2\/media?parent=220736"}],"wp:term":[{"taxonomy":"category","embeddable":true,"href":"https:\/\/www.europesays.com\/fr\/wp-json\/wp\/v2\/categories?post=220736"},{"taxonomy":"post_tag","embeddable":true,"href":"https:\/\/www.europesays.com\/fr\/wp-json\/wp\/v2\/tags?post=220736"}],"curies":[{"name":"wp","href":"https:\/\/api.w.org\/{rel}","templated":true}]}}