{"id":220738,"date":"2025-07-02T13:12:11","date_gmt":"2025-07-02T13:12:11","guid":{"rendered":"https:\/\/www.europesays.com\/fr\/220738\/"},"modified":"2025-07-02T13:12:11","modified_gmt":"2025-07-02T13:12:11","slug":"des-pannes-delectricite-en-serie-dans-la-metropole-de-lyon","status":"publish","type":"post","link":"https:\/\/www.europesays.com\/fr\/220738\/","title":{"rendered":"des pannes d&rsquo;\u00e9lectricit\u00e9 en s\u00e9rie dans la M\u00e9tropole de Lyon"},"content":{"rendered":"<p>Pannes en s\u00e9rie cette nuit sur le r\u00e9seau \u00e9lectrique d&rsquo;Enedis. Il n&rsquo;y a pas que les corps qui sont soumis \u00e0 rude \u00e9preuve pendant cette p\u00e9riode de canicule (ce mercredi est d&rsquo;ailleurs annonc\u00e9 comme <a href=\"https:\/\/www.leprogres.fr\/environnement\/2025\/07\/02\/a-lyon-la-journee-la-plus-chaude-attendue-mercredi-l-episode-de-canicule-va-durer-jusqu-a-samedi\" target=\"_blank\" rel=\"nofollow noopener\">la journ\u00e9e la plus chaude<\/a> \u00e0 Lyon) les r\u00e9seaux enterr\u00e9s souffrent des conditions actuelles. Pour le moment, on ne sait pas si la chaleur est en cause dans toutes ces pannes.<\/p>\n<p>Une premi\u00e8re coupure a eu lieu dans le quartier Champvert, dans le 9\u1d49 arrondissement de Lyon, \u00e0 la limite avec le 5e. Selon nos informations, la panne \u00e9tait de courte dur\u00e9e et li\u00e9e \u00e0 la chaleur, de quoi couper vos ventilateurs, ce lundi 1er juillet vers 21h.<\/p>\n<p>L&rsquo;imprimerie du journal en gal\u00e8re&#8230;<\/p>\n<p>\u00c0 Chassieu, une panne a impact\u00e9 l&rsquo;imprimerie du Progr\u00e8s. Dans la nuit du mardi 1 juillet au mercredi 2 juillet, vers 3 heures du matin, quand les journaux prennent vie, une panne de courant a stopp\u00e9 les rotatives. Cons\u00e9quence dans les kiosques ce mercredi, nos \u00e9ditions locales ont \u00e9t\u00e9 regroup\u00e9es.<\/p>\n<p>Vers 6 h ce matin, plusieurs communes du sud lyonnais, dont Irigny ont\u00a0eux-aussi subi une panne en raison \u00ab d&rsquo;un incident de traitement sur le r\u00e9seau\u00bb. Un message a \u00e9t\u00e9 envoy\u00e9 aux usagers d&rsquo;Enedis, l&rsquo;\u00e9lectricit\u00e9 \u00e9tait coup\u00e9e entre 6h et 9h.<\/p>\n<p>La semaine derni\u00e8re, plus de 4 000 clients avaient \u00e9t\u00e9 coup\u00e9s entre Mermoz et Bron.<\/p>\n<p>Les d\u00e9tails de ces pannes n&rsquo;ont pas \u00e9t\u00e9 fournies par Enedis pour le moment, si la chaleur en est \u00e0 l&rsquo;origine pour la panne du 9e, les causes des autres incidents restent en suspens.<\/p>\n<p>C\u00e2bles enterr\u00e9s et composants \u00e9lectroniques des postes peuvent dysfonctionner provoquant surchauffe, et interruption du service.<\/p>\n","protected":false},"excerpt":{"rendered":"Pannes en s\u00e9rie cette nuit sur le r\u00e9seau \u00e9lectrique d&rsquo;Enedis. Il n&rsquo;y a pas que les corps qui&hellip;\n","protected":false},"author":2,"featured_media":220739,"comment_status":"","ping_status":"","sticky":false,"template":"","format":"standard","meta":{"footnotes":""},"categories":[1889],"tags":[1111,11,2430,6698,35980,3152,2757,3153,3154,893,1777,674,107,1011,27,26942,2428,24817,12,25,2429,104],"class_list":{"0":"post-220738","1":"post","2":"type-post","3":"status-publish","4":"format-standard","5":"has-post-thumbnail","7":"category-lyon","8":"tag-actu","9":"tag-actualites","10":"tag-auvergne-rhone-alpes","11":"tag-canicule","12":"tag-chassieu","13":"tag-edition-est-lyonnais","14":"tag-edition-lyon-villeurbanne","15":"tag-edition-ouest-lyonnais","16":"tag-edition-sud-lyonnais","17":"tag-energie","18":"tag-eu","19":"tag-europe","20":"tag-fil-info","21":"tag-fr","22":"tag-france","23":"tag-irigny","24":"tag-lyon","25":"tag-lyon-9e-arrondissement","26":"tag-news","27":"tag-republique-francaise","28":"tag-rhone","29":"tag-societe"},"share_on_mastodon":{"url":"https:\/\/pubeurope.com\/@fr\/114783816547341017","error":""},"_links":{"self":[{"href":"https:\/\/www.europesays.com\/fr\/wp-json\/wp\/v2\/posts\/220738","targetHints":{"allow":["GET"]}}],"collection":[{"href":"https:\/\/www.europesays.com\/fr\/wp-json\/wp\/v2\/posts"}],"about":[{"href":"https:\/\/www.europesays.com\/fr\/wp-json\/wp\/v2\/types\/post"}],"author":[{"embeddable":true,"href":"https:\/\/www.europesays.com\/fr\/wp-json\/wp\/v2\/users\/2"}],"replies":[{"embeddable":true,"href":"https:\/\/www.europesays.com\/fr\/wp-json\/wp\/v2\/comments?post=220738"}],"version-history":[{"count":0,"href":"https:\/\/www.europesays.com\/fr\/wp-json\/wp\/v2\/posts\/220738\/revisions"}],"wp:featuredmedia":[{"embeddable":true,"href":"https:\/\/www.europesays.com\/fr\/wp-json\/wp\/v2\/media\/220739"}],"wp:attachment":[{"href":"https:\/\/www.europesays.com\/fr\/wp-json\/wp\/v2\/media?parent=220738"}],"wp:term":[{"taxonomy":"category","embeddable":true,"href":"https:\/\/www.europesays.com\/fr\/wp-json\/wp\/v2\/categories?post=220738"},{"taxonomy":"post_tag","embeddable":true,"href":"https:\/\/www.europesays.com\/fr\/wp-json\/wp\/v2\/tags?post=220738"}],"curies":[{"name":"wp","href":"https:\/\/api.w.org\/{rel}","templated":true}]}}