{"id":220744,"date":"2025-07-02T13:15:10","date_gmt":"2025-07-02T13:15:10","guid":{"rendered":"https:\/\/www.europesays.com\/fr\/220744\/"},"modified":"2025-07-02T13:15:10","modified_gmt":"2025-07-02T13:15:10","slug":"greve-controleurs-aeriens-vols-annules-et-perturbations-jeudi","status":"publish","type":"post","link":"https:\/\/www.europesays.com\/fr\/220744\/","title":{"rendered":"Gr\u00e8ve contr\u00f4leurs a\u00e9riens : vols annul\u00e9s et perturbations jeudi"},"content":{"rendered":"<p><img loading=\"lazy\" decoding=\"async\" alt=\"\u00a9 Shutterstock - Un quart des vols vont \u00eatre supprim\u00e9s en \u00cele-de-France ce jeudi 3 juillet, jusqu\u2019\u00e0 la moiti\u00e9 dans certains a\u00e9roports du Sud.\" data-zoom-src=\"https:\/\/www.europesays.com\/fr\/wp-content\/uploads\/2025\/07\/initial-interieur-cabine-avion.jpg\" data-zoomable=\"\" height=\"702\" src=\"https:\/\/www.europesays.com\/fr\/wp-content\/uploads\/2025\/07\/initial-interieur-cabine-avion.jpg\" width=\"1248\"\/>  <\/p>\n<p class=\"article-desc\">\u00a9 Shutterstock &#8211; Un quart des vols vont \u00eatre supprim\u00e9s en \u00cele-de-France ce jeudi 3 juillet, jusqu\u2019\u00e0 la moiti\u00e9 dans certains a\u00e9roports du Sud. <\/p>\n<p>\u00c0 deux jours du grand chass\u00e9-crois\u00e9 des vacances d\u2019\u00e9t\u00e9, le <strong>trafic a\u00e9rien fran\u00e7ais<\/strong> s\u2019appr\u00eate \u00e0 vivre une journ\u00e9e noire jeudi 3 juillet, en raison d\u2019un <a href=\"https:\/\/mesinfos.fr\/ile-de-france\/greve-des-controleurs-aeriens-40-percent-des-vols-annules-a-orly-vendredi-185335.html\" rel=\"noopener nofollow\" target=\"_blank\">mouvement de gr\u00e8ve des contr\u00f4leurs a\u00e9riens<\/a>. La Direction g\u00e9n\u00e9rale de l\u2019aviation civile (DGAC) a d\u2019ores et d\u00e9j\u00e0 demand\u00e9 aux compagnies a\u00e9riennes de r\u00e9duire drastiquement leur programme de vols : <strong>25 % des vols annul\u00e9s \u00e0 Paris-Charles-de-Gaulle<\/strong>, <strong>Orly et Beauvais<\/strong>, et <strong>50 % \u00e0 Nice<\/strong>, Bastia et Calvi. <\/p>\n<p>D\u2019autres plateformes, comme <strong>Lyon, Marseille, Montpellier, Ajaccio et Figari<\/strong>, devront <strong>r\u00e9duire leur trafic de 30 %<\/strong>, selon un communiqu\u00e9 de la DGAC. Malgr\u00e9 ces mesures, l&rsquo;administration pr\u00e9vient : \u201cdes perturbations et des retards importants sont \u00e0 pr\u00e9voir sur l&rsquo;ensemble des a\u00e9roports fran\u00e7ais\u201d. <\/p>\n<p>Des tensions syndicales persistantes <\/p>\n<p>\u00c0 l\u2019origine de cette mobilisation, l\u2019<strong>UNSA-ICNA<\/strong>, deuxi\u00e8me syndicat des aiguilleurs du ciel (17 % des voix aux derni\u00e8res \u00e9lections), qui d\u00e9nonce un sous-effectif chronique, des projets techniques d\u00e9faillants et un management toxique. Le syndicat a maintenu son pr\u00e9avis de gr\u00e8ve pour jeudi et vendredi, apr\u00e8s deux tentatives de conciliation infructueuses avec la DGAC.<\/p>\n<p>Il est rejoint par l\u2019<strong>USAC-CGT<\/strong> (16 %), troisi\u00e8me syndicat du secteur, qui appelle \u00e0 la gr\u00e8ve uniquement jeudi. Le <strong>SNCTA, premier syndicat<\/strong> (60 %), ne s\u2019associe pas \u00e0 cette mobilisation. <\/p>\n<p>Les syndicats r\u00e9clament notamment des garanties sur les effectifs, une meilleure reconnaissance des conditions de travail, et plus de transparence sur les horaires et le contr\u00f4le de pr\u00e9sence, enjeu central d\u2019une r\u00e9forme en cours.<\/p>\n<p>  Une r\u00e9forme post-incident qui attise les tensions <\/p>\n<p>Cette r\u00e9forme fait suite \u00e0 un grave incident survenu fin 2022 \u00e0 l\u2019a\u00e9roport de Bordeaux, o\u00f9 deux avions ont \u00e9vit\u00e9 de peu une collision. Le Bureau d&rsquo;enqu\u00eates et d\u2019analyses (BEA) a point\u00e9 une <strong>organisation du travail d\u00e9faillante<\/strong>, hors cadre l\u00e9gal et sans contr\u00f4le clair des plannings. La<strong> DGAC<\/strong> souhaite d\u00e9sormais formaliser le <strong>pointage \u00e0 la prise de poste<\/strong>, ce que certains syndicats per\u00e7oivent comme une mise sous surveillance. <\/p>\n<p>En parall\u00e8le, la DGAC rappelle qu\u2019un accord salarial a \u00e9t\u00e9 sign\u00e9 en 2024 avec la majorit\u00e9 des syndicats, comprenant des revalorisations de salaire qui commencent \u00e0 \u00eatre appliqu\u00e9es, malgr\u00e9 un contexte budg\u00e9taire tendu.<\/p>\n<p> Un impact massif sur les usagers <\/p>\n<p>La DGAC travaille avec <strong>Eurocontrol<\/strong> pour d\u00e9tourner certains vols hors de l\u2019espace a\u00e9rien fran\u00e7ais, mais les perturbations devraient affecter l\u2019ensemble du territoire. Cette gr\u00e8ve intervient alors que les 3 et 4 juillet figurent parmi les journ\u00e9es les plus charg\u00e9es de l\u2019ann\u00e9e en raison des grands d\u00e9parts. <\/p>\n<p>Les compagnies a\u00e9riennes fran\u00e7aises, r\u00e9unies mercredi \u00e0 Paris pour le congr\u00e8s annuel de la <strong>F\u00e9d\u00e9ration nationale de l\u2019aviation et de ses m\u00e9tiers<\/strong> (Fnam), tiendront ces revendications au centre des discussions. L\u2019\u00e9v\u00e9nement se tiendra ironiquement au si\u00e8ge m\u00eame de la DGAC, alors que les <a href=\"https:\/\/mesinfos.fr\/reforme-des-retraites-preavis-de-greve-des-controleurs-aeriens-pour-le-1er-mai-150822.html\" rel=\"noopener nofollow\" target=\"_blank\">aiguilleurs du ciel <\/a>s\u2019appr\u00eatent \u00e0 paralyser une partie du ciel fran\u00e7ais. Les passagers sont invit\u00e9s \u00e0 v\u00e9rifier le statut de leur vol et \u00e0 anticiper d\u2019\u00e9ventuelles modifications ou annulations dans les jours \u00e0 venir.<\/p>\n","protected":false},"excerpt":{"rendered":"\u00a9 Shutterstock &#8211; Un quart des vols vont \u00eatre supprim\u00e9s en \u00cele-de-France ce jeudi 3 juillet, jusqu\u2019\u00e0 la&hellip;\n","protected":false},"author":2,"featured_media":220745,"comment_status":"","ping_status":"","sticky":false,"template":"","format":"standard","meta":{"footnotes":""},"categories":[1592],"tags":[1111,11,7182,1777,674,1011,27,662,12,626,25],"class_list":{"0":"post-220744","1":"post","2":"type-post","3":"status-publish","4":"format-standard","5":"has-post-thumbnail","7":"category-ile-de-france","8":"tag-actu","9":"tag-actualites","10":"tag-aviation","11":"tag-eu","12":"tag-europe","13":"tag-fr","14":"tag-france","15":"tag-ile-de-france","16":"tag-news","17":"tag-paris","18":"tag-republique-francaise"},"share_on_mastodon":{"url":"https:\/\/pubeurope.com\/@fr\/114783828325166210","error":""},"_links":{"self":[{"href":"https:\/\/www.europesays.com\/fr\/wp-json\/wp\/v2\/posts\/220744","targetHints":{"allow":["GET"]}}],"collection":[{"href":"https:\/\/www.europesays.com\/fr\/wp-json\/wp\/v2\/posts"}],"about":[{"href":"https:\/\/www.europesays.com\/fr\/wp-json\/wp\/v2\/types\/post"}],"author":[{"embeddable":true,"href":"https:\/\/www.europesays.com\/fr\/wp-json\/wp\/v2\/users\/2"}],"replies":[{"embeddable":true,"href":"https:\/\/www.europesays.com\/fr\/wp-json\/wp\/v2\/comments?post=220744"}],"version-history":[{"count":0,"href":"https:\/\/www.europesays.com\/fr\/wp-json\/wp\/v2\/posts\/220744\/revisions"}],"wp:featuredmedia":[{"embeddable":true,"href":"https:\/\/www.europesays.com\/fr\/wp-json\/wp\/v2\/media\/220745"}],"wp:attachment":[{"href":"https:\/\/www.europesays.com\/fr\/wp-json\/wp\/v2\/media?parent=220744"}],"wp:term":[{"taxonomy":"category","embeddable":true,"href":"https:\/\/www.europesays.com\/fr\/wp-json\/wp\/v2\/categories?post=220744"},{"taxonomy":"post_tag","embeddable":true,"href":"https:\/\/www.europesays.com\/fr\/wp-json\/wp\/v2\/tags?post=220744"}],"curies":[{"name":"wp","href":"https:\/\/api.w.org\/{rel}","templated":true}]}}