{"id":220746,"date":"2025-07-02T13:16:09","date_gmt":"2025-07-02T13:16:09","guid":{"rendered":"https:\/\/www.europesays.com\/fr\/220746\/"},"modified":"2025-07-02T13:16:09","modified_gmt":"2025-07-02T13:16:09","slug":"femme-frappee-au-sol-pendant-la-fete-de-la-musique-a-paris-quatre-hommes-interpelles","status":"publish","type":"post","link":"https:\/\/www.europesays.com\/fr\/220746\/","title":{"rendered":"Femme frapp\u00e9e au sol pendant la f\u00eate de la musique \u00e0 Paris : quatre hommes interpell\u00e9s"},"content":{"rendered":"<p>            Par<br \/>\n        <strong><br \/>\n            <a href=\"https:\/\/actu.fr\/auteur\/antoine-blanchet\" title=\"Consulter tous les articles de Antoine Blanchet\" target=\"_blank\" rel=\"noopener\">Antoine Blanchet<\/a><br \/>\n        <\/strong><\/p>\n<p>        Publi\u00e9 le<\/p>\n<p>            2 juil. 2025 \u00e0 14h35        <\/p>\n<p>La vid\u00e9o des faits avait profond\u00e9ment choqu\u00e9 sur les r\u00e9seaux. Ce mercredi 2\u00a0juillet 2025, quatre hommes ont \u00e9t\u00e9 interpell\u00e9s dans plusieurs communes d\u2019\u00cele-de-France. Ils sont suspect\u00e9s <strong>d\u2019avoir frapp\u00e9 plusieurs personnes<\/strong> durant la <a href=\"https:\/\/actu.fr\/tag\/fete-de-la-musique\" target=\"_blank\" rel=\"noopener\">f\u00eate de la musique<\/a> \u00e0 <a href=\"https:\/\/actu.fr\/paris\/\" target=\"_blank\" rel=\"noopener\">Paris<\/a> le 21\u00a0juin dernier, nous indique le parquet, confirmant une information de <a href=\"https:\/\/www.rtl.fr\/actu\/justice-faits-divers\/info-rtl-video-choc-de-l-agression-d-une-femme-lors-de-la-fete-de-la-musique-4-personnes-interpellees-en-ile-de-france-7900520883\" target=\"_blank\" rel=\"noopener\">RTL<\/a>. Une partie de l\u2019agression, film\u00e9e, montrait une jeune femme molest\u00e9e par un homme en t-shirt bleu. Ce dernier fait partie des suspects arr\u00eat\u00e9s. Ils sont \u00e2g\u00e9s de 22 \u00e0 28 ans.<\/p>\n<p>De multiples coups port\u00e9s<\/p>\n<p class=\" wall-content\">Dans des circonstances qui restent \u00e0 \u00e9claircir, un homme a re\u00e7u un coup par l\u2019individu en t-shirt bleu lors de la f\u00eate de la musique. C\u2019est alors qu\u2019une femme a tent\u00e9 de s\u2019interposer. Elle a \u00e9t\u00e9 projet\u00e9e au sol par deux autres hommes. L\u2019un porteur d\u2019un maillot du <a href=\"https:\/\/actu.fr\/tag\/paris-saint-germain-psg\" target=\"_blank\" rel=\"noopener\">Paris Saint-Germain<\/a> et l\u2019autre affubl\u00e9 d\u2019un t-shirt bariol\u00e9. L\u2019individu en bleu lui a ensuite port\u00e9 un coup de pied au visage. Le sac de la victime a aussi \u00e9t\u00e9 d\u00e9rob\u00e9 par un quatri\u00e8me suspect. L\u2019homme au t-shirt bleu immortalis\u00e9 par la vid\u00e9o a aussi frapp\u00e9 une troisi\u00e8me victime au visage.<\/p>\n<p>Retrouv\u00e9s via la t\u00e9l\u00e9phonie<\/p>\n<p class=\" wall-content\">Dans un premier temps, le quatuor n\u2019est pas retrouv\u00e9. Pourtant, deux d\u2019entre eux sont revenus sur le lieu des violences peu apr\u00e8s les faits. La raison\u2009: <strong>ils avaient laiss\u00e9 un t\u00e9l\u00e9phone sur place<\/strong>. Tomb\u00e9s nez \u00e0 nez avec des policiers, les deux individus \u00e9taient repartis libres, car sur le moment, aucun \u00e9l\u00e9ment ne permettait de les interpeller.<\/p>\n<p class=\" wall-content\">Ce n\u2019est qu\u2019apr\u00e8s la diffusion de la vid\u00e9o que la <strong>s\u00fbret\u00e9 territoriale<\/strong> s\u2019est mis \u00e0 rechercher les auteurs et les victimes. Ces derni\u00e8res ont \u00e9t\u00e9 vite retrouv\u00e9es. Deux d\u2019entre elles se sont vues octroyer cinq jours d\u2019incapacit\u00e9 totale de travail. Toutes ont port\u00e9 plainte. Quant aux quatre suspects, c\u2019est notamment l\u2019exploitation des lignes t\u00e9l\u00e9phoniques qui a permis leur interpellation.<\/p>\n<p class=\" wall-content\">Suivez toute l\u2019actualit\u00e9 de vos villes et m\u00e9dias favoris en vous inscrivant \u00e0 <a href=\"https:\/\/moncompte.actu.fr\" title=\"D\u00e9couvez Mon Actu\" rel=\"nofollow noopener\" data-trk=\"{&quot;cta&quot;:{&quot;action&quot;:&quot;https:\\\/\\\/moncompte.actu.fr&quot;,&quot;category&quot;:&quot;mon compte&quot;,&quot;from&quot;:&quot;article footer&quot;,&quot;name&quot;:&quot;Mon actu&quot;,&quot;type&quot;:&quot;cta&quot;}}\" target=\"_blank\">Mon Actu<\/a>.<\/p>\n<ul class=\"ac-article-tag wall-content\">\n<li><a href=\"https:\/\/actu.fr\/tag\/fete-de-la-musique\" data-trk=\"{&quot;cta&quot;:{&quot;action&quot;:&quot;F\\u00eate de la musique&quot;,&quot;category&quot;:&quot;tag&quot;,&quot;from&quot;:&quot;article footer&quot;,&quot;name&quot;:&quot;F\\u00eate de la musique&quot;,&quot;type&quot;:&quot;cta&quot;}}\" target=\"_blank\" rel=\"noopener\">#F\u00eate de la musique<\/a><\/li>\n<li><a href=\"https:\/\/actu.fr\/tag\/police\" data-trk=\"{&quot;cta&quot;:{&quot;action&quot;:&quot;Police&quot;,&quot;category&quot;:&quot;tag&quot;,&quot;from&quot;:&quot;article footer&quot;,&quot;name&quot;:&quot;Police&quot;,&quot;type&quot;:&quot;cta&quot;}}\" target=\"_blank\" rel=\"noopener\">#Police<\/a><\/li>\n<\/ul>\n","protected":false},"excerpt":{"rendered":"Par Antoine Blanchet Publi\u00e9 le 2 juil. 2025 \u00e0 14h35 La vid\u00e9o des faits avait profond\u00e9ment choqu\u00e9 sur&hellip;\n","protected":false},"author":2,"featured_media":220747,"comment_status":"","ping_status":"","sticky":false,"template":"","format":"standard","meta":{"footnotes":""},"categories":[1888],"tags":[1111,1928,11,1927,1777,674,118,25885,1011,27,12,1926,626,1925,1072,25],"class_list":{"0":"post-220746","1":"post","2":"type-post","3":"status-publish","4":"format-standard","5":"has-post-thumbnail","7":"category-paris","8":"tag-actu","9":"tag-actu-paris","10":"tag-actualites","11":"tag-actualites-paris","12":"tag-eu","13":"tag-europe","14":"tag-faits-divers","15":"tag-fete-de-la-musique","16":"tag-fr","17":"tag-france","18":"tag-news","19":"tag-news-paris","20":"tag-paris","21":"tag-paris-news","22":"tag-police","23":"tag-republique-francaise"},"share_on_mastodon":{"url":"https:\/\/pubeurope.com\/@fr\/114783832595089750","error":""},"_links":{"self":[{"href":"https:\/\/www.europesays.com\/fr\/wp-json\/wp\/v2\/posts\/220746","targetHints":{"allow":["GET"]}}],"collection":[{"href":"https:\/\/www.europesays.com\/fr\/wp-json\/wp\/v2\/posts"}],"about":[{"href":"https:\/\/www.europesays.com\/fr\/wp-json\/wp\/v2\/types\/post"}],"author":[{"embeddable":true,"href":"https:\/\/www.europesays.com\/fr\/wp-json\/wp\/v2\/users\/2"}],"replies":[{"embeddable":true,"href":"https:\/\/www.europesays.com\/fr\/wp-json\/wp\/v2\/comments?post=220746"}],"version-history":[{"count":0,"href":"https:\/\/www.europesays.com\/fr\/wp-json\/wp\/v2\/posts\/220746\/revisions"}],"wp:featuredmedia":[{"embeddable":true,"href":"https:\/\/www.europesays.com\/fr\/wp-json\/wp\/v2\/media\/220747"}],"wp:attachment":[{"href":"https:\/\/www.europesays.com\/fr\/wp-json\/wp\/v2\/media?parent=220746"}],"wp:term":[{"taxonomy":"category","embeddable":true,"href":"https:\/\/www.europesays.com\/fr\/wp-json\/wp\/v2\/categories?post=220746"},{"taxonomy":"post_tag","embeddable":true,"href":"https:\/\/www.europesays.com\/fr\/wp-json\/wp\/v2\/tags?post=220746"}],"curies":[{"name":"wp","href":"https:\/\/api.w.org\/{rel}","templated":true}]}}