{"id":220756,"date":"2025-07-02T13:21:09","date_gmt":"2025-07-02T13:21:09","guid":{"rendered":"https:\/\/www.europesays.com\/fr\/220756\/"},"modified":"2025-07-02T13:21:09","modified_gmt":"2025-07-02T13:21:09","slug":"de-la-finlande-a-lukraine-pourquoi-les-mines-antipersonnel-font-leur-retour-en-europe","status":"publish","type":"post","link":"https:\/\/www.europesays.com\/fr\/220756\/","title":{"rendered":"De la Finlande \u00e0 l\u2019Ukraine, pourquoi les mines antipersonnel font leur retour en Europe"},"content":{"rendered":"<p><strong>D\u00c9CRYPTAGE &#8211;<\/strong> Le pr\u00e9sident ukrainien Volodymyr Zelensky a annonc\u00e9 que l\u2019Ukraine allait se retirer de la convention d\u2019Ottawa.<\/p>\n<p class=\"fig-paragraph\">Les mines font leur retour en Europe. Dimanche, le pr\u00e9sident ukrainien Volodymyr Zelensky a annonc\u00e9 sa d\u00e9cision de retirer l\u2019Ukraine de la\u00a0<a href=\"https:\/\/geneva-s3.unoda.org\/static-unoda-site\/pages\/templates\/anti-personnel-landmines-convention\/Convention_d_Ottawa_Francais.pdf\" target=\"_blank\" rel=\"nofollow noopener\" data-gtm-custom-categorie=\"navigation\" data-gtm-custom-action=\"crossclick\" data-gtm-custom-label=\"Contextuel\" data-gtm-event=\"customEventSPE\">convention\u00a0d\u2019Ottawa<\/a>, qui avait banni l\u2019usage\u00a0<a href=\"https:\/\/www.lefigaro.fr\/international\/syrie-ukraine-birmanie-les-mines-antipersonnel-de-retour-sur-les-champs-de-bataille-20231115\" target=\"_blank\" data-fig-type=\"Article\" rel=\"noopener nofollow\" data-gtm-custom-categorie=\"navigation\" data-gtm-custom-action=\"crossclick\" data-gtm-custom-label=\"Contextuel\" data-gtm-event=\"customEventSPE\" data-fig-domain=\"LEFIGARO\">des\u00a0mines\u00a0antipersonnel<\/a>\u00a0il y a trois d\u00e9cennies. Son pays avait ratifi\u00e9 le trait\u00e9 en 2005\u2026 \u00ab\u00a0Le combat contre les mines avait re\u00e7u le prix Nobel en 1997\u00a0\u00bb, se d\u00e9sesp\u00e8re Gilles Lordet, porte-parole de Handicap international, l\u2019une des ONG colaur\u00e9ates. Depuis, la parenth\u00e8se de paix post-guerre froide s\u2019est referm\u00e9e.<\/p>\n<p class=\"fig-paragraph\">L\u2019Ukraine est le sixi\u00e8me \u00c9tat europ\u00e9en, apr\u00e8s les trois pays Baltes, la Pologne et la Finlande, \u00e0 annoncer son retrait de la convention. \u00ab\u00a0Le droit humanitaire international traverse des vents mauvais. L\u2019effet domino a commenc\u00e9\u00a0\u00bb, poursuit Gilles Lordet. Lors de la derni\u00e8re r\u00e9union de suivi aux Nations unies, d\u00e9but juin, \u00ab\u00a0nous esp\u00e9rions des paroles fortes pour d\u00e9fendre le trait\u00e9. Mais les \u00c9tats occidentaux ont plut\u00f4t fait preuve de mollesse\u2026\u00a0\u00bb, soupire-t-il. Seule la Norv\u00e8ge, parmi\u2026<\/p>\n<p class=\"fig-premium-paywall__infos\">\n        Cet article est r\u00e9serv\u00e9 aux abonn\u00e9s.        Il vous reste 84% \u00e0 d\u00e9couvrir.\n    <\/p>\n<p>                <img  data- alt=\"Le Figaro\" class=\"fig-img--complete fig-img\"\/><\/p>\n<p class=\"fig-premium-paywall__title\">Vous avez envie de lire la suite ?<\/p>\n<p class=\"fig-premium-paywall__subtitle\">D\u00e9bloquez tous les articles imm\u00e9diatement.<\/p>\n<p class=\"fig-premium-paywall__connect\">\n                D\u00e9j\u00e0 abonn\u00e9\u00a0?                <a class=\"fig-premium-paywall__connect-link\" href=\"https:\/\/connect.lefigaro.fr\/login?client=horizon_web&amp;type=main&amp;redirect_uri=https%3A%2F%2Fwww.lefigaro.fr%2Finternational%2Fde-la-finlande-a-l-ukraine-pourquoi-les-mines-antipersonnel-font-leur-retour-en-europe-20250702\" data-js-gtm=\"{&quot;customCategorie&quot;: &quot;conversion&quot;, &quot;customAction&quot;: &quot;before_Landing_Connexion_paywall_auto&quot;, &quot;customLabel&quot;: &quot;bGVmaWdhcm8uZnJfXzFmMDU3MjcxLTM2MDMtNjZmZS04YjNjLTRkOGJhZjcwOWI4OV9fQXJ0aWNsZQ==_De la Finlande \u00e0 l\u2019Ukraine, pourquoi les mines antipersonnel font leur retour en Europe_497&quot;, &quot;customIDSPE&quot;: &quot;bGVmaWdhcm8uZnJfXzFmMDU3MjcxLTM2MDMtNjZmZS04YjNjLTRkOGJhZjcwOWI4OV9fQXJ0aWNsZQ==&quot;, &quot;event&quot;: &quot;customEventSPE&quot;}\" rel=\"nofollow noopener\" target=\"_blank\"><br \/>\n                    Connectez-vous<br \/>\n                <\/a>\n            <\/p>\n","protected":false},"excerpt":{"rendered":"D\u00c9CRYPTAGE &#8211; Le pr\u00e9sident ukrainien Volodymyr Zelensky a annonc\u00e9 que l\u2019Ukraine allait se retirer de la convention d\u2019Ottawa.&hellip;\n","protected":false},"author":2,"featured_media":220757,"comment_status":"","ping_status":"","sticky":false,"template":"","format":"standard","meta":{"footnotes":""},"categories":[1590],"tags":[11,554,1777,674,12,220],"class_list":{"0":"post-220756","1":"post","2":"type-post","3":"status-publish","4":"format-standard","5":"has-post-thumbnail","7":"category-ukraine","8":"tag-actualites","9":"tag-defense","10":"tag-eu","11":"tag-europe","12":"tag-news","13":"tag-ukraine"},"share_on_mastodon":{"url":"https:\/\/pubeurope.com\/@fr\/114783851977916699","error":""},"_links":{"self":[{"href":"https:\/\/www.europesays.com\/fr\/wp-json\/wp\/v2\/posts\/220756","targetHints":{"allow":["GET"]}}],"collection":[{"href":"https:\/\/www.europesays.com\/fr\/wp-json\/wp\/v2\/posts"}],"about":[{"href":"https:\/\/www.europesays.com\/fr\/wp-json\/wp\/v2\/types\/post"}],"author":[{"embeddable":true,"href":"https:\/\/www.europesays.com\/fr\/wp-json\/wp\/v2\/users\/2"}],"replies":[{"embeddable":true,"href":"https:\/\/www.europesays.com\/fr\/wp-json\/wp\/v2\/comments?post=220756"}],"version-history":[{"count":0,"href":"https:\/\/www.europesays.com\/fr\/wp-json\/wp\/v2\/posts\/220756\/revisions"}],"wp:featuredmedia":[{"embeddable":true,"href":"https:\/\/www.europesays.com\/fr\/wp-json\/wp\/v2\/media\/220757"}],"wp:attachment":[{"href":"https:\/\/www.europesays.com\/fr\/wp-json\/wp\/v2\/media?parent=220756"}],"wp:term":[{"taxonomy":"category","embeddable":true,"href":"https:\/\/www.europesays.com\/fr\/wp-json\/wp\/v2\/categories?post=220756"},{"taxonomy":"post_tag","embeddable":true,"href":"https:\/\/www.europesays.com\/fr\/wp-json\/wp\/v2\/tags?post=220756"}],"curies":[{"name":"wp","href":"https:\/\/api.w.org\/{rel}","templated":true}]}}