{"id":220760,"date":"2025-07-02T13:23:12","date_gmt":"2025-07-02T13:23:12","guid":{"rendered":"https:\/\/www.europesays.com\/fr\/220760\/"},"modified":"2025-07-02T13:23:12","modified_gmt":"2025-07-02T13:23:12","slug":"allemagne-et-royaume-uni-signature-prochaine-dun-pacte-de-defense-mutuelle-selon-politico","status":"publish","type":"post","link":"https:\/\/www.europesays.com\/fr\/220760\/","title":{"rendered":"Allemagne et Royaume-Uni\u00a0: signature prochaine d&rsquo;un pacte de d\u00e9fense mutuelle, selon Politico"},"content":{"rendered":"<p>L&rsquo;Allemagne et le Royaume-Uni s&rsquo;appr\u00eatent \u00e0 signer, le 17 juillet prochain, un trait\u00e9 de d\u00e9fense comprenant une clause d&rsquo;assistance mutuelle en cas de menace visant l&rsquo;un des deux pays, rapporte le site d&rsquo;information Politico mercredi.<\/p>\n<p>\nCette annonce intervient pr\u00e8s d&rsquo;un an apr\u00e8s la d\u00e9claration conjointe du Premier ministre britannique Keir Starmer et de l&rsquo;ancien chancelier allemand Olaf Scholz, qui s&rsquo;\u00e9taient engag\u00e9s \u00e0 renforcer leur coop\u00e9ration dans des domaines allant du commerce \u00e0 la s\u00e9curit\u00e9.<\/p>\n<p>\nD&rsquo;apr\u00e8s Politico, cet accord global est aujourd&rsquo;hui en phase de finalisation, la d\u00e9fense constituant l&rsquo;un des axes strat\u00e9giques majeurs.<\/p>\n<p>\nLe trait\u00e9 inclura une disposition stipulant que toute menace strat\u00e9gique envers l&rsquo;un des deux pays sera consid\u00e9r\u00e9e comme une menace envers l&rsquo;autre. Selon deux responsables bas\u00e9s \u00e0 Londres cit\u00e9s par Politico, la signature officielle est attendue le 17 juillet.<\/p>\n<p>\nBien que l&rsquo;Allemagne et le Royaume-Uni demeurent engag\u00e9s au sein de l&rsquo;OTAN, cet accord de d\u00e9fense souligne une \u00e9volution de la posture des \u00c9tats europ\u00e9ens, dont l&rsquo;Allemagne dirig\u00e9e par le chancelier Friedrich Merz, qui souhaitent renforcer leur coop\u00e9ration et diminuer leur d\u00e9pendance vis-\u00e0-vis des \u00c9tats-Unis sous la pr\u00e9sidence de Donald Trump.<\/p>\n<p>\nInterrog\u00e9 mercredi lors d&rsquo;une conf\u00e9rence de presse gouvernementale \u00e0 Berlin sur les informations de Politico, un porte-parole du minist\u00e8re allemand de la D\u00e9fense a indiqu\u00e9 ne disposer d&rsquo;aucun \u00e9l\u00e9ment nouveau \u00e0 communiquer.<\/p>\n<p>\nL&rsquo;Allemagne et le Royaume-Uni avaient entam\u00e9 en ao\u00fbt 2024 des n\u00e9gociations en vue d&rsquo;un trait\u00e9 bilat\u00e9ral couvrant un large spectre de domaines, de la coop\u00e9ration en mati\u00e8re de d\u00e9fense et de s\u00e9curit\u00e9 \u00e0 l&#8217;emploi et la croissance \u00e9conomique.<\/p>\n<p>\n\u00ab\u00a0Nous sommes dans la phase finale de la conclusion du trait\u00e9\u00a0\u00bb, a d\u00e9clar\u00e9 un porte-parole du minist\u00e8re allemand des Affaires \u00e9trang\u00e8res lors de la m\u00eame conf\u00e9rence de presse, pr\u00e9cisant que le cabinet allemand devrait valider le texte avant la fin du mois de juillet.<\/p>\n<p>\nLe gouvernement britannique n&rsquo;a pas imm\u00e9diatement r\u00e9agi \u00e0 une demande de commentaire.<\/p>\n","protected":false},"excerpt":{"rendered":"L&rsquo;Allemagne et le Royaume-Uni s&rsquo;appr\u00eatent \u00e0 signer, le 17 juillet prochain, un trait\u00e9 de d\u00e9fense comprenant une clause&hellip;\n","protected":false},"author":2,"featured_media":220761,"comment_status":"","ping_status":"","sticky":false,"template":"","format":"standard","meta":{"footnotes":""},"categories":[1588],"tags":[11,340,1777,674,12,473,1853,1851,1850,1852],"class_list":{"0":"post-220760","1":"post","2":"type-post","3":"status-publish","4":"format-standard","5":"has-post-thumbnail","7":"category-royaume-uni","8":"tag-actualites","9":"tag-bourse","10":"tag-eu","11":"tag-europe","12":"tag-news","13":"tag-royaume-uni","14":"tag-royaume-uni-de-grande-bretagne-et-dirlande-du-nord","15":"tag-uk","16":"tag-united-kingdom","17":"tag-united-kingdom-of-great-britain-and-northern-ireland"},"share_on_mastodon":{"url":"https:\/\/pubeurope.com\/@fr\/114783859865619511","error":""},"_links":{"self":[{"href":"https:\/\/www.europesays.com\/fr\/wp-json\/wp\/v2\/posts\/220760","targetHints":{"allow":["GET"]}}],"collection":[{"href":"https:\/\/www.europesays.com\/fr\/wp-json\/wp\/v2\/posts"}],"about":[{"href":"https:\/\/www.europesays.com\/fr\/wp-json\/wp\/v2\/types\/post"}],"author":[{"embeddable":true,"href":"https:\/\/www.europesays.com\/fr\/wp-json\/wp\/v2\/users\/2"}],"replies":[{"embeddable":true,"href":"https:\/\/www.europesays.com\/fr\/wp-json\/wp\/v2\/comments?post=220760"}],"version-history":[{"count":0,"href":"https:\/\/www.europesays.com\/fr\/wp-json\/wp\/v2\/posts\/220760\/revisions"}],"wp:featuredmedia":[{"embeddable":true,"href":"https:\/\/www.europesays.com\/fr\/wp-json\/wp\/v2\/media\/220761"}],"wp:attachment":[{"href":"https:\/\/www.europesays.com\/fr\/wp-json\/wp\/v2\/media?parent=220760"}],"wp:term":[{"taxonomy":"category","embeddable":true,"href":"https:\/\/www.europesays.com\/fr\/wp-json\/wp\/v2\/categories?post=220760"},{"taxonomy":"post_tag","embeddable":true,"href":"https:\/\/www.europesays.com\/fr\/wp-json\/wp\/v2\/tags?post=220760"}],"curies":[{"name":"wp","href":"https:\/\/api.w.org\/{rel}","templated":true}]}}