{"id":220762,"date":"2025-07-02T13:24:12","date_gmt":"2025-07-02T13:24:12","guid":{"rendered":"https:\/\/www.europesays.com\/fr\/220762\/"},"modified":"2025-07-02T13:24:12","modified_gmt":"2025-07-02T13:24:12","slug":"lambassade-dallemagne-au-kosovo-repond-a-petkovic-nettoyez-dabord-devant-votre-porte","status":"publish","type":"post","link":"https:\/\/www.europesays.com\/fr\/220762\/","title":{"rendered":"L&rsquo;ambassade d&rsquo;Allemagne au Kosovo r\u00e9pond \u00e0 Petkovic\u00a0: \u00ab\u00a0Nettoyez d&rsquo;abord devant votre porte\u00a0\u00bb"},"content":{"rendered":"<p>L&rsquo;ambassade d&rsquo;Allemagne au Kosovo a r\u00e9agi aux propos du directeur du Bureau pour le Kosovo au sein du gouvernement serbe, Petar Petkovic, en d\u00e9clarant que la r\u00e9duction des tensions devrait s&rsquo;appliquer de mani\u00e8re \u00e9gale au Kosovo et \u00e0 la Serbie.\u00a0<\/p>\n<p>Petkovic s&rsquo;est plaint apr\u00e8s que les autorit\u00e9s du Kosovo ont pos\u00e9 les premi\u00e8res pierres pour la construction de deux nouveaux ponts sur la rivi\u00e8re Ibar.\u00a0<\/p>\n<p>L&rsquo;ambassade d&rsquo;Allemagne a appel\u00e9 le gouvernement du Kosovo \u00e0 s&rsquo;abstenir de toute escalade des actions, mais a mentionn\u00e9 \u00e0 Petkovic l&rsquo;\u00e9chec de la Serbie \u00e0 traduire en justice les responsables de l&rsquo;attaque de Banjska en septembre 2023, au cours de laquelle le sergent de police Afrim Bunjaku a \u00e9t\u00e9 tu\u00e9.<\/p>\n<p>Comme nous l&rsquo;avons indiqu\u00e9 \u00e0 plusieurs reprises dans nos pr\u00e9c\u00e9dentes r\u00e9ponses, nous appelons le gouvernement du Kosovo \u00e0 s&rsquo;abstenir de toute escalade. Cependant, l&rsquo;appel \u00e0 une r\u00e9duction des tensions devrait s&rsquo;appliquer de la m\u00eame mani\u00e8re aux deux parties. Ce n&rsquo;est certainement pas le gouvernement du Kosovo qui ne met pas en \u0153uvre les mesures juridiques contre les responsables de l&rsquo;horrible attaque de Banjska. Le fait que le chef autoproclam\u00e9 de cette attaque, le Serbe du Kosovo et ancien chef adjoint de la Liste serbe, Milan Rado\u010di\u0107, ait publiquement reconnu sa responsabilit\u00e9 tout en continuant \u00e0 circuler librement sur le territoire serbe compromet profond\u00e9ment les efforts visant \u00e0 instaurer la confiance et la responsabilisation dans la r\u00e9gion \u00bb, a d\u00e9clar\u00e9 l&rsquo;ambassade d&rsquo;Allemagne. \u00ab En allemand, on dit : \u00ab\u00a0Erstmal vor der eigenen hausturh kehren\u00a0\u00bb \u2013 \u00ab\u00a0Balayer d&rsquo;abord sa propre porte d&rsquo;entr\u00e9e\u00a0\u00bb. Dans la situation actuelle, ce proverbe nous rappelle qu&rsquo;il faut mettre de l&rsquo;ordre chez soi avant de critiquer constamment le Kosovo pour ses d\u00e9cisions. \u00bb\u00a0<\/p>\n<p>L&rsquo;ambassade a d\u00e9clar\u00e9 que l&rsquo;inaction de la Serbie dans la poursuite des d\u00e9linquants violents est aussi regrettable et contreproductive que toutes les mesures non coordonn\u00e9es prises par la partie kosovare.\u00a0<\/p>\n<p>Petkovic, dans une d\u00e9claration \u00e0 \u00ab Tanjug \u00bb, a d\u00e9clar\u00e9 que le Premier ministre par int\u00e9rim du Kosovo, Albin Kurti, mettait en danger \u00ab la survie des Serbes au Kosovo \u00bb.\u00a0<\/p>\n<p>Il a d\u00e9clar\u00e9 qu&rsquo;\u00ab aucun Serbe n&rsquo;approuve la construction de ponts \u00bb et a qualifi\u00e9 la d\u00e9cision de \u00ab partisane \u00bb. Petkovic a ajout\u00e9 qu&rsquo;il avait \u00e9galement \u00e9voqu\u00e9 cette question avec l&rsquo;envoy\u00e9 de l&rsquo;Union europ\u00e9enne pour le dialogue Kosovo-Serbie, Peter Sorensen.\u00a0<\/p>\n<p>\u00ab\u00a0Il s&rsquo;agit d&rsquo;une d\u00e9cision du parti Vet\u00ebvendosje aux cons\u00e9quences catastrophiques. En annon\u00e7ant l&rsquo;ouverture des ponts en octobre, avant les \u00e9lections locales, Kurti place d\u00e9lib\u00e9r\u00e9ment la question de la s\u00e9curit\u00e9 au service de la campagne \u00e9lectorale. C&rsquo;est pourquoi il est pass\u00e9 directement de la r\u00e9union du Processus de Berlin \u00e0 la pose de la premi\u00e8re pierre, d\u00e9montrant ainsi que la construction de la paix et de la coop\u00e9ration ne lui importe pas\u00a0! L&rsquo;UE doit stopper Kurti dans ses projets avant qu&rsquo;il ne soit trop tard\u00a0\u00bb, a d\u00e9clar\u00e9 Petkovic.<\/p>\n","protected":false},"excerpt":{"rendered":"L&rsquo;ambassade d&rsquo;Allemagne au Kosovo a r\u00e9agi aux propos du directeur du Bureau pour le Kosovo au sein du&hellip;\n","protected":false},"author":2,"featured_media":220763,"comment_status":"","ping_status":"","sticky":false,"template":"","format":"standard","meta":{"footnotes":""},"categories":[1587],"tags":[11,672,1804,1805,1803,1777,674,1801,12,1802],"class_list":{"0":"post-220762","1":"post","2":"type-post","3":"status-publish","4":"format-standard","5":"has-post-thumbnail","7":"category-allemagne","8":"tag-actualites","9":"tag-allemagne","10":"tag-bundesrepublik-deutschland","11":"tag-de","12":"tag-deutschland","13":"tag-eu","14":"tag-europe","15":"tag-germany","16":"tag-news","17":"tag-republique-federale-dallemagne"},"share_on_mastodon":{"url":"https:\/\/pubeurope.com\/@fr\/114783863693668949","error":""},"_links":{"self":[{"href":"https:\/\/www.europesays.com\/fr\/wp-json\/wp\/v2\/posts\/220762","targetHints":{"allow":["GET"]}}],"collection":[{"href":"https:\/\/www.europesays.com\/fr\/wp-json\/wp\/v2\/posts"}],"about":[{"href":"https:\/\/www.europesays.com\/fr\/wp-json\/wp\/v2\/types\/post"}],"author":[{"embeddable":true,"href":"https:\/\/www.europesays.com\/fr\/wp-json\/wp\/v2\/users\/2"}],"replies":[{"embeddable":true,"href":"https:\/\/www.europesays.com\/fr\/wp-json\/wp\/v2\/comments?post=220762"}],"version-history":[{"count":0,"href":"https:\/\/www.europesays.com\/fr\/wp-json\/wp\/v2\/posts\/220762\/revisions"}],"wp:featuredmedia":[{"embeddable":true,"href":"https:\/\/www.europesays.com\/fr\/wp-json\/wp\/v2\/media\/220763"}],"wp:attachment":[{"href":"https:\/\/www.europesays.com\/fr\/wp-json\/wp\/v2\/media?parent=220762"}],"wp:term":[{"taxonomy":"category","embeddable":true,"href":"https:\/\/www.europesays.com\/fr\/wp-json\/wp\/v2\/categories?post=220762"},{"taxonomy":"post_tag","embeddable":true,"href":"https:\/\/www.europesays.com\/fr\/wp-json\/wp\/v2\/tags?post=220762"}],"curies":[{"name":"wp","href":"https:\/\/api.w.org\/{rel}","templated":true}]}}