{"id":220766,"date":"2025-07-02T13:26:09","date_gmt":"2025-07-02T13:26:09","guid":{"rendered":"https:\/\/www.europesays.com\/fr\/220766\/"},"modified":"2025-07-02T13:26:09","modified_gmt":"2025-07-02T13:26:09","slug":"lunion-europeenne-met-enfin-son-objectif-2040-sur-la-table","status":"publish","type":"post","link":"https:\/\/www.europesays.com\/fr\/220766\/","title":{"rendered":"l\u2019Union europ\u00e9enne met enfin son objectif 2040 sur la table"},"content":{"rendered":"<p>L\u2019ex\u00e9cutif europ\u00e9en soutient toujours une baisse des \u00e9missions de gaz \u00e0 effet de serre de 90% en 2040 par rapport \u00e0 1990, avec des \u00abflexibilit\u00e9s\u00bb.<\/p>\n<p class=\"fig-paragraph\">La Commission europ\u00e9enne a propos\u00e9 mercredi de maintenir son objectif de r\u00e9duction de 90% des \u00e9missions de gaz \u00e0 effet de serre en 2040, mais elle introduit des \u00abflexibilit\u00e9s\u00bb face aux r\u00e9ticences de certains pays.<\/p>\n<p class=\"fig-paragraph\">L&rsquo;ex\u00e9cutif europ\u00e9en soutient toujours une baisse des \u00e9missions de 90% en 2040 par rapport \u00e0 1990. Mais \u00e0 partir de 2036, Bruxelles propose aux \u00c9tats membres une souplesse en int\u00e9grant au calcul l&rsquo;acquisition de cr\u00e9dits carbone internationaux en dehors de l&rsquo;UE, \u00e0 hauteur de 3% du total.<\/p>\n<p>                                    <a class=\"fig-a11y-skip a11y-hidden\" href=\"#fig-a11y-skip-main-inarticle\"><br \/>\n        Passer la publicit\u00e9<br \/>\n    <\/a><\/p>\n<p class=\"fig-paragraph\">Plus d\u2019informations \u00e0 suivre&#8230;<\/p>\n","protected":false},"excerpt":{"rendered":"L\u2019ex\u00e9cutif europ\u00e9en soutient toujours une baisse des \u00e9missions de gaz \u00e0 effet de serre de 90% en 2040&hellip;\n","protected":false},"author":2,"featured_media":220767,"comment_status":"","ping_status":"","sticky":false,"template":"","format":"standard","meta":{"footnotes":""},"categories":[1586],"tags":[11,1129,1777,674,1779,1011,27,16743,12,25,1778,364],"class_list":{"0":"post-220766","1":"post","2":"type-post","3":"status-publish","4":"format-standard","5":"has-post-thumbnail","7":"category-europe","8":"tag-actualites","9":"tag-climat","10":"tag-eu","11":"tag-europe","12":"tag-european-union","13":"tag-fr","14":"tag-france","15":"tag-gaz-a-effet-de-serre","16":"tag-news","17":"tag-republique-francaise","18":"tag-ue","19":"tag-union-europeenne"},"share_on_mastodon":{"url":"https:\/\/pubeurope.com\/@fr\/114783871610824057","error":""},"_links":{"self":[{"href":"https:\/\/www.europesays.com\/fr\/wp-json\/wp\/v2\/posts\/220766","targetHints":{"allow":["GET"]}}],"collection":[{"href":"https:\/\/www.europesays.com\/fr\/wp-json\/wp\/v2\/posts"}],"about":[{"href":"https:\/\/www.europesays.com\/fr\/wp-json\/wp\/v2\/types\/post"}],"author":[{"embeddable":true,"href":"https:\/\/www.europesays.com\/fr\/wp-json\/wp\/v2\/users\/2"}],"replies":[{"embeddable":true,"href":"https:\/\/www.europesays.com\/fr\/wp-json\/wp\/v2\/comments?post=220766"}],"version-history":[{"count":0,"href":"https:\/\/www.europesays.com\/fr\/wp-json\/wp\/v2\/posts\/220766\/revisions"}],"wp:featuredmedia":[{"embeddable":true,"href":"https:\/\/www.europesays.com\/fr\/wp-json\/wp\/v2\/media\/220767"}],"wp:attachment":[{"href":"https:\/\/www.europesays.com\/fr\/wp-json\/wp\/v2\/media?parent=220766"}],"wp:term":[{"taxonomy":"category","embeddable":true,"href":"https:\/\/www.europesays.com\/fr\/wp-json\/wp\/v2\/categories?post=220766"},{"taxonomy":"post_tag","embeddable":true,"href":"https:\/\/www.europesays.com\/fr\/wp-json\/wp\/v2\/tags?post=220766"}],"curies":[{"name":"wp","href":"https:\/\/api.w.org\/{rel}","templated":true}]}}