{"id":220773,"date":"2025-07-02T13:32:09","date_gmt":"2025-07-02T13:32:09","guid":{"rendered":"https:\/\/www.europesays.com\/fr\/220773\/"},"modified":"2025-07-02T13:32:09","modified_gmt":"2025-07-02T13:32:09","slug":"video-romain-ntamack-sattire-les-foudres-sur-les-reseaux-sociaux","status":"publish","type":"post","link":"https:\/\/www.europesays.com\/fr\/220773\/","title":{"rendered":"VIDEO : Romain Ntamack s&rsquo;attire les foudres sur les r\u00e9seaux sociaux"},"content":{"rendered":"<p style=\"text-align: center;\"><strong>VIDEO : Romain Ntamack s\u2019attire les foudres sur les r\u00e9seaux sociaux<\/strong><\/p>\n<p>L\u2019ouvreur du Stade-Toulousain, Romain Ntamack a-t-il amplifi\u00e9 sa joie au moment de remporter le Bouclier de Brennus lors de la finale gagn\u00e9e contre l\u2019Union Bordeaux-B\u00e8gles, samedi dernier, au Stade de France ?<\/p>\n<p>Certains internautes estiment que l\u2019ouvreur Toulousain en a rajout\u00e9.<\/p>\n<p>Sur une vid\u00e9o diffus\u00e9e ci-dessous, on le voit subitement s\u2019effondrer en larmes apr\u00e8s avoir constat\u00e9 que la cam\u00e9ra de France T\u00e9l\u00e9visions le filmait.<\/p>\n<p>Chacun se fera son propre avis sur la question.<\/p>\n<p><strong>Vid\u00e9o ci-dessous :\u00a0<\/strong><\/p>\n<blockquote class=\"instagram-media\" style=\"background: #FFF; border: 0; border-radius: 3px; box-shadow: 0 0 1px 0 rgba(0,0,0,0.5),0 1px 10px 0 rgba(0,0,0,0.15); margin: 1px; max-width: 540px; min-width: 326px; padding: 0; width: calc(100% - 2px);\" data-instgrm-captioned=\"\" data-instgrm-permalink=\"https:\/\/www.instagram.com\/reel\/DLdcxt9M-Z6\/?utm_source=ig_embed&amp;utm_campaign=loading\" data-instgrm-version=\"14\">\n<\/blockquote>\n<p><script async src=\"\/\/www.instagram.com\/embed.js\"><\/script><\/p>\n","protected":false},"excerpt":{"rendered":"VIDEO : Romain Ntamack s\u2019attire les foudres sur les r\u00e9seaux sociaux L\u2019ouvreur du Stade-Toulousain, Romain Ntamack a-t-il amplifi\u00e9&hellip;\n","protected":false},"author":2,"featured_media":220774,"comment_status":"","ping_status":"","sticky":false,"template":"","format":"standard","meta":{"footnotes":""},"categories":[1416],"tags":[1011,27,479,1468,60],"class_list":{"0":"post-220773","1":"post","2":"type-post","3":"status-publish","4":"format-standard","5":"has-post-thumbnail","7":"category-rugby","8":"tag-fr","9":"tag-france","10":"tag-rugby","11":"tag-rugby-football","12":"tag-sports"},"share_on_mastodon":{"url":"https:\/\/pubeurope.com\/@fr\/114783895162341671","error":""},"_links":{"self":[{"href":"https:\/\/www.europesays.com\/fr\/wp-json\/wp\/v2\/posts\/220773","targetHints":{"allow":["GET"]}}],"collection":[{"href":"https:\/\/www.europesays.com\/fr\/wp-json\/wp\/v2\/posts"}],"about":[{"href":"https:\/\/www.europesays.com\/fr\/wp-json\/wp\/v2\/types\/post"}],"author":[{"embeddable":true,"href":"https:\/\/www.europesays.com\/fr\/wp-json\/wp\/v2\/users\/2"}],"replies":[{"embeddable":true,"href":"https:\/\/www.europesays.com\/fr\/wp-json\/wp\/v2\/comments?post=220773"}],"version-history":[{"count":0,"href":"https:\/\/www.europesays.com\/fr\/wp-json\/wp\/v2\/posts\/220773\/revisions"}],"wp:featuredmedia":[{"embeddable":true,"href":"https:\/\/www.europesays.com\/fr\/wp-json\/wp\/v2\/media\/220774"}],"wp:attachment":[{"href":"https:\/\/www.europesays.com\/fr\/wp-json\/wp\/v2\/media?parent=220773"}],"wp:term":[{"taxonomy":"category","embeddable":true,"href":"https:\/\/www.europesays.com\/fr\/wp-json\/wp\/v2\/categories?post=220773"},{"taxonomy":"post_tag","embeddable":true,"href":"https:\/\/www.europesays.com\/fr\/wp-json\/wp\/v2\/tags?post=220773"}],"curies":[{"name":"wp","href":"https:\/\/api.w.org\/{rel}","templated":true}]}}