{"id":220779,"date":"2025-07-02T13:36:13","date_gmt":"2025-07-02T13:36:13","guid":{"rendered":"https:\/\/www.europesays.com\/fr\/220779\/"},"modified":"2025-07-02T13:36:13","modified_gmt":"2025-07-02T13:36:13","slug":"alonso-explique-sa-7e-place-par-une-course-chanceuse","status":"publish","type":"post","link":"https:\/\/www.europesays.com\/fr\/220779\/","title":{"rendered":"Alonso explique sa 7e place par une \u00ab\u00a0course chanceuse\u00a0\u00bb"},"content":{"rendered":"<p><a href=\"https:\/\/fr.motorsport.com\/driver\/fernando-alonso\/76096\/\" target=\"_blank\" rel=\"noopener\">Fernando Alonso<\/a> rattrape bien son retard de d\u00e9but de saison. L&rsquo;Espagnol a d\u00fb attendre la neuvi\u00e8me manche de la l&rsquo;ann\u00e9e pour inscrire ses premiers points mais depuis, on ne l&rsquo;arr\u00eate plus. Avec une septi\u00e8me place au Grand Prix d&rsquo;Autriche, Alonso signe sa troisi\u00e8me entr\u00e9e cons\u00e9cutive dans le top 10 apr\u00e8s une septi\u00e8me position au Canada et une neuvi\u00e8me en Espagne.\u00a0<\/p>\n<p>La course du double champion du monde n&rsquo;a pas \u00e9t\u00e9 de tout repos. Parti 11e, il a r\u00e9ussi \u00e0 s&rsquo;accrocher \u00e0 la <a href=\"https:\/\/fr.motorsport.com\/team\/racing-bulls-610\/610\/\" target=\"_blank\" rel=\"noopener\">Racing Bulls<\/a> de <a href=\"https:\/\/fr.motorsport.com\/driver\/liam-lawson\/826061\/\" target=\"_blank\" rel=\"noopener\">Liam Lawson<\/a>, copiant sa strat\u00e9gie \u00e0 un seul arr\u00eat. \u00ab\u00a0\u00c7a a \u00e9t\u00e9 une course difficile\u00a0\u00bb, a d\u00e9clar\u00e9 Alonso. \u00ab\u00a0Je pense qu&rsquo;on n&rsquo;avait pas le rythme ce week-end, mais on a quand m\u00eame r\u00e9ussi \u00e0 faire une tr\u00e8s bonne course. D&rsquo;abord, merci \u00e0 Liam, parce que j&rsquo;ai pris son DRS au tour 3 et je l&rsquo;ai gard\u00e9 jusqu&rsquo;au tour 70 !\u00a0\u00bb<\/p>\n<p>\u00ab\u00a0J&rsquo;ai encha\u00een\u00e9 les tours de qualifs du virage 4 au virage 9 jusqu&rsquo;au point de d\u00e9tection, puis apr\u00e8s le point de d\u00e9tection au virage 9, j&rsquo;avais une autre d\u00e9tection au virage 1, puis encore au virage 3\u2026 Chaque tour, c&rsquo;\u00e9tait le m\u00eame encha\u00eenement. Et \u00e0 la fin, oui, Gaby [<a href=\"https:\/\/fr.motorsport.com\/driver\/gabriel-bortoleto\/947555\/\" target=\"_blank\" rel=\"noopener\">Gabriel Bortoleto<\/a>] \u00e9tait beaucoup plus rapide.\u00a0\u00bb<\/p>\n<p>   <img decoding=\"async\" draggable=\"false\" src=\"https:\/\/www.europesays.com\/fr\/wp-content\/uploads\/2025\/07\/liam-lawson-racing-bulls-team-.jpg\" alt=\"Fernando Alonso n'a pas l\u00e2ch\u00e9 Liam Lawson.\" width=\"1200\" height=\"800\" loading=\"lazy\"\/> <\/p>\n<p class=\"title\">Fernando Alonso n&rsquo;a pas l\u00e2ch\u00e9 Liam Lawson.<\/p>\n<p class=\"photographer\">Photo de: Steven Tee \/ LAT Images via Getty Images<\/p>\n<p>En effet, en fin de course, le pilote <a href=\"https:\/\/fr.motorsport.com\/team\/aston-martin\/806\/\" target=\"_blank\" rel=\"noopener\">Aston Martin<\/a> a vu une monoplace verte grossir dans ses r\u00e9troviseurs. Gabriel Bortoleto est venu d\u00e9fier son manager &#8211; Alonso \u00e9tant en charge de la carri\u00e8re du jeune br\u00e9silien &#8211; dans les derniers tours et a bien failli lui chiper la septi\u00e8me place. Mais c&rsquo;est \u00e0 ce moment-l\u00e0 que le leader de la course, <a href=\"https:\/\/fr.motorsport.com\/driver\/lando-norris\/289708\/\" target=\"_blank\" rel=\"noopener\">Lando Norris<\/a>, est remont\u00e9 sur les retardataires, permettant \u00e0 Alonso de conserver sa position.\u00a0<\/p>\n<p>\u00ab\u00a0Honn\u00eatement, je pensais que je ne pourrais pas me d\u00e9fendre, mais j&rsquo;ai eu de la chance : Lando est arriv\u00e9 au bon moment. On a eu des drapeaux bleus et comme Lando nous a d\u00e9pass\u00e9s, le tour suivant, c&rsquo;\u00e9tait le drapeau \u00e0 damier parce qu&rsquo;on s&rsquo;est fait prendre un tour\u00a0\u00bb, a expliqu\u00e9 l&rsquo;Espagnol.\u00a0<\/p>\n<p>\u00ab\u00a0Je ne voulais pas doubler Lando, mais je ne pouvais pas non plus rester coll\u00e9 derri\u00e8re lui, sinon Gaby m&rsquo;aurait pass\u00e9. Donc j&rsquo;ai d\u00fb tenter diff\u00e9rentes man\u0153uvres pour un peu semer le doute chez Gaby sur ce que j&rsquo;allais faire, et \u00e7a a bien fonctionn\u00e9. C&rsquo;\u00e9tait donc une combinaison parfaite et, franchement, \u00e7a a \u00e9t\u00e9 une course chanceuse pour finir septi\u00e8me.\u00a0\u00bb<\/p>\n<blockquote>\n<p>Je pense que \u00e7a a \u00e9t\u00e9 un week-end compliqu\u00e9, c&rsquo;est s\u00fbr. On n&rsquo;a pas \u00e9t\u00e9 \u00e0 notre meilleur niveau.<\/p>\n<\/blockquote>\n<p>Depuis le d\u00e9but de la saison, les AMR25 sont g\u00e9n\u00e9ralement plus performantes les samedis que les dimanches et ne r\u00e9ussissent pas \u00e0 conserver les bonnes positions qu&rsquo;elles d\u00e9crochent en qualifications. Le r\u00e9sultat d&rsquo;Alonso en Autriche semble donc encourageant pour l&rsquo;\u00e9quipe britannique, qui parvient petit \u00e0 petit \u00e0 rattraper le retard prit lors des premiers mois de l&rsquo;ann\u00e9e.\u00a0<\/p>\n<p>Toutefois, le double champion du monde a souhait\u00e9 relativiser la performance de Spielberg, indiquant que le m\u00e9rite revenait plut\u00f4t aux capacit\u00e9s de l&rsquo;\u00e9quipe \u00e0 capitaliser sur les difficult\u00e9s des top teams, plut\u00f4t qu&rsquo;\u00e0 une v\u00e9ritable am\u00e9lioration de la monoplace.<\/p>\n<p>\u00ab\u00a0Je pense que \u00e7a a \u00e9t\u00e9 un week-end compliqu\u00e9, c&rsquo;est s\u00fbr\u00a0\u00bb, a-t-il ajout\u00e9. \u00ab\u00a0On n&rsquo;a pas \u00e9t\u00e9 \u00e0 notre meilleur niveau, mais il y a eu un abandon chez deux des top teams, une <a href=\"https:\/\/fr.motorsport.com\/team\/mercedes\/611\/\" target=\"_blank\" rel=\"noopener\">Mercedes<\/a> et une <a href=\"https:\/\/fr.motorsport.com\/team\/red-bull\/553\/\" target=\"_blank\" rel=\"noopener\">Red Bull<\/a>, et on a su en profiter. C&rsquo;est important aussi, car il n&rsquo;y a pas souvent des opportunit\u00e9s comme \u00e7a, o\u00f9 certaines \u00e9quipes de t\u00eate abandonnent, et c&rsquo;est \u00e0 nous d&rsquo;en tirer parti pour marquer des points. Donc, content malgr\u00e9 un week-end difficile.\u00a0\u00bb<\/p>\n<p style=\"text-align: right;\">Propos recueillis par Filip Cleeren<\/p>\n<p>Lire aussi :<\/p>\n<p>Dans cet article<\/p>\n<p>    T\u00e9ha Courbon\n<\/p>\n<p>    Formule 1\n<\/p>\n<p>    Fernando Alonso\n<\/p>\n<p>    Aston Martin\n<\/p>\n<p>Soyez le premier inform\u00e9 et souscrivez aux alertes mails pour recevoir les infos en temps r\u00e9el<\/p>\n<p>    S&rsquo;abonner aux alertes de news<\/p>\n","protected":false},"excerpt":{"rendered":"Fernando Alonso rattrape bien son retard de d\u00e9but de saison. L&rsquo;Espagnol a d\u00fb attendre la neuvi\u00e8me manche de&hellip;\n","protected":false},"author":2,"featured_media":220780,"comment_status":"","ping_status":"","sticky":false,"template":"","format":"standard","meta":{"footnotes":""},"categories":[1412],"tags":[1709,1451,1710,1452,1453,1454,1455,1011,27,34489,34490,60],"class_list":{"0":"post-220779","1":"post","2":"type-post","3":"status-publish","4":"format-standard","5":"has-post-thumbnail","7":"category-f1","8":"tag-aston-martin","9":"tag-f1","10":"tag-fernando-alonso","11":"tag-formula-1","12":"tag-formula1","13":"tag-formule-1","14":"tag-formule1","15":"tag-fr","16":"tag-france","17":"tag-gp-dautriche","18":"tag-red-bull-ring","19":"tag-sports"},"share_on_mastodon":{"url":"https:\/\/pubeurope.com\/@fr\/114783910869248792","error":""},"_links":{"self":[{"href":"https:\/\/www.europesays.com\/fr\/wp-json\/wp\/v2\/posts\/220779","targetHints":{"allow":["GET"]}}],"collection":[{"href":"https:\/\/www.europesays.com\/fr\/wp-json\/wp\/v2\/posts"}],"about":[{"href":"https:\/\/www.europesays.com\/fr\/wp-json\/wp\/v2\/types\/post"}],"author":[{"embeddable":true,"href":"https:\/\/www.europesays.com\/fr\/wp-json\/wp\/v2\/users\/2"}],"replies":[{"embeddable":true,"href":"https:\/\/www.europesays.com\/fr\/wp-json\/wp\/v2\/comments?post=220779"}],"version-history":[{"count":0,"href":"https:\/\/www.europesays.com\/fr\/wp-json\/wp\/v2\/posts\/220779\/revisions"}],"wp:featuredmedia":[{"embeddable":true,"href":"https:\/\/www.europesays.com\/fr\/wp-json\/wp\/v2\/media\/220780"}],"wp:attachment":[{"href":"https:\/\/www.europesays.com\/fr\/wp-json\/wp\/v2\/media?parent=220779"}],"wp:term":[{"taxonomy":"category","embeddable":true,"href":"https:\/\/www.europesays.com\/fr\/wp-json\/wp\/v2\/categories?post=220779"},{"taxonomy":"post_tag","embeddable":true,"href":"https:\/\/www.europesays.com\/fr\/wp-json\/wp\/v2\/tags?post=220779"}],"curies":[{"name":"wp","href":"https:\/\/api.w.org\/{rel}","templated":true}]}}