{"id":220783,"date":"2025-07-02T13:38:09","date_gmt":"2025-07-02T13:38:09","guid":{"rendered":"https:\/\/www.europesays.com\/fr\/220783\/"},"modified":"2025-07-02T13:38:09","modified_gmt":"2025-07-02T13:38:09","slug":"strasbourg-risser-va-signer-a-lens-maxifoot","status":"publish","type":"post","link":"https:\/\/www.europesays.com\/fr\/220783\/","title":{"rendered":"Strasbourg : Risser va signer \u00e0 Lens &#8211; Maxifoot"},"content":{"rendered":"<ol>\n<li><a href=\"https:\/\/news.google.com\/rss\/articles\/CBMif0FVX3lxTE1PSnFVcUxFX0s3dUQyaVlndVo4dUdSTTRMaHM1RHFhT0NCUGhPUnpFMDhnczVocG41aklZQkFWLUpZdEwwYmo1WHlWSlVQU1N3UlBHaGZFMDhvMGhUV0cyMnF5UjRTVDhxajlIRURrOVhOcWNfVmtjZGdkdDU5bEnSAX9BVV95cUxQLU9wcGVONUlLSVp4ZUN1aERHcGRMb2p5ZXczaHNKZmRSanZONzJGVmhjWjVDYW0tbS1hUGFnUmtMdTNwdV83cE1WTE9Qb0ZicWdJVHBKYUN2c18ybURVRlZZSHd6RzlYd0xja2V5T2xqSDUwanF2Q0RyckNieExJ?oc=5\" target=\"_blank\" rel=\"noopener\">Strasbourg : Risser va signer \u00e0 Lens<\/a>&nbsp;&nbsp;Maxifoot<\/li>\n<li><a href=\"https:\/\/news.google.com\/rss\/articles\/CBMikwFBVV95cUxNUzQ1SE1Qd1NSRThTWEpxSkRtSlBXcVdobHhrS3lHSndRcko4dzI4dVlzMy1DSmowa05FREhzcFpET1lIUElNZFJyVnV0MTVKVVB1V29IOWtoTDJvTlU4d2tXR1NUUlVRQmZKQmVZc2oweDhISC00eVhVOGR1SDRMalBteHAtNFFOOEpHNEx4QTluRWc?oc=5\" target=\"_blank\" rel=\"noopener\">Le gardien Robin Risser attendu \u00e0 Lens<\/a>&nbsp;&nbsp;L&rsquo;\u00c9quipe<\/li>\n<li><a href=\"https:\/\/news.google.com\/rss\/articles\/CBMi2wFBVV95cUxPOG9KQ2RmZ2w1TE5Xai1WcWdLdjJCZ3d6eV9yLUJUR3oxWEZXRG84UDFhbmwxSG54R2tsLWp3bW9VaTlYWmxVMmd0VFoyQy1PYjlJd0doLUZ1YlZiUXN5NFh1eVppMGNKcFEyX0EwSDRtUDlCbmZzSmVwTC14YURlN1l1SnBOMllrYVk4T3FFSGdETlBNM3F3Q1Z1ZllxMkdOc0ptTDhudmZTUkxxQUUwZlN5bzhZdGFqUU1fQlMwQjMzcDNDaXBJZmluaTB4eUMtTkp0Z3Q5d3U5aTQ?oc=5\" target=\"_blank\" rel=\"noopener\">Mercato Nice : le gardien r\u00e9mois Yehvann Diouf arrive<\/a>&nbsp;&nbsp;Le Parisien<\/li>\n<li><a href=\"https:\/\/news.google.com\/rss\/articles\/CBMikgFBVV95cUxNNXBHTUM1VFQza3VVYmNFVmU4d1ZGN2tTMmY1TGxIdVl3WldCLTlUMURzWFpqVW1BYWlWdFJjekxXYl9Fb25kLXM5MHNVb3ZEZDh5dHBwa2EwcHdfMzM3NVR6VUxDN0V4ZUVLWXBZa3VQSzJSVDcxQnUxbVNsTmVuc3QtSlJaNkF2LTFfM3FsclBOUQ?oc=5\" target=\"_blank\" rel=\"noopener\">Le RC Lens avance fort sur Robin Risser<\/a>&nbsp;&nbsp;Foot Mercato<\/li>\n<li><a href=\"https:\/\/news.google.com\/rss\/articles\/CBMiuwFBVV95cUxNT3FTZTY5WEl1U0NNc0hsVlBfQ0gwRkJLTS1GTWtqZlg0MjVDQTlFS3FtVDNxRFRITE5lUTd1R042M2JveFh5WkZiSVlrUDRKRGhnS1U1RmhhSnEzMU1yTEdOQS1jbmNWQlktalBhcWR6Wk0zUHdmSlRqYnBUTGstRmRjRmhGWVBaWlU0TDRvcWdVWWY3LVJSX1lxdTR3T0JYMzNxTHNwclAxZl9zYS1pcExsU3M4a1h6djc0?oc=5\" target=\"_blank\" rel=\"noopener\">Le gardien italien Mattia Fortin d\u00e9j\u00e0 dans le giron du RC Lens, avant une arriv\u00e9e en 2026 ?<\/a>&nbsp;&nbsp;Lensois.com<\/li>\n<\/ol>\n","protected":false},"excerpt":{"rendered":"Strasbourg : Risser va signer \u00e0 Lens&nbsp;&nbsp;Maxifoot Le gardien Robin Risser attendu \u00e0 Lens&nbsp;&nbsp;L&rsquo;\u00c9quipe Mercato Nice : le&hellip;\n","protected":false},"author":2,"featured_media":220784,"comment_status":"","ping_status":"","sticky":false,"template":"","format":"standard","meta":{"footnotes":""},"categories":[1410],"tags":[2266,2262,2261,1981,83,2260,451,2263,462,2269,2257,63,1011,27,2265,1441,453,66,447,2267,955,2268,241,149,70,1817,93,2264,2258,2259,60,969,455],"class_list":{"0":"post-220783","1":"post","2":"type-post","3":"status-publish","4":"format-standard","5":"has-post-thumbnail","7":"category-football","8":"tag-as-monaco","9":"tag-bundesligua","10":"tag-calcio","11":"tag-classement","12":"tag-coupe-de-france","13":"tag-coupe-de-la-ligue","14":"tag-coupe-du-monde","15":"tag-equipe","16":"tag-fc-nantes","17":"tag-fifa","18":"tag-foot","19":"tag-football","20":"tag-fr","21":"tag-france","22":"tag-girondins-bordeaux","23":"tag-joueur","24":"tag-liga","25":"tag-ligue-1","26":"tag-ligue-des-champions","27":"tag-losc","28":"tag-match","29":"tag-ogc-nice","30":"tag-ol","31":"tag-om","32":"tag-premier-league","33":"tag-pronostic","34":"tag-psg","35":"tag-rc-lens","36":"tag-resultat","37":"tag-score","38":"tag-sports","39":"tag-transfert","40":"tag-uefa"},"share_on_mastodon":{"url":"https:\/\/pubeurope.com\/@fr\/114783918802860387","error":""},"_links":{"self":[{"href":"https:\/\/www.europesays.com\/fr\/wp-json\/wp\/v2\/posts\/220783","targetHints":{"allow":["GET"]}}],"collection":[{"href":"https:\/\/www.europesays.com\/fr\/wp-json\/wp\/v2\/posts"}],"about":[{"href":"https:\/\/www.europesays.com\/fr\/wp-json\/wp\/v2\/types\/post"}],"author":[{"embeddable":true,"href":"https:\/\/www.europesays.com\/fr\/wp-json\/wp\/v2\/users\/2"}],"replies":[{"embeddable":true,"href":"https:\/\/www.europesays.com\/fr\/wp-json\/wp\/v2\/comments?post=220783"}],"version-history":[{"count":0,"href":"https:\/\/www.europesays.com\/fr\/wp-json\/wp\/v2\/posts\/220783\/revisions"}],"wp:featuredmedia":[{"embeddable":true,"href":"https:\/\/www.europesays.com\/fr\/wp-json\/wp\/v2\/media\/220784"}],"wp:attachment":[{"href":"https:\/\/www.europesays.com\/fr\/wp-json\/wp\/v2\/media?parent=220783"}],"wp:term":[{"taxonomy":"category","embeddable":true,"href":"https:\/\/www.europesays.com\/fr\/wp-json\/wp\/v2\/categories?post=220783"},{"taxonomy":"post_tag","embeddable":true,"href":"https:\/\/www.europesays.com\/fr\/wp-json\/wp\/v2\/tags?post=220783"}],"curies":[{"name":"wp","href":"https:\/\/api.w.org\/{rel}","templated":true}]}}