{"id":220787,"date":"2025-07-02T13:41:08","date_gmt":"2025-07-02T13:41:08","guid":{"rendered":"https:\/\/www.europesays.com\/fr\/220787\/"},"modified":"2025-07-02T13:41:08","modified_gmt":"2025-07-02T13:41:08","slug":"un-nouveau-livre-sur-le-mont-saint-michel-vient-detre-publie","status":"publish","type":"post","link":"https:\/\/www.europesays.com\/fr\/220787\/","title":{"rendered":"Un nouveau livre sur le Mont Saint-Michel vient d\u2019\u00eatre publi\u00e9"},"content":{"rendered":"<p>            Par<br \/>\n        <strong><br \/>\n            <a href=\"https:\/\/actu.fr\/auteur\/redaction-pressemanche\" title=\"Consulter tous les articles de R\u00e9daction La Presse de la Manche\" target=\"_blank\" rel=\"noopener\">R\u00e9daction La Presse de la Manche<\/a><br \/>\n        <\/strong><\/p>\n<p>        Publi\u00e9 le<\/p>\n<p>            2 juil. 2025 \u00e0 15h30        <\/p>\n<p>\u00ab\u2009Mont Saint-Michel, le c\u0153ur battant de la baie\u2009\u00bb. Derri\u00e8re ce titre, <b>un nouveau livre<\/b> sur le <a href=\"https:\/\/actu.fr\/normandie\/le-mont-saint-michel_50353\" target=\"_blank\" rel=\"noopener\">Mont Saint-Michel <\/a>(Manche) doubl\u00e9 d\u2019<b>un nouveau partenariat<\/b> pour son gestionnaire, l\u2019<a href=\"https:\/\/montsaintmichel.gouv.fr\/\" target=\"_blank\" rel=\"noopener\">\u00c9tablissement public du Mont Saint-Michel <\/a>(EPMSM).<\/p>\n<p class=\" wall-content\">Il s\u2019est associ\u00e9 avec les <a href=\"https:\/\/www.hachette.fr\/editeur\/epa\" target=\"_blank\" rel=\"noopener\">\u00c9ditions Hachette E\/P\/A<\/a> pour publier cet <b>ouvrage de 240 pages<\/b>, dont<b> la parution officielle<\/b> date du <b>25\u00a0juin 2025<\/b>. Le livre se pr\u00e9sente en <b>trois parties<\/b>\u2009: L\u2019histoire d\u2019un sanctuaire, Un site naturel d\u2019exception\u00a0et\u00a0Un art de vivre insulaire.<\/p>\n<blockquote class=\"ac-article-quote wall-content\">\n<p>\u00c0 travers ce beau livre magnifiquement illustr\u00e9 de plus de 200 photographies, dont 75\u2009% sont in\u00e9dites, partez \u00e0 la d\u00e9couverte du Mont Saint-Michel sous toutes ses facettes. L\u2019ouvrage invite \u00e0 explorer l\u2019histoire fascinante, l\u2019architecture majestueuse et la biodiversit\u00e9 exceptionnelle de ce site embl\u00e9matique, joyau du patrimoine fran\u00e7ais.<\/p>\n<p>L\u2019EPMSM<\/p><\/blockquote>\n<p class=\" wall-content\">Il a \u00e9t\u00e9 \u00e9crit avec le com\u00e9dien, metteur en sc\u00e8ne et co-directeur du <a href=\"https:\/\/www.alambictheatre.com\/\" target=\"_blank\" rel=\"noopener\">collectif Alambic<\/a>, Norman Barreau-G\u00e9ly, qui est aussi <b>un passionn\u00e9 d\u2019histoire<\/b>. Les <b>recettes g\u00e9n\u00e9r\u00e9es<\/b> par<b> la vente <\/b>de cet ouvrage vont contribuer \u00e0 <b>l\u2019entretien <\/b>et \u00e0 la <b>pr\u00e9servation <\/b>du site.<\/p>\n<p class=\" wall-content\">\u00ab\u2009Nous avons <b>une chose unique au monde<\/b>\u2026 Un bijou de granit, un colosse de dentelle, une merveille incomparable encadr\u00e9e dans un paysage d\u2019une invraisemblable beaut\u00e9, dans un golfe de sable jaune, s\u2019\u00e9tendant \u00e0 perte de vue\u2009\u00bb, \u00e9crivait Guy de Maupassant, cit\u00e9 \u00e0 l\u2019occasion de cette nouvelle publication.<\/p>\n<p class=\" wall-content\">L\u2019EPMSM souligne par ailleurs que la marque Mont Saint-Michel est ouverte \u00e0 de nouveau partenariat.<\/p>\n<p>Vid\u00e9os : en ce moment sur Actu\u00ab\u2009Mont Saint-Michel, le c\u0153ur battant de la baie\u2009\u00bb, de Norman Barreau-G\u00e9ly, aux \u00e9ditions E\/P\/A. Livre reli\u00e9. Format 217 x 292 x 30, 240 pages. Son prix\u2009: 35\u00a0\u20ac. Pour devenir partenaire de la marque Mont Saint-Michel\u2009: contacter\u00a0C\u00e9cile Anger, responsable Marque M\u00e9c\u00e9nat et Partenariats via\u00a0<a href=\"http:\/\/actu.fr\/cdn-cgi\/l\/email-protection#aac9cfc9c3c6cf84cbc4cdcfd8eac7c5c4ded9cbc3c4dec7c3c9c2cfc684cdc5dfdc84ccd8\" target=\"_blank\" rel=\"noopener\">[email\u00a0protected]<\/a>.<\/p>\n<p class=\" wall-content\">Suivez toute l\u2019actualit\u00e9 de vos villes et m\u00e9dias favoris en vous inscrivant \u00e0 <a href=\"https:\/\/moncompte.actu.fr\" title=\"D\u00e9couvez Mon Actu\" rel=\"nofollow noopener\" data-trk=\"{&quot;cta&quot;:{&quot;action&quot;:&quot;https:\\\/\\\/moncompte.actu.fr&quot;,&quot;category&quot;:&quot;mon compte&quot;,&quot;from&quot;:&quot;article footer&quot;,&quot;name&quot;:&quot;Mon actu&quot;,&quot;type&quot;:&quot;cta&quot;}}\" target=\"_blank\">Mon Actu<\/a>.<\/p>\n<ul class=\"ac-article-tag wall-content\">\n<li><a href=\"https:\/\/actu.fr\/tag\/livres\" data-trk=\"{&quot;cta&quot;:{&quot;action&quot;:&quot;Livres&quot;,&quot;category&quot;:&quot;tag&quot;,&quot;from&quot;:&quot;article footer&quot;,&quot;name&quot;:&quot;Livres&quot;,&quot;type&quot;:&quot;cta&quot;}}\" target=\"_blank\" rel=\"noopener\">#Livres<\/a><\/li>\n<li><a href=\"https:\/\/actu.fr\/tag\/mont-saint-michel\" data-trk=\"{&quot;cta&quot;:{&quot;action&quot;:&quot;Mont-Saint-Michel&quot;,&quot;category&quot;:&quot;tag&quot;,&quot;from&quot;:&quot;article footer&quot;,&quot;name&quot;:&quot;Mont-Saint-Michel&quot;,&quot;type&quot;:&quot;cta&quot;}}\" target=\"_blank\" rel=\"noopener\">#Mont-Saint-Michel<\/a><\/li>\n<\/ul>\n","protected":false},"excerpt":{"rendered":"Par R\u00e9daction La Presse de la Manche Publi\u00e9 le 2 juil. 2025 \u00e0 15h30 \u00ab\u2009Mont Saint-Michel, le c\u0153ur&hellip;\n","protected":false},"author":2,"featured_media":220788,"comment_status":"","ping_status":"","sticky":false,"template":"","format":"standard","meta":{"footnotes":""},"categories":[1357],"tags":[1379,58,59,1011,27,1380,1652,8247],"class_list":{"0":"post-220787","1":"post","2":"type-post","3":"status-publish","4":"format-standard","5":"has-post-thumbnail","7":"category-livres","8":"tag-books","9":"tag-divertissement","10":"tag-entertainment","11":"tag-fr","12":"tag-france","13":"tag-livres","14":"tag-loisirs-culture","15":"tag-mont-saint-michel"},"share_on_mastodon":{"url":"https:\/\/pubeurope.com\/@fr\/114783931135934857","error":""},"_links":{"self":[{"href":"https:\/\/www.europesays.com\/fr\/wp-json\/wp\/v2\/posts\/220787","targetHints":{"allow":["GET"]}}],"collection":[{"href":"https:\/\/www.europesays.com\/fr\/wp-json\/wp\/v2\/posts"}],"about":[{"href":"https:\/\/www.europesays.com\/fr\/wp-json\/wp\/v2\/types\/post"}],"author":[{"embeddable":true,"href":"https:\/\/www.europesays.com\/fr\/wp-json\/wp\/v2\/users\/2"}],"replies":[{"embeddable":true,"href":"https:\/\/www.europesays.com\/fr\/wp-json\/wp\/v2\/comments?post=220787"}],"version-history":[{"count":0,"href":"https:\/\/www.europesays.com\/fr\/wp-json\/wp\/v2\/posts\/220787\/revisions"}],"wp:featuredmedia":[{"embeddable":true,"href":"https:\/\/www.europesays.com\/fr\/wp-json\/wp\/v2\/media\/220788"}],"wp:attachment":[{"href":"https:\/\/www.europesays.com\/fr\/wp-json\/wp\/v2\/media?parent=220787"}],"wp:term":[{"taxonomy":"category","embeddable":true,"href":"https:\/\/www.europesays.com\/fr\/wp-json\/wp\/v2\/categories?post=220787"},{"taxonomy":"post_tag","embeddable":true,"href":"https:\/\/www.europesays.com\/fr\/wp-json\/wp\/v2\/tags?post=220787"}],"curies":[{"name":"wp","href":"https:\/\/api.w.org\/{rel}","templated":true}]}}