{"id":220795,"date":"2025-07-02T13:45:10","date_gmt":"2025-07-02T13:45:10","guid":{"rendered":"https:\/\/www.europesays.com\/fr\/220795\/"},"modified":"2025-07-02T13:45:10","modified_gmt":"2025-07-02T13:45:10","slug":"une-premiere-transmission-autochtone-detectee-dans-la-region-grand-est-confirme-le-risque-important-en-metropole","status":"publish","type":"post","link":"https:\/\/www.europesays.com\/fr\/220795\/","title":{"rendered":"une premi\u00e8re transmission autochtone d\u00e9tect\u00e9e dans la r\u00e9gion Grand-Est \u00ab\u00a0confirme le risque important\u00a0\u00bb en m\u00e9tropole"},"content":{"rendered":"<p>                          <img loading=\"lazy\" decoding=\"async\" src=\"https:\/\/www.europesays.com\/fr\/wp-content\/uploads\/2025\/07\/570d52e_ftp-import-images-1-y89zeiscnler-2025-06-25t070111z-1197456897-rc2u59atibvg-rtrmadp-3-gsk-va.jpeg\" alt=\"Un moustique tigre  est photographi\u00e9 \u00e0 travers un microscope optique 20\u00a0\u00d7, \u00e0 Moncada, Espagne, le 19\u00a0juillet 2024. \"   width=\"664\" height=\"443\"\/>    Un moustique tigre  est photographi\u00e9 \u00e0 travers un microscope optique 20\u00a0\u00d7, \u00e0 Moncada, Espagne, le 19\u00a0juillet 2024.  EVA MANEZ \/ REUTERS                   <\/p>\n<p class=\"article__paragraph  \">Un \u00e9pisode de transmission autochtone du chikungunya a \u00e9t\u00e9 d\u00e9tect\u00e9 dans la r\u00e9gion Grand-Est, ce qui, avec la pr\u00e9cocit\u00e9 et le nombre d\u2019\u00e9pisodes d\u00e9j\u00e0 identifi\u00e9s, \u00ab\u00a0confirme le risque important de transmission autochtone\u00a0\u00bb en m\u00e9tropole, a d\u00e9clar\u00e9, mercredi 2\u00a0juillet, Sant\u00e9 publique France. Jusqu\u2019ici, tous les cas autochtones relev\u00e9s depuis le d\u00e9but de la saison d\u2019activit\u00e9 du moustique tigre se situaient dans le sud de la m\u00e9tropole (Provence-Alpes-C\u00f4te d\u2019Azur, Corse, Occitanie et Auvergne-Rh\u00f4ne-Alpes).<\/p>\n<p class=\"article__paragraph  \">\u00ab\u00a0Sept \u00e9pisodes de transmission autochtone de chikungunya ont \u00e9t\u00e9 identifi\u00e9s dans cinq r\u00e9gions, dont quatre d\u00e9j\u00e0 affect\u00e9es par des \u00e9pisodes de transmission autochtone dans les ann\u00e9es pr\u00e9c\u00e9dentes. Pour la premi\u00e8re fois, un \u00e9pisode de transmission autochtone a \u00e9t\u00e9 identifi\u00e9 en r\u00e9gion Grand-Est\u00a0\u00bb, note l\u2019agence <a href=\"https:\/\/www.santepubliquefrance.fr\/maladies-et-traumatismes\/maladies-a-transmission-vectorielle\/chikungunya\/documents\/bulletin-national\/chikungunya-dengue-et-zika-en-france-hexagonale.-bulletin-de-la-surveillance-renforcee-du-2-juillet-2025\" target=\"_blank\" rel=\"noopener nofollow\" title=\"Nouvelle fen\u00eatre\">dans un bilan hebdomadaire<\/a>.<\/p>\n<p class=\"article__paragraph  \">L\u2019Agence nationale de s\u00e9curit\u00e9 du m\u00e9dicament (ANSM) a, par ailleurs, rapport\u00e9 mercredi avoir \u00e9tabli neuf cas d\u2019effets ind\u00e9sirables graves du vaccin Ixchiq contre le chikungunya depuis le d\u00e9but de la campagne de vaccination.<\/p>\n<p>                                Lire aussi |  Article r\u00e9serv\u00e9 \u00e0 nos abonn\u00e9s  <a href=\"https:\/\/www.lemonde.fr\/planete\/article\/2025\/05\/16\/chikungunya-les-autorites-redoutent-l-importation-de-l-epidemie-en-metropole_6606415_3244.html\" class=\"js-article-read-also catcher--favoris__link\" data-premium=\"1\" id=\"article-title-3422711\" rel=\"nofollow noopener\" target=\"_blank\">Chikungunya\u00a0: les autorit\u00e9s redoutent l\u2019importation de l\u2019\u00e9pid\u00e9mie en m\u00e9tropole<\/a>    <\/p>\n<p>   Lire plus tard  <\/p>\n<p>                   Un risque accru par les conditions climatiques             <\/p>\n<p class=\"article__paragraph  \">Un cas autochtone du chikungunya, virus qui se transmet par des piq\u00fbres de moustiques tigres et se traduit par de la fi\u00e8vre et des douleurs articulaires, signifie que la contamination a eu lieu sur place, et non hors du territoire. Cette ann\u00e9e, les cas autochtones de chikungunya sont les plus pr\u00e9coces jamais identifi\u00e9s en France hexagonale, rappelle Sant\u00e9 publique France. \u00ab\u00a0Une telle pr\u00e9cocit\u00e9 dans la saison d\u2019activit\u00e9 du moustique et un nombre aussi \u00e9lev\u00e9 d\u2019\u00e9pisodes n\u2019avaient jamais \u00e9t\u00e9 observ\u00e9s jusqu\u2019\u00e0 pr\u00e9sent\u00a0\u00bb, insiste-t-elle.<\/p>\n<p class=\"article__paragraph  \">Ce cocktail \u00ab\u00a0confirme le risque important de transmission autochtone de chikungunya sur le territoire hexagonal, y compris dans des r\u00e9gions indemnes jusqu\u2019\u00e0 pr\u00e9sent\u00a0\u00bb, pr\u00e9vient Sant\u00e9 publique France, qui pointe aussi un lien avec l\u2019\u00e9pid\u00e9mie survenue \u00e0 La R\u00e9union et dans l\u2019oc\u00e9an Indien.<\/p>\n<p class=\"article__paragraph  \">S\u2019il a diminu\u00e9, le nombre de cas import\u00e9s de chikungunya ayant voyag\u00e9 \u00e0 La R\u00e9union et dans l\u2019oc\u00e9an Indien \u00ab\u00a0reste \u00e9lev\u00e9\u00a0\u00bb (712 depuis le d\u00e9but de mai) et \u00ab\u00a0contribue \u00e0 l\u2019apparition pr\u00e9coce de transmissions autochtones, d\u2019autant que la souche du virus chikungunya circulant \u00e0 La R\u00e9union est bien adapt\u00e9e au moustique Aedes albopictus\u00a0\u00bb, ajoute-t-elle.<\/p>\n<p class=\"article__paragraph  \">Le risque d\u2019une transmission \u00e9pid\u00e9mique en m\u00e9tropole est aussi accru par le retour des fortes chaleurs. Les temp\u00e9ratures \u00e9lev\u00e9es contribuent en effet \u00e0 la circulation du moustique tigre, un ph\u00e9nom\u00e8ne accentu\u00e9 par le r\u00e9chauffement climatique.<\/p>\n<p>                                Lire aussi |  Article r\u00e9serv\u00e9 \u00e0 nos abonn\u00e9s  <a href=\"https:\/\/www.lemonde.fr\/chaleur-humaine\/article\/2025\/05\/09\/le-moustique-tigre-est-il-plus-present-a-cause-du-rechauffement-climatique_6604384_6125299.html\" class=\"js-article-read-also catcher--favoris__link\" data-premium=\"1\" id=\"article-title-3419352\" rel=\"nofollow noopener\" target=\"_blank\">Y\u2019a-t-il davantage de moustiques-tigres en France \u00e0 cause du r\u00e9chauffement\u00a0climatique\u00a0?<\/a>    <\/p>\n<p>   Lire plus tard  <\/p>\n<p>                   <strong>Des effets ind\u00e9sirables graves apr\u00e8s vaccination identifi\u00e9s<\/strong>             <\/p>\n<p class=\"article__paragraph  \">Parall\u00e8lement \u00e0 La R\u00e9union, <a href=\"https:\/\/www.lemonde.fr\/outre-mer\/article\/2025\/06\/04\/chikungunya-a-la-reunion-cinq-nouveaux-morts-lies-a-l-epidemie-toutefois-en-phase-de-decroissance_6610528_1840826.html\" rel=\"nofollow noopener\" target=\"_blank\">o\u00f9 l\u2019\u00e9pid\u00e9mie s\u2019att\u00e9nue d\u00e9sormais franchement avec l\u2019arriv\u00e9e de l\u2019hiver austral<\/a>, apr\u00e8s avoir caus\u00e9 une vingtaine de morts et touch\u00e9 environ 200\u00a0000 habitants, \u00e0 Mayotte une autre \u00e9pid\u00e9mie de chikungunya est en cours, d\u2019une ampleur incertaine.<\/p>\n<p class=\"article__paragraph  \"><a href=\"https:\/\/www.lemonde.fr\/planete\/article\/2025\/04\/26\/chikungunya-la-vaccination-des-plus-de-65-ans-retiree-a-la-reunion-et-a-mayotte_6600254_3244.html\" rel=\"nofollow noopener\" target=\"_blank\">La campagne de vaccination <\/a><a href=\"https:\/\/www.lemonde.fr\/planete\/article\/2025\/04\/26\/chikungunya-la-vaccination-des-plus-de-65-ans-retiree-a-la-reunion-et-a-mayotte_6600254_3244.html\" rel=\"nofollow noopener\" target=\"_blank\">des plus de <\/a><a href=\"https:\/\/www.lemonde.fr\/planete\/article\/2025\/04\/26\/chikungunya-la-vaccination-des-plus-de-65-ans-retiree-a-la-reunion-et-a-mayotte_6600254_3244.html\" rel=\"nofollow noopener\" target=\"_blank\">65\u00a0ans<\/a> <a href=\"https:\/\/www.lemonde.fr\/planete\/article\/2025\/04\/26\/chikungunya-la-vaccination-des-plus-de-65-ans-retiree-a-la-reunion-et-a-mayotte_6600254_3244.html\" rel=\"nofollow noopener\" target=\"_blank\">avec le vaccin Ixchiq <\/a><a href=\"https:\/\/www.lemonde.fr\/planete\/article\/2025\/04\/26\/chikungunya-la-vaccination-des-plus-de-65-ans-retiree-a-la-reunion-et-a-mayotte_6600254_3244.html\" rel=\"nofollow noopener\" target=\"_blank\">\u00e0 Mayotte et \u00e0 La\u00a0R\u00e9union <\/a><a href=\"https:\/\/www.lemonde.fr\/planete\/article\/2025\/04\/26\/chikungunya-la-vaccination-des-plus-de-65-ans-retiree-a-la-reunion-et-a-mayotte_6600254_3244.html\" rel=\"nofollow noopener\" target=\"_blank\">avait \u00e9t\u00e9 arr\u00eat\u00e9e \u00e0 la fin d\u2019avril, <\/a>apr\u00e8s plusieurs \u00ab\u00a0\u00e9v\u00e9nements ind\u00e9sirables graves\u00a0\u00bb impliquant ce vaccin.<\/p>\n<p class=\"article__paragraph  \">Alors que les autorit\u00e9s sanitaires pilotent une surveillance renforc\u00e9e, qui comprend une enqu\u00eate de pharmacovigilance, les premi\u00e8res analyses de celle-ci, rendues publiques mercredi, rapportent que \u00ab\u00a047 cas d\u2019effets ind\u00e9sirables ont \u00e9t\u00e9 d\u00e9clar\u00e9s et analys\u00e9s sur l\u2019ensemble du territoire fran\u00e7ais\u00a0\u00bb entre le 7\u00a0mars et le 2\u00a0juin\u00a02025, dont \u00ab\u00a018 cas graves\u00a0\u00bb, <a href=\"https:\/\/www.lemonde.fr\/planete\/article\/2025\/04\/26\/chikungunya-la-vaccination-des-plus-de-65-ans-retiree-a-la-reunion-et-a-mayotte_6600254_3244.html\" rel=\"nofollow noopener\" target=\"_blank\">qui ont concern\u00e9 des patients \u00e2g\u00e9s en moyenne de 74\u00a0ans<\/a>, selon l\u2019ANSM.<\/p>\n<p>                                Lire aussi |  Article r\u00e9serv\u00e9 \u00e0 nos abonn\u00e9s  <a href=\"https:\/\/www.lemonde.fr\/planete\/article\/2025\/04\/30\/chikungunya-pourquoi-la-vaccination-des-plus-de-65-ans-a-ete-arretee-alors-que-l-epidemie-atteint-son-pic_6602029_3244.html\" class=\"js-article-read-also catcher--favoris__link\" data-premium=\"1\" id=\"article-title-3420652\" rel=\"nofollow noopener\" target=\"_blank\">Chikungunya\u00a0: pourquoi la vaccination des plus de 65\u00a0ans a \u00e9t\u00e9 arr\u00eat\u00e9e, alors que l\u2019\u00e9pid\u00e9mie atteint son pic<\/a>    <\/p>\n<p>   Lire plus tard  <\/p>\n<p class=\"article__paragraph  \">La majorit\u00e9 des cas (77\u00a0%) proviennent de La R\u00e9union, et les principaux effets ind\u00e9sirables graves rapport\u00e9s \u00e9voquent des sympt\u00f4mes similaires \u00e0 ceux d\u2019une forme grave d\u2019infection au virus chikungunya, pr\u00e9cise le communiqu\u00e9. \u00ab\u00a0L\u2019\u00e9valuation pharmacologique montre qu\u2019il existe un lien entre le vaccin et les effets ind\u00e9sirables graves pour neuf de ces patients\u00a0\u00bb, ajoute l\u2019ANSM.<\/p>\n<p class=\"article__paragraph  \">Parmi les cas graves, trois morts ont \u00e9t\u00e9 rapport\u00e9es chez des personnes de plus de 65\u00a0ans atteintes d\u2019autres pathologies, huit patients \u00e9taient r\u00e9tablis ou en cours de r\u00e9tablissement, et sept n\u2019\u00e9taient pas r\u00e9tablis, pr\u00e9cise l\u2019ANSM. Pour l\u2019une des morts, le lien avec le vaccin semble \u00ab\u00a0tr\u00e8s vraisemblable\u00a0\u00bb, tandis que pour les deux autres l\u2019imputabilit\u00e9 du vaccin n\u2019est pas \u00e9tablie \u00ab\u00a0\u00e0 ce jour\u00a0\u00bb.<\/p>\n<p class=\"article__paragraph  \">L\u2019enqu\u00eate de pharmacovigilance met \u00e9galement en \u00e9vidence \u00ab\u00a0des effets ind\u00e9sirables nouveaux ou inhabituels, sugg\u00e9rant un r\u00f4le possible du vaccin et qui demandent des investigations compl\u00e9mentaires\u00a0\u00bb. Ces signaux potentiels concernent\u00a0: le risque d\u2019enc\u00e9phalopathie ou d\u2019enc\u00e9phalite (trois cas) chez des personnes \u00e2g\u00e9es qui pr\u00e9sentent des comorbidit\u00e9s\u00a0; le risque de chute \u00e0 distance de la vaccination (sept cas)\u00a0; le risque de microangiopathie thrombotique (un cas). Ils font l\u2019objet d\u2019investigations compl\u00e9mentaires au niveau europ\u00e9en.<\/p>\n<p class=\"author__detail\">  Le Monde avec AFP  <\/p>\n<p>                  <a href=\"https:\/\/www.lemonde.fr\/syndication\/\" class=\"reuse__content\" title=\"R\u00e9utiliser ce contenu\" target=\"_blank\" rel=\"nofollow noopener\">R\u00e9utiliser ce contenu<\/a>      <\/p>\n","protected":false},"excerpt":{"rendered":"Un moustique tigre est photographi\u00e9 \u00e0 travers un microscope optique 20\u00a0\u00d7, \u00e0 Moncada, Espagne, le 19\u00a0juillet 2024. EVA&hellip;\n","protected":false},"author":2,"featured_media":220796,"comment_status":"","ping_status":"","sticky":false,"template":"","format":"standard","meta":{"footnotes":""},"categories":[10],"tags":[1011,27,72,71],"class_list":{"0":"post-220795","1":"post","2":"type-post","3":"status-publish","4":"format-standard","5":"has-post-thumbnail","7":"category-sante","8":"tag-fr","9":"tag-france","10":"tag-health","11":"tag-sante"},"share_on_mastodon":{"url":"https:\/\/pubeurope.com\/@fr\/114783946351965642","error":""},"_links":{"self":[{"href":"https:\/\/www.europesays.com\/fr\/wp-json\/wp\/v2\/posts\/220795","targetHints":{"allow":["GET"]}}],"collection":[{"href":"https:\/\/www.europesays.com\/fr\/wp-json\/wp\/v2\/posts"}],"about":[{"href":"https:\/\/www.europesays.com\/fr\/wp-json\/wp\/v2\/types\/post"}],"author":[{"embeddable":true,"href":"https:\/\/www.europesays.com\/fr\/wp-json\/wp\/v2\/users\/2"}],"replies":[{"embeddable":true,"href":"https:\/\/www.europesays.com\/fr\/wp-json\/wp\/v2\/comments?post=220795"}],"version-history":[{"count":0,"href":"https:\/\/www.europesays.com\/fr\/wp-json\/wp\/v2\/posts\/220795\/revisions"}],"wp:featuredmedia":[{"embeddable":true,"href":"https:\/\/www.europesays.com\/fr\/wp-json\/wp\/v2\/media\/220796"}],"wp:attachment":[{"href":"https:\/\/www.europesays.com\/fr\/wp-json\/wp\/v2\/media?parent=220795"}],"wp:term":[{"taxonomy":"category","embeddable":true,"href":"https:\/\/www.europesays.com\/fr\/wp-json\/wp\/v2\/categories?post=220795"},{"taxonomy":"post_tag","embeddable":true,"href":"https:\/\/www.europesays.com\/fr\/wp-json\/wp\/v2\/tags?post=220795"}],"curies":[{"name":"wp","href":"https:\/\/api.w.org\/{rel}","templated":true}]}}