{"id":220817,"date":"2025-07-02T13:56:18","date_gmt":"2025-07-02T13:56:18","guid":{"rendered":"https:\/\/www.europesays.com\/fr\/220817\/"},"modified":"2025-07-02T13:56:18","modified_gmt":"2025-07-02T13:56:18","slug":"voici-les-communes-de-meurthe-et-moselle-ou-acheter-une-maison-en-2025","status":"publish","type":"post","link":"https:\/\/www.europesays.com\/fr\/220817\/","title":{"rendered":"voici les communes de Meurthe-et-Moselle o\u00f9 acheter une\u00a0maison\u00a0en\u00a02025"},"content":{"rendered":"<p>            Par<br \/>\n        <strong><br \/>\n            <a href=\"https:\/\/actu.fr\/auteur\/pierre-emile-bouchy-actu-fr\" title=\"Consulter tous les articles de Paul-Emile Bouchy\" rel=\"nofollow noopener\" target=\"_blank\">Paul-Emile Bouchy<\/a><br \/>\n        <\/strong><\/p>\n<p>        Publi\u00e9 le<\/p>\n<p>            2 juil. 2025 \u00e0 13h32        <\/p>\n<p>Vous comptez <strong>acheter une maison<\/strong> dans le secteur de <a href=\"https:\/\/actu.fr\/tag\/immobilier\" rel=\"nofollow noopener\" target=\"_blank\">Nancy<\/a>, mais\u00a0vous n\u2019avez pas encore trouv\u00e9 votre bien immobilier\u2009? D\u2019apr\u00e8s le site <a href=\"https:\/\/edito.seloger.com\/conseils-d-experts\/acheter\/achat-d-une-maison-autour-de-nancy-2025-voici-prix-ont-recemment-baisse_2\" rel=\"nofollow noopener\" target=\"_blank\">SeLoger.com<\/a>, <strong>cinq communes ont vu les prix des maisons chuter<\/strong> depuis 2022 dans les environs de la cit\u00e9 ducale.<\/p>\n<p class=\" wall-content\">On vous pr\u00e9sente ces villes o\u00f9 il fait bon investir.<\/p>\n<p>Une baisse significative \u00e0 Nancy<\/p>\n<p class=\" wall-content\"><strong>Nancy<\/strong> fait partie des villes o\u00f9 le prix des maisons a baiss\u00e9. Selon SeLoger, une baisse de pr\u00e8s de 10\u2009% est constat\u00e9e dans la <a href=\"https:\/\/actu.fr\/societe\/nancy-ou-metz-quelle-est-la-vraie-capitale-de-la-lorraine-cet-historien-tranche_61921550.html#:~:text=Alors%2C%20%C3%A0%20l&#039;heure%20actuelle,la%20capitale%20de%20la%20Lorraine.\" rel=\"nofollow noopener\" target=\"_blank\">capitale de la Lorraine<\/a> entre\u00a02022 et\u00a02025\u2009:<\/p>\n<ul class=\" wall-content\">\n<li><strong>Prix moyen au m\u00b2 en 2025\u2009: 2\u2009761\u00a0\u20ac<\/strong> (- 9,4\u2009% par rapport \u00e0 2022)<\/li>\n<\/ul>\n<p class=\" wall-content\">Ce recul pourrait \u00eatre d\u00fb, d\u2019apr\u00e8s le site, \u00ab\u2009\u00e0 <strong>un effet de rattrapage apr\u00e8s une p\u00e9riode de hausse soutenue<\/strong>, ainsi qu\u2019\u00e0 une r\u00e9orientation de la demande vers la p\u00e9riph\u00e9rie\u2009\u00bb.<\/p>\n<p>Des villes paisibles o\u00f9 les prix sont en baisse<\/p>\n<p class=\" wall-content\">Outre Nancy, SeLoger a s\u00e9lectionn\u00e9 quatre communes situ\u00e9es dans un p\u00e9rim\u00e8tre de 25\u00a0km autour de la cit\u00e9 ducale. Elles ont toutes vu <strong>une baisse du prix moyen au m\u00b2 de 9,4\u2009% entre\u00a02022 et\u00a02025<\/strong>\u2009:<\/p>\n<ul class=\" wall-content\">\n<li><strong>Laneuveville-devant-Nancy\u2009: 2\u2009190\u00a0\u20ac<\/strong> le prix moyen au m\u00b2 en 2025 ;<\/li>\n<li><strong>Liverdun\u2009: 1\u2009832 \u20ac<\/strong> ;<\/li>\n<li><strong>Jeandelaincourt\u2009: 1\u2009711 \u20ac <\/strong>;<\/li>\n<li><strong>Arraye-et-Han\u2009: 1\u2009435 \u20ac<\/strong>.<\/li>\n<\/ul>\n<p class=\" wall-content\">D\u2019apr\u00e8s le site, cette baisse peut \u00eatre li\u00e9e \u00e0 <strong>plusieurs facteurs selon les communes<\/strong>\u2009: une plus grande offre de maisons en p\u00e9riph\u00e9rie, un recalibrage des prix post-Covid, une demande limit\u00e9e dans les zones rurales ou un r\u00e9ajustement de la valeur per\u00e7ue.<\/p>\n<p class=\" wall-content\">Suivez toute l\u2019actualit\u00e9 de vos villes et m\u00e9dias favoris en vous inscrivant \u00e0 <a href=\"https:\/\/moncompte.actu.fr\" title=\"D\u00e9couvez Mon Actu\" rel=\"nofollow noopener\" data-trk=\"{&quot;cta&quot;:{&quot;action&quot;:&quot;https:\\\/\\\/moncompte.actu.fr&quot;,&quot;category&quot;:&quot;mon compte&quot;,&quot;from&quot;:&quot;article footer&quot;,&quot;name&quot;:&quot;Mon actu&quot;,&quot;type&quot;:&quot;cta&quot;}}\" target=\"_blank\">Mon Actu<\/a>.<\/p>\n","protected":false},"excerpt":{"rendered":"Par Paul-Emile Bouchy Publi\u00e9 le 2 juil. 2025 \u00e0 13h32 Vous comptez acheter une maison dans le secteur&hellip;\n","protected":false},"author":2,"featured_media":220818,"comment_status":"","ping_status":"","sticky":false,"template":"","format":"standard","meta":{"footnotes":""},"categories":[9635],"tags":[1111,11,1777,674,1011,27,775,1116,1702,12,25,104],"class_list":{"0":"post-220817","1":"post","2":"type-post","3":"status-publish","4":"format-standard","5":"has-post-thumbnail","7":"category-nancy","8":"tag-actu","9":"tag-actualites","10":"tag-eu","11":"tag-europe","12":"tag-fr","13":"tag-france","14":"tag-grand-est","15":"tag-immobilier","16":"tag-nancy","17":"tag-news","18":"tag-republique-francaise","19":"tag-societe"},"share_on_mastodon":{"url":"https:\/\/pubeurope.com\/@fr\/114783989587323456","error":""},"_links":{"self":[{"href":"https:\/\/www.europesays.com\/fr\/wp-json\/wp\/v2\/posts\/220817","targetHints":{"allow":["GET"]}}],"collection":[{"href":"https:\/\/www.europesays.com\/fr\/wp-json\/wp\/v2\/posts"}],"about":[{"href":"https:\/\/www.europesays.com\/fr\/wp-json\/wp\/v2\/types\/post"}],"author":[{"embeddable":true,"href":"https:\/\/www.europesays.com\/fr\/wp-json\/wp\/v2\/users\/2"}],"replies":[{"embeddable":true,"href":"https:\/\/www.europesays.com\/fr\/wp-json\/wp\/v2\/comments?post=220817"}],"version-history":[{"count":0,"href":"https:\/\/www.europesays.com\/fr\/wp-json\/wp\/v2\/posts\/220817\/revisions"}],"wp:featuredmedia":[{"embeddable":true,"href":"https:\/\/www.europesays.com\/fr\/wp-json\/wp\/v2\/media\/220818"}],"wp:attachment":[{"href":"https:\/\/www.europesays.com\/fr\/wp-json\/wp\/v2\/media?parent=220817"}],"wp:term":[{"taxonomy":"category","embeddable":true,"href":"https:\/\/www.europesays.com\/fr\/wp-json\/wp\/v2\/categories?post=220817"},{"taxonomy":"post_tag","embeddable":true,"href":"https:\/\/www.europesays.com\/fr\/wp-json\/wp\/v2\/tags?post=220817"}],"curies":[{"name":"wp","href":"https:\/\/api.w.org\/{rel}","templated":true}]}}