{"id":220827,"date":"2025-07-02T14:02:09","date_gmt":"2025-07-02T14:02:09","guid":{"rendered":"https:\/\/www.europesays.com\/fr\/220827\/"},"modified":"2025-07-02T14:02:09","modified_gmt":"2025-07-02T14:02:09","slug":"un-arbre-menace-de-tomber-sur-la-voie-sncf-les-trains-rouen-le-havre-et-rouen-dieppe-retardes-ce-mercredi-apres-midi","status":"publish","type":"post","link":"https:\/\/www.europesays.com\/fr\/220827\/","title":{"rendered":"Un arbre menace de tomber sur la voie SNCF\u00a0: les trains Rouen-Le Havre et Rouen-Dieppe retard\u00e9s ce mercredi apr\u00e8s-midi"},"content":{"rendered":"<p>La circulation est interrompue depuis 13h30 sur les lignes SNCF Rouen-Le Havre et Rouen-Dieppe, \u00e0 cause d&rsquo;un arbre qui menace de tomber sur les voies. Les branches ont touch\u00e9 une cat\u00e9naire entre Isneauville et Rouen et provoqu\u00e9 un d\u00e9faut d&rsquo;alimentation \u00e9lectrique.<\/p>\n<p>Le trafic des trains a \u00e9t\u00e9 interrompue vers 13h30 ce mercredi apr\u00e8s-midi, sur les lignes Rouen-Le Havre et Rouen-Dieppe. Un arbre mena\u00e7ait de tomber sur les voies entre Isneauville et Rouen, et ses branches ont touch\u00e9 une cat\u00e9naire, provoquant un d\u00e9faut \u00e9lectrique. Les \u00e9quipes de SNCF R\u00e9seau sont \u00e0 l&rsquo;\u0153uvre pour effectuer \u00ab\u00a0les premi\u00e8res v\u00e9rifications de s\u00e9curit\u00e9 et potentielles r\u00e9parations\u00a0\u00bb indiquait la SNCF sur son compte X en d\u00e9but d&rsquo;apr\u00e8s-midi.<\/p>\n<p>Aucun train n&rsquo;a \u00e9t\u00e9 bloqu\u00e9 sur les voies, selon le personnel d&rsquo;astreinte, mais certains accusent <strong>jusqu&rsquo;\u00e0 deux heures de retard<\/strong>. La reprise du trafic, initialement pr\u00e9vue \u00e0 17 heures a \u00e9t\u00e9 avanc\u00e9e. La circulation des trains a repris \u00e0 15 heures.<\/p>\n","protected":false},"excerpt":{"rendered":"La circulation est interrompue depuis 13h30 sur les lignes SNCF Rouen-Le Havre et Rouen-Dieppe, \u00e0 cause d&rsquo;un arbre&hellip;\n","protected":false},"author":2,"featured_media":220828,"comment_status":"","ping_status":"","sticky":false,"template":"","format":"standard","meta":{"footnotes":""},"categories":[9587],"tags":[1111,11,1777,674,1011,27,12,5161,25,9590],"class_list":{"0":"post-220827","1":"post","2":"type-post","3":"status-publish","4":"format-standard","5":"has-post-thumbnail","7":"category-rouen","8":"tag-actu","9":"tag-actualites","10":"tag-eu","11":"tag-europe","12":"tag-fr","13":"tag-france","14":"tag-news","15":"tag-normandie","16":"tag-republique-francaise","17":"tag-rouen"},"share_on_mastodon":{"url":"https:\/\/pubeurope.com\/@fr\/114784012965116112","error":""},"_links":{"self":[{"href":"https:\/\/www.europesays.com\/fr\/wp-json\/wp\/v2\/posts\/220827","targetHints":{"allow":["GET"]}}],"collection":[{"href":"https:\/\/www.europesays.com\/fr\/wp-json\/wp\/v2\/posts"}],"about":[{"href":"https:\/\/www.europesays.com\/fr\/wp-json\/wp\/v2\/types\/post"}],"author":[{"embeddable":true,"href":"https:\/\/www.europesays.com\/fr\/wp-json\/wp\/v2\/users\/2"}],"replies":[{"embeddable":true,"href":"https:\/\/www.europesays.com\/fr\/wp-json\/wp\/v2\/comments?post=220827"}],"version-history":[{"count":0,"href":"https:\/\/www.europesays.com\/fr\/wp-json\/wp\/v2\/posts\/220827\/revisions"}],"wp:featuredmedia":[{"embeddable":true,"href":"https:\/\/www.europesays.com\/fr\/wp-json\/wp\/v2\/media\/220828"}],"wp:attachment":[{"href":"https:\/\/www.europesays.com\/fr\/wp-json\/wp\/v2\/media?parent=220827"}],"wp:term":[{"taxonomy":"category","embeddable":true,"href":"https:\/\/www.europesays.com\/fr\/wp-json\/wp\/v2\/categories?post=220827"},{"taxonomy":"post_tag","embeddable":true,"href":"https:\/\/www.europesays.com\/fr\/wp-json\/wp\/v2\/tags?post=220827"}],"curies":[{"name":"wp","href":"https:\/\/api.w.org\/{rel}","templated":true}]}}