{"id":220829,"date":"2025-07-02T14:04:13","date_gmt":"2025-07-02T14:04:13","guid":{"rendered":"https:\/\/www.europesays.com\/fr\/220829\/"},"modified":"2025-07-02T14:04:13","modified_gmt":"2025-07-02T14:04:13","slug":"les-habitants-de-chamrousse-refusent-dintegrer-la-metropole-de-grenoble","status":"publish","type":"post","link":"https:\/\/www.europesays.com\/fr\/220829\/","title":{"rendered":"les habitants de Chamrousse refusent d&rsquo;int\u00e9grer la M\u00e9tropole de Grenoble"},"content":{"rendered":"<p>\t\t\t\t\t\t\t\t\t\t\t<img loading=\"lazy\" decoding=\"async\" width=\"1110\" title=\"Is\u00e8re : les habitants de Chamrousse refusent d'int\u00e9grer la M\u00e9tropole de Grenoble\" class=\"img-fluid not_lzld mb-3\" src=\"https:\/\/grandgrenoble.alpes1.com\/media\/news\/thumb\/1110x624_isere-les-habitants-de-chamrousse-refusent-d-integrer-la-metropole-de-grenoble_686532f78eab0.webp\" alt=\"Is\u00e8re : les habitants de Chamrousse refusent d'int\u00e9grer la M\u00e9tropole de Grenoble\" itemprop=\"image\" height=\"624\"\/>\t\t\t\t\t\t\t\t\t\t\t\t<\/p>\n<p>Is\u00e8re : les habitants de Chamrousse refusent d&rsquo;int\u00e9grer la M\u00e9tropole de Grenoble &#8211; DR<\/p>\n<p itemprop=\"description\"><strong>Les habitants de Chamrousse ont exprim\u00e9 leur volont\u00e9 concernant le futur de la station.<\/strong><\/p>\n<p>Brigitte de Bernis, maire de Chamrousse voulait mettre les choses au clair avec les habitants. Une concertation publique s\u2019est tenue il y a quelques jours afin de demander aux habitants ce qu\u2019ils souhaitaient pour l\u2019avenir de la station. A l\u2019heure actuelle, la commune est autog\u00e9r\u00e9e et sans difficult\u00e9s financi\u00e8res particuli\u00e8res.<\/p>\n<p>Les habitants devaient alors voter pour trois choix : rester dans la configuration actuelle, rejoindre le r\u00e9seau de stations communautaires du Gr\u00e9sivaudan, ou rejoindre Grenoble-Alpes M\u00e9tropole.<\/p>\n<p>Avec un taux de participation \u00e0 51,4%, le r\u00e9sultat est sans appel suite \u00e0 la consultation citoyenne. Les Chamroussiens ont dit \u00ab\u00a0non\u00a0\u00bb \u00e0 73% pour devenir une station communautaire contre 12,8% \u00ab\u00a0oui\u00a0\u00bb. L\u2019option de rattachement \u00e0 la M\u00e9tropole de Grenoble a \u00e9t\u00e9 \u00e9galement largement rejet\u00e9e, par 70,3% des voix. Mais le troisi\u00e8me choix n\u2019a pas eu le m\u00eame r\u00e9sultat. L\u2019option de rester ind\u00e9pendant a \u00e9t\u00e9 vot\u00e9e \u00ab\u00a0oui\u00a0\u00bb \u00e0 58,5% des voix.<\/p>\n<p>Leur choix est donc clair. Mais, ce vote ne d\u00e9cidera pas l\u2019avenir de la station. Il pourrait cependant influencer le cours de la campagne des municipales en mars 2026. Ce sujet sera un des grands d\u00e9bats.<\/p>\n<p>\u00ab\u00a0Peu (sinon aucun) de nos administr\u00e9s n&rsquo;ont manifest\u00e9 un int\u00e9r\u00eat ou une volont\u00e9 \u00e0 devenir une station communautaire. Le personnel de la R\u00e9gie des Remont\u00e9es M\u00e9caniques a au contraire exprim\u00e9 toute son inqui\u00e9tude par rapport \u00e0 un tel projet. Ce sera sans doute un premier acquis du vote qui se tiendra \u00e0 la fin du mois. Concernant l&rsquo;appartenance \u00e0 quel EPCI, Gr\u00e9sivaudan ou m\u00e9tropole de Grenoble, les avis sont partag\u00e9s. D&rsquo;un c\u00f4t\u00e9 l&rsquo;attachement historique au Gr\u00e9sivaudan qui nous a beaucoup aid\u00e9 dans le pass\u00e9, et l&rsquo;attachement \u00e0 Belledonne. De l&rsquo;autre la r\u00e9alit\u00e9 du positionnement \u00e9conomique et g\u00e9ographique de Chamrousse sur le territoire de la m\u00e9tropole de Grenoble. Cette proximit\u00e9 qui permet des coop\u00e9rations, avec des int\u00e9r\u00eats et des objectifs partag\u00e9s. Les \u00e9lus changent, les gouvernances aussi, les acquis se perdent, &#8230; le territoire \u00e9conomique et g\u00e9ographique demeure, comme une \u00e9vidence\u00a0\u00bb, a r\u00e9agi la mairie sur son site.<\/p>\n","protected":false},"excerpt":{"rendered":"Is\u00e8re : les habitants de Chamrousse refusent d&rsquo;int\u00e9grer la M\u00e9tropole de Grenoble &#8211; DR Les habitants de Chamrousse&hellip;\n","protected":false},"author":2,"featured_media":220830,"comment_status":"","ping_status":"","sticky":false,"template":"","format":"standard","meta":{"footnotes":""},"categories":[9566],"tags":[1111,11,7733,8279,2430,7736,650,7734,2889,2263,1777,674,1011,27,2731,8280,6417,1114,108,4662,12,3725,1825,25,7737],"class_list":{"0":"post-220829","1":"post","2":"type-post","3":"status-publish","4":"format-standard","5":"has-post-thumbnail","7":"category-grenoble","8":"tag-actu","9":"tag-actualites","10":"tag-alpes","11":"tag-alpes1","12":"tag-auvergne-rhone-alpes","13":"tag-cds","14":"tag-cinema","15":"tag-ecoute","16":"tag-emission","17":"tag-equipe","18":"tag-eu","19":"tag-europe","20":"tag-fr","21":"tag-france","22":"tag-grenoble","23":"tag-haute","24":"tag-information","25":"tag-infos","26":"tag-isere","27":"tag-journal","28":"tag-news","29":"tag-podcast","30":"tag-radio","31":"tag-republique-francaise","32":"tag-winamp"},"share_on_mastodon":{"url":"https:\/\/pubeurope.com\/@fr\/114784020955930128","error":""},"_links":{"self":[{"href":"https:\/\/www.europesays.com\/fr\/wp-json\/wp\/v2\/posts\/220829","targetHints":{"allow":["GET"]}}],"collection":[{"href":"https:\/\/www.europesays.com\/fr\/wp-json\/wp\/v2\/posts"}],"about":[{"href":"https:\/\/www.europesays.com\/fr\/wp-json\/wp\/v2\/types\/post"}],"author":[{"embeddable":true,"href":"https:\/\/www.europesays.com\/fr\/wp-json\/wp\/v2\/users\/2"}],"replies":[{"embeddable":true,"href":"https:\/\/www.europesays.com\/fr\/wp-json\/wp\/v2\/comments?post=220829"}],"version-history":[{"count":0,"href":"https:\/\/www.europesays.com\/fr\/wp-json\/wp\/v2\/posts\/220829\/revisions"}],"wp:featuredmedia":[{"embeddable":true,"href":"https:\/\/www.europesays.com\/fr\/wp-json\/wp\/v2\/media\/220830"}],"wp:attachment":[{"href":"https:\/\/www.europesays.com\/fr\/wp-json\/wp\/v2\/media?parent=220829"}],"wp:term":[{"taxonomy":"category","embeddable":true,"href":"https:\/\/www.europesays.com\/fr\/wp-json\/wp\/v2\/categories?post=220829"},{"taxonomy":"post_tag","embeddable":true,"href":"https:\/\/www.europesays.com\/fr\/wp-json\/wp\/v2\/tags?post=220829"}],"curies":[{"name":"wp","href":"https:\/\/api.w.org\/{rel}","templated":true}]}}