{"id":220833,"date":"2025-07-02T14:06:09","date_gmt":"2025-07-02T14:06:09","guid":{"rendered":"https:\/\/www.europesays.com\/fr\/220833\/"},"modified":"2025-07-02T14:06:09","modified_gmt":"2025-07-02T14:06:09","slug":"easyjet-croit-toujours-en-lavenir-de-laeroport-et-annonce-deux-nouvelles-destinations","status":"publish","type":"post","link":"https:\/\/www.europesays.com\/fr\/220833\/","title":{"rendered":"EasyJet croit toujours en l\u2019avenir de l\u2019a\u00e9roport et annonce deux nouvelles destinations"},"content":{"rendered":"<p>Il est toujours en vie\u00a0! En difficult\u00e9 depuis des ann\u00e9es avec <a href=\"https:\/\/www.20minutes.fr\/societe\/4134729-20250121-rennes-promis-avenir-radieux-apres-abandon-dame-landes-aeroport-decolle\" class=\"color-ultramarine c-link\" rel=\"nofollow noopener\" target=\"_blank\">un nombre de passagers qui ne cesse de baisser<\/a>, l\u2019a\u00e9roport de Rennes refuse de renoncer. Ce mercredi 2\u00a0juillet, sa direction a pu c\u00e9l\u00e9brer deux \u00e9v\u00e9nements conjoints\u00a0: l\u2019arriv\u00e9e <a href=\"https:\/\/www.bretagne-economique.com\/actualites\/laeroport-de-rennes-annonce-louverture-prochaine-dune-nouvelle-ligne-vers-manchester\/\" rel=\"nofollow noopener\" target=\"_blank\" class=\"color-ultramarine c-link\">du premier vol en provenance de Manchester<\/a> (Angleterre), qui a atterri ce midi sur le sol breton. Mais ce n\u2019\u00e9tait pas la seule bonne nouvelle port\u00e9e par EasyJet. La compagnie a\u00e9rienne anglaise a annonc\u00e9 l\u2019ouverture de deux nouvelles liaisons permanentes \u00e0 compter de l\u2019automne. Et pas des moindres\u00a0: Barcelone et Gen\u00e8ve. Deux hubs europ\u00e9ens tr\u00e8s chers \u00e0 EasyJet qui permettront \u00e0 Rennes d\u2019offrir de nouveaux vols en correspondance. Un vol sera propos\u00e9 chaque jeudi et dimanche pour Barcelone et chaque lundi et vendredi pour Gen\u00e8ve.<\/p>\n<p>La liaison vers Barcelone \u00e9tait \u00e9galement tr\u00e8s attendue des Bretons et des professionnels du tourisme. Op\u00e9r\u00e9e par la compagnie Vueling en\u00a02013, la liaison vers la capitale de la Catalogne s&rsquo;est arr\u00eat\u00e9e avant l\u2019arriv\u00e9e du Covid-19, quand la compagnie anglaise avait migr\u00e9 vers Orly. Depuis, <a href=\"https:\/\/www.20minutes.fr\/rennes\/4010017-20221115-rennes-grand-aeroport-promis-apres-abandon-dame-landes\" class=\"color-ultramarine c-link\" rel=\"nofollow noopener\" target=\"_blank\">le nombre de destinations directes avait fondu<\/a>. En\u00a02024, la plateforme de Saint-Jacques-de-la-Lande n\u2019avait vu passer que 512.000 voyageurs. Loin, tr\u00e8s loin des 850.000 passagers embarqu\u00e9s en\u00a02019, quand l\u2019a\u00e9roport \u00e9tait en pleine croissance.<\/p>\n<\/p>\n<p>Apr\u00e8s des ann\u00e9es de crise, il semblerait que la porte d\u2019entr\u00e9e vers la Bretagne s\u2019ouvre \u00e0 l\u2019international. Outre la Suisse et l\u2019Espagne, ce sont aussi deux lignes vers le Maroc qui ouvriront cet hiver vers Agadir et Marrakech. Conscient de ses limites, l\u2019a\u00e9roport rennais joue la carte de l\u2019\u00e9quipement \u00ab\u00a0\u00e0 taille humaine\u00a0\u00bb. Quinze destinations en direct sont d\u00e9sormais disponibles au d\u00e9part de la capitale bretonne.<\/p>\n","protected":false},"excerpt":{"rendered":"Il est toujours en vie\u00a0! En difficult\u00e9 depuis des ann\u00e9es avec un nombre de passagers qui ne cesse&hellip;\n","protected":false},"author":2,"featured_media":220834,"comment_status":"","ping_status":"","sticky":false,"template":"","format":"standard","meta":{"footnotes":""},"categories":[2821],"tags":[1111,47,11,663,37,4791,829,35984,8763,661,123,1777,674,1011,27,10868,848,12,584,25,104,3067,602,586],"class_list":{"0":"post-220833","1":"post","2":"type-post","3":"status-publish","4":"format-standard","5":"has-post-thumbnail","7":"category-rennes","8":"tag-actu","9":"tag-actualite","10":"tag-actualites","11":"tag-aeroport","12":"tag-avion","13":"tag-barcelone","14":"tag-bretagne","15":"tag-catalogne","16":"tag-compagnie-aerienne","17":"tag-easyjet","18":"tag-espagne","19":"tag-eu","20":"tag-europe","21":"tag-fr","22":"tag-france","23":"tag-geneve","24":"tag-ille-et-vilaine","25":"tag-news","26":"tag-rennes","27":"tag-republique-francaise","28":"tag-societe","29":"tag-suisse","30":"tag-tourisme","31":"tag-voyage"},"share_on_mastodon":{"url":"https:\/\/pubeurope.com\/@fr\/114784029059474394","error":""},"_links":{"self":[{"href":"https:\/\/www.europesays.com\/fr\/wp-json\/wp\/v2\/posts\/220833","targetHints":{"allow":["GET"]}}],"collection":[{"href":"https:\/\/www.europesays.com\/fr\/wp-json\/wp\/v2\/posts"}],"about":[{"href":"https:\/\/www.europesays.com\/fr\/wp-json\/wp\/v2\/types\/post"}],"author":[{"embeddable":true,"href":"https:\/\/www.europesays.com\/fr\/wp-json\/wp\/v2\/users\/2"}],"replies":[{"embeddable":true,"href":"https:\/\/www.europesays.com\/fr\/wp-json\/wp\/v2\/comments?post=220833"}],"version-history":[{"count":0,"href":"https:\/\/www.europesays.com\/fr\/wp-json\/wp\/v2\/posts\/220833\/revisions"}],"wp:featuredmedia":[{"embeddable":true,"href":"https:\/\/www.europesays.com\/fr\/wp-json\/wp\/v2\/media\/220834"}],"wp:attachment":[{"href":"https:\/\/www.europesays.com\/fr\/wp-json\/wp\/v2\/media?parent=220833"}],"wp:term":[{"taxonomy":"category","embeddable":true,"href":"https:\/\/www.europesays.com\/fr\/wp-json\/wp\/v2\/categories?post=220833"},{"taxonomy":"post_tag","embeddable":true,"href":"https:\/\/www.europesays.com\/fr\/wp-json\/wp\/v2\/tags?post=220833"}],"curies":[{"name":"wp","href":"https:\/\/api.w.org\/{rel}","templated":true}]}}