{"id":220835,"date":"2025-07-02T14:07:12","date_gmt":"2025-07-02T14:07:12","guid":{"rendered":"https:\/\/www.europesays.com\/fr\/220835\/"},"modified":"2025-07-02T14:07:12","modified_gmt":"2025-07-02T14:07:12","slug":"nos-idees-de-sorties-a-strasbourg-3","status":"publish","type":"post","link":"https:\/\/www.europesays.com\/fr\/220835\/","title":{"rendered":"nos id\u00e9es de sorties \u00e0 Strasbourg"},"content":{"rendered":"<p>  A Strasbourg, le Divercity Festival, une premi\u00e8re pour la visibilit\u00e9 queer<\/p>\n<p><strong>Ambiance militante et d\u00e9contract\u00e9e au programme du premier Divercity Festival, qui mettra en lumi\u00e8re la communaut\u00e9 LGBT alsacienne ce samedi 5\u00a0juillet au parc du Heyritz, \u00e0 Strasbourg.<\/strong><\/p>\n<p>La premi\u00e8re \u00e9dition du Divercity Festival entend c\u00e9l\u00e9brer les cultures et <a href=\"https:\/\/www.dna.fr\/societe\/2022\/10\/21\/drag-queens-de-l-ombre-a-la-lumiere\" target=\"_blank\" rel=\"nofollow noopener\">les identit\u00e9s queer<\/a> \u00e0 Strasbourg \u00e0 travers dix heures de programmation non-stop. De 12\u00a0h \u00e0 22\u00a0h, samedi 5\u00a0juillet, le parc du Heyritz va vibrer au rythme des 30 artistes invit\u00e9s de la sc\u00e8ne locale, \u00e0 l\u2019initiative de la House of Marley Entertainment (H.O.M.E) Asso et de la Ville de Strasbourg.<\/p>\n<p>Ce contenu est bloqu\u00e9 car vous n&rsquo;avez pas accept\u00e9 les cookies et autres traceurs.<\/p>\n<p>En cliquant sur \u00ab J\u2019accepte \u00bb, les cookies et autres traceurs seront d\u00e9pos\u00e9s et vous pourrez visualiser les contenus  (<a href=\"\" class=\"consentModule_policy\" target=\"_blank\" title=\"Consulter la politique de protection des donn\u00e9es du fournisseur\">plus d&rsquo;informations<\/a>).<\/p>\n<p>En cliquant sur \u00ab J\u2019accepte tous les cookies \u00bb, vous autorisez des d\u00e9p\u00f4ts de cookies et autres traceurs pour le stockage de vos donn\u00e9es sur nos sites et applications \u00e0 des fins de personnalisation et de ciblage publicitaire.<\/p>\n<p class=\"consentModule_secondaryText\">Vous gardez la possibilit\u00e9 de retirer votre consentement \u00e0 tout moment en consultant notre <a href=\"https:\/\/www.dna.fr\/protection-des-donnees\" target=\"_blank\" title=\"Consulter notre politique de protection des donn\u00e9es\" rel=\"nofollow noopener\">politique de protection des donn\u00e9es<\/a>. <br \/>&#13;<br \/>\n            <a href=\"https:\/\/www.dna.fr\/encadres\/2025\/07\/02\/javascript:Didomi.notice.show()\" class=\"consentModule_cmp\" rel=\"nofollow noopener\" target=\"_blank\">G\u00e9rer mes choix<\/a>&#13;\n        <\/p>\n<p>&#13;<br \/>\n                        J&rsquo;accepte&#13;<br \/>\n            J&rsquo;accepte tous les cookies&#13;\n        <\/p>\n<p>Drag queens et kings, chant, th\u00e9\u00e2tre, stand-up, pole dance\u2026 accompagn\u00e9s par des DJ sets et des concerts live au fil de l\u2019\u00e9v\u00e9nement.<\/p>\n<p>  Village de cr\u00e9ateurs et exposition<\/p>\n<p>Un village des cr\u00e9ateurs et artistes regroupera une vingtaine de stands pour d\u00e9couvrir l\u2019artisanat queer local, au travers d\u2019\u0153uvres d\u2019illustration, micro-\u00e9dition, gravure, broderie, bijoux, v\u00eatements upcycl\u00e9s, c\u00e9ramique\u2026 L\u2019occasion aussi de se confier et s\u2019informer pour ceux qui le souhaitent \u00e0 travers un espace de parole <a href=\"https:\/\/www.dna.fr\/societe\/2025\/06\/14\/7-000-participants-a-la-marche-des-visibilites-appellent-a-la-tolerance\" target=\"_blank\" rel=\"nofollow noopener\">pour l\u2019\u00e9galit\u00e9 des droits<\/a>, avec notamment SOS Homophobie.<\/p>\n<p>Exposition, espace bar restauration, safe place et parking \u00e0 v\u00e9lo compl\u00e8tent ce festival riche en cultures et identit\u00e9s de la communaut\u00e9 LGBT alsacienne.<\/p>\n<p>        &#13;<br \/>\n          <a href=\"https:\/\/cdn-s-www.dna.fr\/images\/4ccfed7b-9b12-4074-b3a0-2d08110e52b5\/NW_raw\/photo-francois-dehurtevent-1751454078.jpg\" title=\"Photo Fran\u00e7ois Dehurtevent\" class=\"chocolat-image GA-tracking\" data-ga_type=\"click\" data-ga_category=\"D\u00e9tail\" data-ga_action=\"zoomer\" data-ga_label=\"agrandir image\" rel=\"nofollow noopener\" target=\"_blank\">&#13;<br \/>\n            <img loading=\"lazy\" decoding=\"async\" src=\"https:\/\/www.europesays.com\/fr\/wp-content\/uploads\/2025\/07\/photo-francois-dehurtevent-1751454078.jpg\" alt=\"Photo Fran\u00e7ois Dehurtevent\"\/>&#13;<br \/>\n          <\/a>&#13;<br \/>\n          &#13;<\/p>\n<p class=\"insetTitle\">Le cirque Pinder fait son grand retour devant le Z\u00e9nith, \u00e0 Eckbolsheim<\/p>\n<p>Apr\u00e8s huit ans d\u2019absence, <a href=\"https:\/\/www.dna.fr\/videos\/le-spectacle-doit-avoir-lieu-a-mulhouse-les-artistes-de-cirque-defient-la-vague-de-chaleur-305xq8k\" target=\"_blank\" rel=\"nofollow noopener\">le cirque Pinder<\/a> revient \u00e0 Strasbourg. Trois chapiteaux viendront habiller le parking du Z\u00e9nith d&rsquo;Eckbolsheim du 5 au 13\u00a0juillet avec 17 repr\u00e9sentations au programme. Clowns musiciens, trap\u00e9zistes, voltigeurs, ventriloques, cerceau a\u00e9rien, num\u00e9ro d\u2019arbal\u00e8te et bien d\u2019autres divertissements sont attendus.<\/p>\n<p>  A l&rsquo;Elsau, La Java suspendue de l\u2019Or\u00e9e 85, deuxi\u00e8me \u00e9dition<\/p>\n<p><strong>Espace bucolique au bord de l&rsquo;eau, l&rsquo;Or\u00e9e 85 se met \u00e0 l&rsquo;heure du spectacle vivant ces 5 et 6 juillet.<\/strong><\/p>\n<p>Th\u00e9\u00e2tre, exposition, musique, po\u00e9sie estivale, vide dressing, DJ set et m\u00eame rencontre avec une sir\u00e8ne seront au rendez-vous ces 5 et 6\u00a0juillet \u00e0 l\u2019Or\u00e9e 85. La compagnie de spectacle vivant Les Jardins Suspendus revient pour une deuxi\u00e8me \u00e9dition de sa Java suspendue.<\/p>\n<p><strong>Samedi 5 juillet,<\/strong> la f\u00eate se tiendra de 15h \u00e0 1h. Au programme, p\u00eache aux chapeaux, exposition de la compagnie Les Jardins Suspendus, stand makeup artistique de 15h \u00e0 22h.<br \/>De 15h30 \u00e0 17h : Sir\u00e8ne &#8211; Atelier lecture\/\u00e9criture pour les enfants\/adultes avec H\u00e9lo\u00efse Dromard, Miss Mermaid Provence-Alpes-C\u00f4te d\u2019Azur 2021 \u2013 Sous le tipi.<br \/>De 17h \u00e0 19h : DJ Set Trzhska (House &amp; disco vibes). <br \/>De 19h \u00e0 21h : B2B Just Yasmine &amp; Laisse.Lucie.Faire.<br \/>De 20h \u00e0 21h : Th\u00e9\u00e2tre \u2013 Cie Les Jardins Suspendus : \u201cExtrait \u2013 Histoires d\u2019un soir\u201d (sortie de r\u00e9sidence) \u2013 \u00c0 l&rsquo;\u00e9tage.<br \/>De 21h \u00e0 23h : BABABOUM &#8211; Cie Mademoiselle Sauvage<br \/>De 23h \u00e0 1h\u00a0: DJ Set Miss Tricky (Tech house, deep house). Enfant de la techno des ann\u00e9es 90, Miss TricKy fait vivre la sc\u00e8ne alsacienne et d\u2019outre-Rhin depuis 2 d\u00e9cennies.<br \/>0h45\u00a0: show cracheuses de feu (Fanny &amp; Sonia en b2b flamboyant) \u2013 Sur la rive, \u00e9cluse en face.<\/p>\n<p>Ce contenu est bloqu\u00e9 car vous n&rsquo;avez pas accept\u00e9 les cookies et autres traceurs.<\/p>\n<p>En cliquant sur \u00ab J\u2019accepte \u00bb, les cookies et autres traceurs seront d\u00e9pos\u00e9s et vous pourrez visualiser les contenus  (<a href=\"\" class=\"consentModule_policy\" target=\"_blank\" title=\"Consulter la politique de protection des donn\u00e9es du fournisseur\">plus d&rsquo;informations<\/a>).<\/p>\n<p>En cliquant sur \u00ab J\u2019accepte tous les cookies \u00bb, vous autorisez des d\u00e9p\u00f4ts de cookies et autres traceurs pour le stockage de vos donn\u00e9es sur nos sites et applications \u00e0 des fins de personnalisation et de ciblage publicitaire.<\/p>\n<p class=\"consentModule_secondaryText\">Vous gardez la possibilit\u00e9 de retirer votre consentement \u00e0 tout moment en consultant notre <a href=\"https:\/\/www.dna.fr\/protection-des-donnees\" target=\"_blank\" title=\"Consulter notre politique de protection des donn\u00e9es\" rel=\"nofollow noopener\">politique de protection des donn\u00e9es<\/a>. <br \/>&#13;<br \/>\n            <a href=\"https:\/\/www.dna.fr\/encadres\/2025\/07\/02\/javascript:Didomi.notice.show()\" class=\"consentModule_cmp\" rel=\"nofollow noopener\" target=\"_blank\">G\u00e9rer mes choix<\/a>&#13;\n        <\/p>\n<p>&#13;<br \/>\n                        J&rsquo;accepte&#13;<br \/>\n            J&rsquo;accepte tous les cookies&#13;\n        <\/p>\n<p><strong>Dimanche 6 juillet,<\/strong> f\u00eate de 15h \u00e0 22h. Au programme, vide-dressing de la compagnie, exposition de la compagnie, stand des exposants.<br \/>De 16h \u00e0 17h\u00a0: concert surprise.<br \/>De 17h30 \u00e0 18h\u00a0: reprise du spectacle \u201cExtrait \u2013 Histoires d\u2019un soir\u201d \u2013 Cie Les Jardins Suspendus.<br \/>De 18h \u00e0 20h30, sc\u00e8ne ouverte (<a href=\"https:\/\/docs.google.com\/forms\/d\/e\/1FAIpQLSdVBMdyeLNp-FHh9259189BUazTgj1c2TWhVfgH-BwSugqQKQ\/viewform?fbclid=IwY2xjawLR7t1leHRuA2FlbQIxMABicmlkETEzejBlbnlkM0ZHb3pleXhzAR5bMQMzjfYLy45gNkmsZB5Eu49Sf8kZQZkXlnWGJrWny2sq6UG4HG3dk0J-eg_aem_J95g-rb_Bh4trzOmEwURog\" target=\"_blank\" rel=\"nofollow noopener\">inscription<\/a>).<br \/>De 20h30 \u00e0 21h30\u00a0: concert Live Gr\u00e9gory Huck.<br \/>A 22h\u00a0: cl\u00f4ture du festival.<\/p>\n<p class=\"note\">Au 32, impasse de l&rsquo;Ecluse, \u00e0 Strasbourg Elsau. Entr\u00e9e libre avec participation solidaire \u00e0 partir de 6 \u20ac.<\/p>\n<p>        &#13;<br \/>\n          <a href=\"https:\/\/cdn-s-www.dna.fr\/images\/4d550e91-d384-4781-a869-1e6f19e44e38\/NW_raw\/photo-jean-marc-loos-1751454078.jpg\" title=\"Photo\u00a0Jean-Marc Loos\" class=\"chocolat-image GA-tracking\" data-ga_type=\"click\" data-ga_category=\"D\u00e9tail\" data-ga_action=\"zoomer\" data-ga_label=\"agrandir image\" rel=\"nofollow noopener\" target=\"_blank\">&#13;<br \/>\n            <img loading=\"lazy\" decoding=\"async\" src=\"https:\/\/www.europesays.com\/fr\/wp-content\/uploads\/2025\/07\/photo-jean-marc-loos-1751454078.jpg\" alt=\"Photo\u00a0Jean-Marc Loos\"\/>&#13;<br \/>\n          <\/a>&#13;<br \/>\n          &#13;<\/p>\n<p class=\"insetTitle\">A Koenigshoffen, une f\u00eate du tram, en route vers l\u2019Ouest\u00a0!<\/p>\n<p>Attendu pour la fin d\u2019ann\u00e9e, le tram Ouest sera d\u00e9j\u00e0 \u00e0 l\u2019honneur le temps d\u2019une f\u00eate de l\u2019Eurom\u00e9tropole et de la Ville de Strasbourg pour d\u00e9couvrir le projet, profiter de stands et d\u2019animations , en pr\u00e9sence de la maire et de la pr\u00e9sidente de l\u2019EMS. Samedi 5\u00a0juillet de 11\u00a0h \u00e0 14\u00a0h, sur le parvis du CSC Camille-Claudel, place Virgile.<\/p>\n<p>  A la Robertsau, les derniers jours de l&rsquo;exposition de M\u00e9lody Seiwert au CINE de Bussierre<\/p>\n<p><strong>L\u2019exposition de photographies de M\u00e9lody Seiwert La lente mue des fleurs se poursuit jusqu\u2019au dimanche 6\u00a0juillet au Cine de Bussierre, 155, rue Kempf \u00e0 Strasbourg.<\/strong><\/p>\n<p>        &#13;<br \/>\n          <a href=\"https:\/\/cdn-s-www.dna.fr\/images\/ff6cac1c-f054-435f-b7f0-5b78fe9bf353\/NW_raw\/photo-archives-cedric-joubert-1737125335.jpg\" title=\"Photo archives C\u00e9dric Joubert\" class=\"chocolat-image GA-tracking\" data-ga_type=\"click\" data-ga_category=\"D\u00e9tail\" data-ga_action=\"zoomer\" data-ga_label=\"agrandir image\" rel=\"nofollow noopener\" target=\"_blank\">&#13;<br \/>\n            <img loading=\"lazy\" decoding=\"async\" src=\"https:\/\/www.europesays.com\/fr\/wp-content\/uploads\/2025\/07\/photo-archives-cedric-joubert-1737125335.jpg\" alt=\"Photo archives C\u00e9dric Joubert\"\/>&#13;<br \/>\n          <\/a>&#13;<br \/>\n          &#13;<\/p>\n<p class=\"insetTitle\">A Strasbourg, Variations Goldberg pour cordes<\/p>\n<p>Ce vendredi 4\u00a0juillet \u00e0 20\u00a0h, le festival des Vendredis soir en l\u2019\u00e9glise Saint-Pierre-le-Jeune protestant d\u00e9marre sa saison avec les Variations Goldberg de Jean-S\u00e9bastien Bach, rendues c\u00e9l\u00e8bres par Glenn Gould.<\/p>\n<p>Cette fois, c\u2019est un arrangement pour trio d\u2019instruments \u00e0 cordes qui est propos\u00e9 par trois musiciens de l\u2019Orchestre philharmonique de Strasbourg.<\/p>\n<p class=\"note\">Entr\u00e9e libre, plateau.<\/p>\n","protected":false},"excerpt":{"rendered":"A Strasbourg, le Divercity Festival, une premi\u00e8re pour la visibilit\u00e9 queer Ambiance militante et d\u00e9contract\u00e9e au programme du&hellip;\n","protected":false},"author":2,"featured_media":220836,"comment_status":"","ping_status":"","sticky":false,"template":"","format":"standard","meta":{"footnotes":""},"categories":[2820],"tags":[1111,11,1687,2880,1777,674,3326,107,1011,27,775,12,25,104,3140,640,2879,1631],"class_list":{"0":"post-220835","1":"post","2":"type-post","3":"status-publish","4":"format-standard","5":"has-post-thumbnail","7":"category-strasbourg","8":"tag-actu","9":"tag-actualites","10":"tag-culture-loisirs","11":"tag-edition-strasbourg","12":"tag-eu","13":"tag-europe","14":"tag-fete-locale","15":"tag-fil-info","16":"tag-fr","17":"tag-france","18":"tag-grand-est","19":"tag-news","20":"tag-republique-francaise","21":"tag-societe","22":"tag-spectacle","23":"tag-strasbourg","24":"tag-strasbourg-ville","25":"tag-vie-associative"},"share_on_mastodon":{"url":"https:\/\/pubeurope.com\/@fr\/114784032931058577","error":""},"_links":{"self":[{"href":"https:\/\/www.europesays.com\/fr\/wp-json\/wp\/v2\/posts\/220835","targetHints":{"allow":["GET"]}}],"collection":[{"href":"https:\/\/www.europesays.com\/fr\/wp-json\/wp\/v2\/posts"}],"about":[{"href":"https:\/\/www.europesays.com\/fr\/wp-json\/wp\/v2\/types\/post"}],"author":[{"embeddable":true,"href":"https:\/\/www.europesays.com\/fr\/wp-json\/wp\/v2\/users\/2"}],"replies":[{"embeddable":true,"href":"https:\/\/www.europesays.com\/fr\/wp-json\/wp\/v2\/comments?post=220835"}],"version-history":[{"count":0,"href":"https:\/\/www.europesays.com\/fr\/wp-json\/wp\/v2\/posts\/220835\/revisions"}],"wp:featuredmedia":[{"embeddable":true,"href":"https:\/\/www.europesays.com\/fr\/wp-json\/wp\/v2\/media\/220836"}],"wp:attachment":[{"href":"https:\/\/www.europesays.com\/fr\/wp-json\/wp\/v2\/media?parent=220835"}],"wp:term":[{"taxonomy":"category","embeddable":true,"href":"https:\/\/www.europesays.com\/fr\/wp-json\/wp\/v2\/categories?post=220835"},{"taxonomy":"post_tag","embeddable":true,"href":"https:\/\/www.europesays.com\/fr\/wp-json\/wp\/v2\/tags?post=220835"}],"curies":[{"name":"wp","href":"https:\/\/api.w.org\/{rel}","templated":true}]}}