{"id":220837,"date":"2025-07-02T14:08:10","date_gmt":"2025-07-02T14:08:10","guid":{"rendered":"https:\/\/www.europesays.com\/fr\/220837\/"},"modified":"2025-07-02T14:08:10","modified_gmt":"2025-07-02T14:08:10","slug":"apres-avoir-rouvert-toto-tissus-ferme-de-nouveau-a-strasbourg","status":"publish","type":"post","link":"https:\/\/www.europesays.com\/fr\/220837\/","title":{"rendered":"apr\u00e8s avoir rouvert, Toto Tissus ferme de nouveau \u00e0 Strasbourg"},"content":{"rendered":"<p>            Par<br \/>\n        <strong><br \/>\n            <a href=\"https:\/\/actu.fr\/auteur\/ivan-capecchi\" title=\"Consulter tous les articles de Ivan CAPECCHI\" rel=\"nofollow noopener\" target=\"_blank\">Ivan CAPECCHI<\/a><br \/>\n        <\/strong><\/p>\n<p>        Publi\u00e9 le<\/p>\n<p>            2 juil. 2025 \u00e0 15h34        <\/p>\n<p>Le 24 juin dernier, <a href=\"https:\/\/actu.fr\/grand-est\/strasbourg_67482\/toto-tissus-strasbourg-magasin-historique-liquide-ses-stocks-jusqu-a-fermeture-definitive_61070475.html\" rel=\"nofollow noopener\" target=\"_blank\">Toto Tissus \u00e0 Strasbourg<\/a> a d\u00e9finitivement <strong>ferm\u00e9 ses portes<\/strong>\u2026 apr\u00e8s plusieurs soubresauts.\u00a0<\/p>\n<p>Toto Tissus Strasbourg : retour manqu\u00e9 pour l\u2019enseigne historique<\/p>\n<p class=\" wall-content\">En mai 2024, Toto Tissus Strasbourg annon\u00e7ait<strong> liquider ses stocks en vue d\u2019une fermeture d\u00e9finitive<\/strong>. Et ce, apr\u00e8s <strong>40 ans de pr\u00e9sence dans la capitale alsacienne<\/strong>. \u00c0 l\u2019\u00e9poque, l\u2019\u00e9tablissement mettait en avant un <strong>volume d\u2019affaires trop faible<\/strong>.<\/p>\n<p class=\" wall-content\">Mais au cours de cette m\u00eame ann\u00e9e, <a href=\"https:\/\/actu.fr\/grand-est\/strasbourg_67482\/retournement-de-situation-toto-tissus-strasbourg-reste-ouvert-et-continue-les-promos_61675491.html\" rel=\"nofollow noopener\" target=\"_blank\">le magasin historique avait annonc\u00e9 rouvrir<\/a>, en raison d\u2019un <strong>projet de cession qui n\u2019avait pas abouti<\/strong>, expliquait Alain Cherki, responsable du r\u00e9seau Toto Tissus en France.<\/p>\n<p class=\" wall-content\">Relanc\u00e9 ce mercredi pour conna\u00eetre les raisons de cette nouvelle fermeture, M. Cherki n\u2019a pas souhait\u00e9 faire de commentaire.<\/p>\n<p class=\" wall-content\">Suivez toute l\u2019actualit\u00e9 de vos villes et m\u00e9dias favoris en vous inscrivant \u00e0 <a href=\"https:\/\/moncompte.actu.fr\" title=\"D\u00e9couvez Mon Actu\" rel=\"nofollow noopener\" data-trk=\"{&quot;cta&quot;:{&quot;action&quot;:&quot;https:\\\/\\\/moncompte.actu.fr&quot;,&quot;category&quot;:&quot;mon compte&quot;,&quot;from&quot;:&quot;article footer&quot;,&quot;name&quot;:&quot;Mon actu&quot;,&quot;type&quot;:&quot;cta&quot;}}\" target=\"_blank\">Mon Actu<\/a>.<\/p>\n","protected":false},"excerpt":{"rendered":"Par Ivan CAPECCHI Publi\u00e9 le 2 juil. 2025 \u00e0 15h34 Le 24 juin dernier, Toto Tissus \u00e0 Strasbourg&hellip;\n","protected":false},"author":2,"featured_media":220838,"comment_status":"","ping_status":"","sticky":false,"template":"","format":"standard","meta":{"footnotes":""},"categories":[2820],"tags":[1111,11,215,1777,674,1011,27,775,12,25,104,640],"class_list":{"0":"post-220837","1":"post","2":"type-post","3":"status-publish","4":"format-standard","5":"has-post-thumbnail","7":"category-strasbourg","8":"tag-actu","9":"tag-actualites","10":"tag-commerce","11":"tag-eu","12":"tag-europe","13":"tag-fr","14":"tag-france","15":"tag-grand-est","16":"tag-news","17":"tag-republique-francaise","18":"tag-societe","19":"tag-strasbourg"},"share_on_mastodon":{"url":"https:\/\/pubeurope.com\/@fr\/114784036741201077","error":""},"_links":{"self":[{"href":"https:\/\/www.europesays.com\/fr\/wp-json\/wp\/v2\/posts\/220837","targetHints":{"allow":["GET"]}}],"collection":[{"href":"https:\/\/www.europesays.com\/fr\/wp-json\/wp\/v2\/posts"}],"about":[{"href":"https:\/\/www.europesays.com\/fr\/wp-json\/wp\/v2\/types\/post"}],"author":[{"embeddable":true,"href":"https:\/\/www.europesays.com\/fr\/wp-json\/wp\/v2\/users\/2"}],"replies":[{"embeddable":true,"href":"https:\/\/www.europesays.com\/fr\/wp-json\/wp\/v2\/comments?post=220837"}],"version-history":[{"count":0,"href":"https:\/\/www.europesays.com\/fr\/wp-json\/wp\/v2\/posts\/220837\/revisions"}],"wp:featuredmedia":[{"embeddable":true,"href":"https:\/\/www.europesays.com\/fr\/wp-json\/wp\/v2\/media\/220838"}],"wp:attachment":[{"href":"https:\/\/www.europesays.com\/fr\/wp-json\/wp\/v2\/media?parent=220837"}],"wp:term":[{"taxonomy":"category","embeddable":true,"href":"https:\/\/www.europesays.com\/fr\/wp-json\/wp\/v2\/categories?post=220837"},{"taxonomy":"post_tag","embeddable":true,"href":"https:\/\/www.europesays.com\/fr\/wp-json\/wp\/v2\/tags?post=220837"}],"curies":[{"name":"wp","href":"https:\/\/api.w.org\/{rel}","templated":true}]}}