{"id":220845,"date":"2025-07-02T14:13:27","date_gmt":"2025-07-02T14:13:27","guid":{"rendered":"https:\/\/www.europesays.com\/fr\/220845\/"},"modified":"2025-07-02T14:13:27","modified_gmt":"2025-07-02T14:13:27","slug":"un-bus-detruit-par-le-feu-a-un-depot-de-la-semitan-lacte-de-malveillance-ecarte","status":"publish","type":"post","link":"https:\/\/www.europesays.com\/fr\/220845\/","title":{"rendered":"un bus d\u00e9truit par le feu \u00e0 un d\u00e9p\u00f4t de la Semitan, \u00ab\u00a0l&rsquo;acte de malveillance \u00e9cart\u00e9\u00a0\u00bb"},"content":{"rendered":"<p>            Par<br \/>\n        <strong><br \/>\n            <a href=\"https:\/\/actu.fr\/auteur\/thomas-bernard\" title=\"Consulter tous les articles de Thomas Bernard\" rel=\"nofollow noopener\" target=\"_blank\">Thomas Bernard<\/a><br \/>\n        <\/strong><\/p>\n<p>        Publi\u00e9 le<\/p>\n<p>            2 juil. 2025 \u00e0 15h15        <\/p>\n<p>Peu apr\u00e8s 19h30, mardi 1er\u00a0juillet 2025, <strong>29 sapeurs-pompiers<\/strong> sont intervenus \u00e0 un d\u00e9p\u00f4t de la Semitan, rue du B\u00eale \u00e0 Nantes, quartier Saint-Joseph de Porterie. Les soldats du feu ayant re\u00e7u plusieurs appels pour un<strong> feu de l\u2019un des bus<\/strong> stationn\u00e9 au d\u00e9p\u00f4t.<\/p>\n<p>    <a href=\"https:\/\/www.google.com\/maps\/embed?pb=!1m18!1m12!1m3!1d4124.831633567002!2d-1.5172065484552764!3d47.263880555486914!2m3!1f0!2f0!3f0!3m2!1i1024!2i768!4f13.1!3m3!1m2!1s0x4805efc878e3d0e3%3A0xd2785d4f322156d0!2zRMOpcMO0dCBTRU1JVEFOIGR1IELDqmxl!5e1!3m2!1sfr!2sfr!4v1751444735612!5m2!1sfr!2sfr\" title=\"Ouvrie le lien\" rel=\"nofollow noopener\" target=\"_blank\">Cliquez ici pour visualiser le contenu<\/a><\/p>\n<p>Pas de bless\u00e9<\/p>\n<p class=\" wall-content\">L\u2019incendie a <strong>d\u00e9truit un bus standard<\/strong> et a endommag\u00e9 un autre bus stationn\u00e9 \u00e0 c\u00f4t\u00e9.<\/p>\n<p class=\" wall-content\">\u00ab\u2009Les pompiers sont intervenus tr\u00e8s rapidement et ont ma\u00eetris\u00e9 l\u2019incendie qui n\u2019a fait aucun bless\u00e9\u2009\u00bb, a indiqu\u00e9 la Semitan dans un communiqu\u00e9 transmis \u00e0 <a href=\"https:\/\/actu.fr\/nantes\/\" rel=\"nofollow noopener\" target=\"_blank\">actu Nantes<\/a>.<\/p>\n<p>    <img   decoding=\"async\" loading=\"lazy\" src=\"https:\/\/www.europesays.com\/fr\/wp-content\/uploads\/2025\/07\/bus-feu-nantes-960x640.jpg\" alt=\"Un bus, stationn\u00e9 \u00e0 c\u00f4t\u00e9, a \u00e9galement \u00e9t\u00e9 endommag\u00e9 par les flammes. \" width=\"960\" height=\"640\"\/><br \/>\n    Un bus, stationn\u00e9 \u00e0 c\u00f4t\u00e9, a \u00e9galement \u00e9t\u00e9 endommag\u00e9 par les flammes. (\u00a9FO Semitan \/ transmis \u00e0 actu Nantes)Vid\u00e9os : en ce moment sur Actu<\/p>\n<p class=\" wall-content\">Le centre technique et d\u2019exploitation tramway de Saint-Joseph de Porterie date de 2008 et dispose d\u2019une capacit\u00e9 de 150 bus. \u00ab\u2009Aucun incident de ce type n\u2019y a jamais eu lieu\u2009\u00bb, pr\u00e9cise la Semitan.<\/p>\n<p class=\" wall-content\">Une enqu\u00eate est en cours pour d\u00e9terminer les causes de cet incendie. D\u2019apr\u00e8s la Semitan, <strong>l\u2019hypoth\u00e8se d\u2019un acte malveillant a \u00e9t\u00e9 \u00e9cart\u00e9e<\/strong>.<\/p>\n<p class=\" wall-content\">Suivez toute l\u2019actualit\u00e9 de vos villes et m\u00e9dias favoris en vous inscrivant \u00e0 <a href=\"https:\/\/moncompte.actu.fr\" title=\"D\u00e9couvez Mon Actu\" rel=\"nofollow noopener\" data-trk=\"{&quot;cta&quot;:{&quot;action&quot;:&quot;https:\\\/\\\/moncompte.actu.fr&quot;,&quot;category&quot;:&quot;mon compte&quot;,&quot;from&quot;:&quot;article footer&quot;,&quot;name&quot;:&quot;Mon actu&quot;,&quot;type&quot;:&quot;cta&quot;}}\" target=\"_blank\">Mon Actu<\/a>.<\/p>\n","protected":false},"excerpt":{"rendered":"Par Thomas Bernard Publi\u00e9 le 2 juil. 2025 \u00e0 15h15 Peu apr\u00e8s 19h30, mardi 1er\u00a0juillet 2025, 29 sapeurs-pompiers&hellip;\n","protected":false},"author":2,"featured_media":220846,"comment_status":"","ping_status":"","sticky":false,"template":"","format":"standard","meta":{"footnotes":""},"categories":[2818],"tags":[1111,11,1777,674,118,1011,27,1310,766,12,2636,25,2803],"class_list":{"0":"post-220845","1":"post","2":"type-post","3":"status-publish","4":"format-standard","5":"has-post-thumbnail","7":"category-nantes","8":"tag-actu","9":"tag-actualites","10":"tag-eu","11":"tag-europe","12":"tag-faits-divers","13":"tag-fr","14":"tag-france","15":"tag-incendie","16":"tag-nantes","17":"tag-news","18":"tag-pays-de-la-loire","19":"tag-republique-francaise","20":"tag-transport"},"share_on_mastodon":{"url":"https:\/\/pubeurope.com\/@fr\/114784056425712663","error":""},"_links":{"self":[{"href":"https:\/\/www.europesays.com\/fr\/wp-json\/wp\/v2\/posts\/220845","targetHints":{"allow":["GET"]}}],"collection":[{"href":"https:\/\/www.europesays.com\/fr\/wp-json\/wp\/v2\/posts"}],"about":[{"href":"https:\/\/www.europesays.com\/fr\/wp-json\/wp\/v2\/types\/post"}],"author":[{"embeddable":true,"href":"https:\/\/www.europesays.com\/fr\/wp-json\/wp\/v2\/users\/2"}],"replies":[{"embeddable":true,"href":"https:\/\/www.europesays.com\/fr\/wp-json\/wp\/v2\/comments?post=220845"}],"version-history":[{"count":0,"href":"https:\/\/www.europesays.com\/fr\/wp-json\/wp\/v2\/posts\/220845\/revisions"}],"wp:featuredmedia":[{"embeddable":true,"href":"https:\/\/www.europesays.com\/fr\/wp-json\/wp\/v2\/media\/220846"}],"wp:attachment":[{"href":"https:\/\/www.europesays.com\/fr\/wp-json\/wp\/v2\/media?parent=220845"}],"wp:term":[{"taxonomy":"category","embeddable":true,"href":"https:\/\/www.europesays.com\/fr\/wp-json\/wp\/v2\/categories?post=220845"},{"taxonomy":"post_tag","embeddable":true,"href":"https:\/\/www.europesays.com\/fr\/wp-json\/wp\/v2\/tags?post=220845"}],"curies":[{"name":"wp","href":"https:\/\/api.w.org\/{rel}","templated":true}]}}