{"id":220851,"date":"2025-07-02T14:16:09","date_gmt":"2025-07-02T14:16:09","guid":{"rendered":"https:\/\/www.europesays.com\/fr\/220851\/"},"modified":"2025-07-02T14:16:09","modified_gmt":"2025-07-02T14:16:09","slug":"il-visait-un-lieu-deliberement-tenu-secret-pres-de-toulouse-dieudonne-interdit-de-spectacle","status":"publish","type":"post","link":"https:\/\/www.europesays.com\/fr\/220851\/","title":{"rendered":"Il visait un lieu \u00ab\u00a0d\u00e9lib\u00e9r\u00e9ment tenu secret\u00a0\u00bb pr\u00e8s de Toulouse : Dieudonn\u00e9 interdit de spectacle"},"content":{"rendered":"<p>            Par<br \/>\n        <strong><br \/>\n            <a href=\"https:\/\/actu.fr\/auteur\/guillaume-laurens\" title=\"Consulter tous les articles de Guillaume Laurens\" target=\"_blank\" rel=\"noopener\">Guillaume Laurens<\/a><br \/>\n        <\/strong><\/p>\n<p>        Publi\u00e9 le<\/p>\n<p>            2 juil. 2025 \u00e0 16h06        <\/p>\n<p><strong>Dieudonn\u00e9<\/strong> n\u2019est d\u00e9cid\u00e9ment pas le bienvenu en Haute-Garonne. Comme <a href=\"https:\/\/actu.fr\/occitanie\/toulouse_31555\/spectacle-de-dieudonne-interdit-a-toulouse-la-prefecture-prend-un-arrete_60767469.html\" target=\"_blank\" rel=\"noopener\">il l\u2019avait fait l\u2019an dernier<\/a>, le pr\u00e9fet <strong>Pierre-Andr\u00e9 Durand<\/strong> a une nouvelle fois pris un <strong>arr\u00eat\u00e9 d\u2019interdiction<\/strong> du spectacle de l\u2019artiste controvers\u00e9, pr\u00e9vu le dimanche 6\u00a0juillet 2025 dans la r\u00e9gion de Toulouse, o\u00f9 ses tentatives de repr\u00e9sentations \u2014 chaque ann\u00e9e depuis 2022 \u2014 font l\u2019objet de vives oppositions des autorit\u00e9s.<\/p>\n<p>\u00ab\u2009Quelques kilom\u00e8tres autour de Toulouse, sans en pr\u00e9ciser le lieu exact\u2009\u00bb<\/p>\n<p class=\" wall-content\">O\u00f9 et quand voulait se donner en spectacle Dieudonn\u00e9\u2009? D\u2019apr\u00e8s les services de l\u2019\u00c9tat, l\u2019humoriste a annonc\u00e9 se produire, le dimanche 6\u00a0juillet 2025 dans un spectacle intitul\u00e9 \u00ab\u2009Istanbul\u2009\u00bb. Et ce \u00ab\u2009dans un rayon de <strong>quelques kilom\u00e8tres autour de Toulouse,<\/strong> sans en pr\u00e9ciser<strong> le lieu exact\u2009\u00bb<\/strong>, regrette la pr\u00e9fecture de la Haute-Garonne, qui rappelle le pedigree de cet artiste controvers\u00e9.<\/p>\n<blockquote class=\"ac-article-quote wall-content\">\n<p>De pr\u00e9c\u00e9dentes repr\u00e9sentations de ses spectacles contenaient de nombreux propos outrageants, haineux, conspirationnistes, homophobes et antis\u00e9mites, ainsi que des outrages \u00e0 personne d\u00e9positaire de l&rsquo;autorit\u00e9 publique ou \u00e0 l&rsquo;\u00e9gard de personnes publiques.<\/p>\n<p>    <strong>La pr\u00e9fecture de la Haute-Garonne<\/strong>\n            <\/p><\/blockquote>\n<p>Dans le \u00ab\u2009contexte tendu\u2009\u00bb du conflit au Proche-Orient<\/p>\n<p class=\" wall-content\">Toujours selon les services de l\u2019\u00c9tat, \u00ab\u2009ce spectacle intervient dans <strong>un contexte g\u00e9opolitique particuli\u00e8rement tendu<\/strong>, depuis l\u2019attaque terroriste d\u2019ampleur lanc\u00e9e par le Hamas, le 7\u00a0octobre 2023, en Isra\u00ebl et dont l\u2019\u00e9volution est de nature \u00e0 <strong>amplifier les revendications<\/strong> et <strong>les contestations\u2009\u00bb.<\/strong><\/p>\n<p>Un lieu \u00ab\u2009d\u00e9lib\u00e9r\u00e9ment tenu secret\u2009\u00bb<\/p>\n<p class=\" wall-content\">Ce qui s\u00e8me d\u2019autant plus le trouble, toujours selon la pr\u00e9fecture, c\u2019est que \u00ab\u2009le <strong>lieu pr\u00e9cis<\/strong> de la repr\u00e9sentation <strong>est d\u00e9lib\u00e9r\u00e9ment tenu secret<\/strong> par ses organisateurs, ne permettant pas de s\u00e9curiser tant le bon d\u00e9roulement du spectacle que les troubles qui pourraient survenir \u00e0 sa marge entre les soutiens de l\u2019humoriste et ses d\u00e9tracteurs\u2009\u00bb.<\/p>\n<p>Vid\u00e9os : en ce moment sur Actu\u00ab\u2009Un rayon de 20\u00a0km autour de Toulouse\u2009\u00bb<\/p>\n<p class=\" wall-content\">Ayant fait l\u2019objet de nombreuses condamnations p\u00e9nales par le pass\u00e9, pour des propos \u00e0 caract\u00e8re antis\u00e9mite, qui incitent \u00e0 la haine raciale, et d\u2019autres motifs tout aussi r\u00e9pr\u00e9hensibles, <strong>Dieudonn\u00e9 M\u2019Bala M\u2019Bala<\/strong> avait, d\u2019apr\u00e8s nos informations, donn\u00e9 rendez-vous \u00e0 ses fans, \u00e0 <strong>18\u00a0heures<\/strong> ce dimanche, pour une repr\u00e9sentation de son spectacle intitul\u00e9 \u00ab\u2009Istanbul\u2009\u00bb. Le tout \u00ab\u2009dans <strong>un rayon de 20\u00a0km autour de Toulouse\u2009\u00bb,<\/strong> en leur indiquant qu\u2019il leur divulguerait le lieu pr\u00e9cis \u00e0 la derni\u00e8re minute, sachant qu\u2019il pr\u00e9voit r\u00e9guli\u00e8rement un <strong>plan B<\/strong>.<\/p>\n<p>Interdit de s\u00e9jour dans tout le d\u00e9partement<\/p>\n<p class=\" wall-content\">Ainsi, \u00ab\u2009afin de pr\u00e9venir tant la survenance de ces troubles \u00e0 l\u2019ordre public que la commission d\u2019infractions p\u00e9nales\u2009\u00bb, Pierre-Andr\u00e9 Durand a d\u00e9cid\u00e9 d\u2019interdire la repr\u00e9sentation du spectacle de Dieudonn\u00e9 programm\u00e9e le 6\u00a0juillet 2025, et ce \u00ab\u2009dans <strong>tout le d\u00e9partement<\/strong> de la Haute-Garonne\u2009\u00bb.<\/p>\n<p class=\" wall-content\">Suivez toute l\u2019actualit\u00e9 de vos villes et m\u00e9dias favoris en vous inscrivant \u00e0 <a href=\"https:\/\/moncompte.actu.fr\" title=\"D\u00e9couvez Mon Actu\" rel=\"nofollow noopener\" data-trk=\"{&quot;cta&quot;:{&quot;action&quot;:&quot;https:\\\/\\\/moncompte.actu.fr&quot;,&quot;category&quot;:&quot;mon compte&quot;,&quot;from&quot;:&quot;article footer&quot;,&quot;name&quot;:&quot;Mon actu&quot;,&quot;type&quot;:&quot;cta&quot;}}\" target=\"_blank\">Mon Actu<\/a>.<\/p>\n","protected":false},"excerpt":{"rendered":"Par Guillaume Laurens Publi\u00e9 le 2 juil. 2025 \u00e0 16h06 Dieudonn\u00e9 n\u2019est d\u00e9cid\u00e9ment pas le bienvenu en Haute-Garonne.&hellip;\n","protected":false},"author":2,"featured_media":220852,"comment_status":"","ping_status":"","sticky":false,"template":"","format":"standard","meta":{"footnotes":""},"categories":[2816],"tags":[1111,11,1777,674,1011,27,708,2825,12,2680,25,104,2312],"class_list":{"0":"post-220851","1":"post","2":"type-post","3":"status-publish","4":"format-standard","5":"has-post-thumbnail","7":"category-toulouse","8":"tag-actu","9":"tag-actualites","10":"tag-eu","11":"tag-europe","12":"tag-fr","13":"tag-france","14":"tag-humour","15":"tag-insecurite","16":"tag-news","17":"tag-occitanie","18":"tag-republique-francaise","19":"tag-societe","20":"tag-toulouse"},"share_on_mastodon":{"url":"https:\/\/pubeurope.com\/@fr\/114784068155287946","error":""},"_links":{"self":[{"href":"https:\/\/www.europesays.com\/fr\/wp-json\/wp\/v2\/posts\/220851","targetHints":{"allow":["GET"]}}],"collection":[{"href":"https:\/\/www.europesays.com\/fr\/wp-json\/wp\/v2\/posts"}],"about":[{"href":"https:\/\/www.europesays.com\/fr\/wp-json\/wp\/v2\/types\/post"}],"author":[{"embeddable":true,"href":"https:\/\/www.europesays.com\/fr\/wp-json\/wp\/v2\/users\/2"}],"replies":[{"embeddable":true,"href":"https:\/\/www.europesays.com\/fr\/wp-json\/wp\/v2\/comments?post=220851"}],"version-history":[{"count":0,"href":"https:\/\/www.europesays.com\/fr\/wp-json\/wp\/v2\/posts\/220851\/revisions"}],"wp:featuredmedia":[{"embeddable":true,"href":"https:\/\/www.europesays.com\/fr\/wp-json\/wp\/v2\/media\/220852"}],"wp:attachment":[{"href":"https:\/\/www.europesays.com\/fr\/wp-json\/wp\/v2\/media?parent=220851"}],"wp:term":[{"taxonomy":"category","embeddable":true,"href":"https:\/\/www.europesays.com\/fr\/wp-json\/wp\/v2\/categories?post=220851"},{"taxonomy":"post_tag","embeddable":true,"href":"https:\/\/www.europesays.com\/fr\/wp-json\/wp\/v2\/tags?post=220851"}],"curies":[{"name":"wp","href":"https:\/\/api.w.org\/{rel}","templated":true}]}}