{"id":220853,"date":"2025-07-02T14:17:09","date_gmt":"2025-07-02T14:17:09","guid":{"rendered":"https:\/\/www.europesays.com\/fr\/220853\/"},"modified":"2025-07-02T14:17:09","modified_gmt":"2025-07-02T14:17:09","slug":"neil-chugani-le-president-par-interim-du-toulouse-fc-prend-la-parole-et-fait-deux-premieres-grosses-annonces","status":"publish","type":"post","link":"https:\/\/www.europesays.com\/fr\/220853\/","title":{"rendered":"Neil Chugani, le pr\u00e9sident par int\u00e9rim du Toulouse FC, prend la parole et fait deux premi\u00e8res grosses annonces"},"content":{"rendered":"<p>            Par<br \/>\n        <strong><br \/>\n            <a href=\"https:\/\/actu.fr\/auteur\/david-saint-sernin\" title=\"Consulter tous les articles de David Saint-Sernin\" target=\"_blank\" rel=\"noopener\">David Saint-Sernin<\/a><br \/>\n        <\/strong><\/p>\n<p>        Publi\u00e9 le<\/p>\n<p>            2 juil. 2025 \u00e0 16h08        <\/p>\n<p>Le 28\u00a0mai dernier, le <a href=\"https:\/\/actu.fr\/toulouse\/sports\/football\" target=\"_blank\" rel=\"noopener\">Toulouse FC<\/a> annon\u00e7ait <a href=\"https:\/\/actu.fr\/occitanie\/toulouse_31555\/toulouse-c-est-officiel-le-tfc-annonce-le-depart-de-son-president-damien-comolli_62703427.html\" target=\"_blank\" rel=\"noopener\">le d\u00e9part de son pr\u00e9sident, Damien Comolli.<\/a>\u00a0Plus d\u2019un mois plus tard, celui qui assure l\u2019int\u00e9rim pour le compte de Red Bird, l\u2019actionnaire, <strong>Neil Chugani<\/strong> s\u2019est pour la premi\u00e8re fois exprim\u00e9 mercredi 2 juillet 2025.<\/p>\n<p>Reprise du chantier du centre d\u2019entra\u00eenement<\/p>\n<p class=\" wall-content\">Sa premi\u00e8re annonce a \u00e9t\u00e9 la reprise du chantier du centre de la performance du club, un projet \u00e0 l\u2019arr\u00eat depuis plusieurs mois.<\/p>\n<p class=\" wall-content\">\u00ab\u2009Il va s\u2019\u00e9tendre \u00e0 la section f\u00e9minine qui aura des espaces d\u00e9di\u00e9s, ce qui prouve notre engagement constant par rapport au club et \u00e0 toute la communaut\u00e9 toulousaine\u2009\u00bb, a rassur\u00e9 Neil Chugani.<\/p>\n<p>Un projet \u00e0 18\u00a0millions d\u2019euros<\/p>\n<p class=\" wall-content\">Le montant\u2009: <strong>18\u00a0millions d\u2019euros<\/strong>. \u00ab\u20094\u00a0millions d\u2019euros ont d\u00e9j\u00e0 \u00e9t\u00e9 d\u00e9j\u00e0 investis. Sur les 14 restants, l\u2019id\u00e9e, c\u2019est d\u2019avoir des partenaires locaux pour nous appuyer sur ce projet. Les discussions sont en cours et je n\u2019en r\u00e9v\u00e9lerai pas le contenu. N\u00e9anmoins, je peux dire que Red Bird va assumer ce projet dans le cadre d\u2019une collaboration constructive avec les collectivit\u00e9s\u2009\u00bb, a expliqu\u00e9 Neil Chugani.<\/p>\n<p>Objectif\u2009: une livraison fin 2026<\/p>\n<p class=\" wall-content\">\u00ab\u2009On a repris les plans du projet il y a plus d\u2019un mois. Nous avons compris l\u2019importance de ce projet pour le club. Ce projet doit se faire. L\u2019architecte sera Kardham associ\u00e9 \u00e0 LP Promotion. On va reprendre les travaux le plus rapidement possible avec une livraison pour la fin de l\u2019ann\u00e9e 2026\u2009\u00bb, a-t-il expliqu\u00e9.<\/p>\n<p>Il confirme l\u2019engagement de Red Bird : \u00ab\u00a0le club n\u2019est pas \u00e0 vendre\u00a0\u00bb<\/p>\n<p class=\" wall-content\">Et le pr\u00e9sident d\u2019assurer : \u00ab\u00a0<strong>Le club n\u2019est pas \u00e0 vendre<\/strong>, cet investissement prouve notre engagement sur le long terme. Ce qui nous guide depuis un mois, c\u2019est de rester dans la continuit\u00e9\u00a0\u00bb.<\/p>\n<p>Vid\u00e9os : en ce moment sur Actu<\/p>\n<p class=\" wall-content\">(Plus d\u2019informations \u00e0 venir)<\/p>\n<p class=\" wall-content\">Suivez toute l\u2019actualit\u00e9 de vos villes et m\u00e9dias favoris en vous inscrivant \u00e0 <a href=\"https:\/\/moncompte.actu.fr\" title=\"D\u00e9couvez Mon Actu\" rel=\"nofollow noopener\" data-trk=\"{&quot;cta&quot;:{&quot;action&quot;:&quot;https:\\\/\\\/moncompte.actu.fr&quot;,&quot;category&quot;:&quot;mon compte&quot;,&quot;from&quot;:&quot;article footer&quot;,&quot;name&quot;:&quot;Mon actu&quot;,&quot;type&quot;:&quot;cta&quot;}}\" target=\"_blank\">Mon Actu<\/a>.<\/p>\n<ul class=\"ac-article-tag wall-content\">\n<li><a href=\"https:\/\/actu.fr\/tag\/stadium-de-toulouse\" data-trk=\"{&quot;cta&quot;:{&quot;action&quot;:&quot;Stadium de Toulouse&quot;,&quot;category&quot;:&quot;tag&quot;,&quot;from&quot;:&quot;article footer&quot;,&quot;name&quot;:&quot;Stadium de Toulouse&quot;,&quot;type&quot;:&quot;cta&quot;}}\" target=\"_blank\" rel=\"noopener\">#Stadium de Toulouse<\/a><\/li>\n<li><a href=\"https:\/\/actu.fr\/tag\/toulouse-football-club-tfc\" data-trk=\"{&quot;cta&quot;:{&quot;action&quot;:&quot;Toulouse Football Club (TFC)&quot;,&quot;category&quot;:&quot;tag&quot;,&quot;from&quot;:&quot;article footer&quot;,&quot;name&quot;:&quot;Toulouse Football Club (TFC)&quot;,&quot;type&quot;:&quot;cta&quot;}}\" target=\"_blank\" rel=\"noopener\">#Toulouse Football Club (TFC)<\/a><\/li>\n<\/ul>\n","protected":false},"excerpt":{"rendered":"Par David Saint-Sernin Publi\u00e9 le 2 juil. 2025 \u00e0 16h08 Le 28\u00a0mai dernier, le Toulouse FC annon\u00e7ait le&hellip;\n","protected":false},"author":2,"featured_media":220854,"comment_status":"","ping_status":"","sticky":false,"template":"","format":"standard","meta":{"footnotes":""},"categories":[2816],"tags":[1111,11,1777,674,63,1011,27,12,2680,25,60,7906,2312,4159],"class_list":{"0":"post-220853","1":"post","2":"type-post","3":"status-publish","4":"format-standard","5":"has-post-thumbnail","7":"category-toulouse","8":"tag-actu","9":"tag-actualites","10":"tag-eu","11":"tag-europe","12":"tag-football","13":"tag-fr","14":"tag-france","15":"tag-news","16":"tag-occitanie","17":"tag-republique-francaise","18":"tag-sports","19":"tag-stadium-de-toulouse","20":"tag-toulouse","21":"tag-toulouse-football-club-tfc"},"share_on_mastodon":{"url":"https:\/\/pubeurope.com\/@fr\/114784072126502859","error":""},"_links":{"self":[{"href":"https:\/\/www.europesays.com\/fr\/wp-json\/wp\/v2\/posts\/220853","targetHints":{"allow":["GET"]}}],"collection":[{"href":"https:\/\/www.europesays.com\/fr\/wp-json\/wp\/v2\/posts"}],"about":[{"href":"https:\/\/www.europesays.com\/fr\/wp-json\/wp\/v2\/types\/post"}],"author":[{"embeddable":true,"href":"https:\/\/www.europesays.com\/fr\/wp-json\/wp\/v2\/users\/2"}],"replies":[{"embeddable":true,"href":"https:\/\/www.europesays.com\/fr\/wp-json\/wp\/v2\/comments?post=220853"}],"version-history":[{"count":0,"href":"https:\/\/www.europesays.com\/fr\/wp-json\/wp\/v2\/posts\/220853\/revisions"}],"wp:featuredmedia":[{"embeddable":true,"href":"https:\/\/www.europesays.com\/fr\/wp-json\/wp\/v2\/media\/220854"}],"wp:attachment":[{"href":"https:\/\/www.europesays.com\/fr\/wp-json\/wp\/v2\/media?parent=220853"}],"wp:term":[{"taxonomy":"category","embeddable":true,"href":"https:\/\/www.europesays.com\/fr\/wp-json\/wp\/v2\/categories?post=220853"},{"taxonomy":"post_tag","embeddable":true,"href":"https:\/\/www.europesays.com\/fr\/wp-json\/wp\/v2\/tags?post=220853"}],"curies":[{"name":"wp","href":"https:\/\/api.w.org\/{rel}","templated":true}]}}