{"id":220864,"date":"2025-07-02T14:23:10","date_gmt":"2025-07-02T14:23:10","guid":{"rendered":"https:\/\/www.europesays.com\/fr\/220864\/"},"modified":"2025-07-02T14:23:10","modified_gmt":"2025-07-02T14:23:10","slug":"quelles-perturbations-a-laeroport-de-lyon-saint-exupery","status":"publish","type":"post","link":"https:\/\/www.europesays.com\/fr\/220864\/","title":{"rendered":"quelles perturbations \u00e0 l\u2019a\u00e9roport de Lyon-Saint-Exup\u00e9ry ?"},"content":{"rendered":"<p>Les contr\u00f4leurs a\u00e9riens sont appel\u00e9s \u00e0 la gr\u00e8ve ce jeudi et ce vendredi \u00e0 l\u2019appel des syndicats UNSA-ICNA et USAC-CGT. Ces derniers mettent notamment en avant un \u00ab\u00a0sous-effectif structurel\u00a0\u00bb, des \u00ab\u00a0projets techniques en \u00e9chec\u00a0\u00bb et un \u00ab\u00a0management toxique\u00a0\u00bb.<\/p>\n<p>La Direction g\u00e9n\u00e9rale de l\u2019aviation civile (DGAC) a par cons\u00e9quent demand\u00e9 aux compagnies de r\u00e9duire ce jeudi leur programme de vols dans de nombreux a\u00e9roports. Ce sera le cas \u00e0 Lyon-Saint-Exup\u00e9ry o\u00f9 30% des vols devraient \u00eatre annul\u00e9s. Ce taux sera de 25% dans les a\u00e9roports parisiens et de 50% \u00e0 Nice, Bastia ou encore Calvi.Des retards importants sont \u00e9galement \u00e0 pr\u00e9voir.<\/p>\n<p>Les perturbations devraient \u00eatre les m\u00eames pour la journ\u00e9e de vendredi. Les voyageurs devraient recevoir des informations par mail ou par SMS. Les vacances d\u2019\u00e9t\u00e9 vont donc commencer par des difficult\u00e9s dans les airs\u2026<\/p>\n","protected":false},"excerpt":{"rendered":"Les contr\u00f4leurs a\u00e9riens sont appel\u00e9s \u00e0 la gr\u00e8ve ce jeudi et ce vendredi \u00e0 l\u2019appel des syndicats UNSA-ICNA&hellip;\n","protected":false},"author":2,"featured_media":220865,"comment_status":"","ping_status":"","sticky":false,"template":"","format":"standard","meta":{"footnotes":""},"categories":[1889],"tags":[1111,11,2813,2190,2430,1109,251,1112,2811,1777,674,118,1011,27,1922,1110,1114,2428,2810,12,241,316,25,2812,517,800],"class_list":{"0":"post-220864","1":"post","2":"type-post","3":"status-publish","4":"format-standard","5":"has-post-thumbnail","7":"category-lyon","8":"tag-actu","9":"tag-actualites","10":"tag-article","11":"tag-asvel","12":"tag-auvergne-rhone-alpes","13":"tag-breves","14":"tag-culture","15":"tag-depeches","16":"tag-economique","17":"tag-eu","18":"tag-europe","19":"tag-faits-divers","20":"tag-fr","21":"tag-france","22":"tag-info","23":"tag-informations","24":"tag-infos","25":"tag-lyon","26":"tag-lyonmag","27":"tag-news","28":"tag-ol","29":"tag-politique","30":"tag-republique-francaise","31":"tag-sociale","32":"tag-sport","33":"tag-transports"},"share_on_mastodon":{"url":"https:\/\/pubeurope.com\/@fr\/114784095645545301","error":""},"_links":{"self":[{"href":"https:\/\/www.europesays.com\/fr\/wp-json\/wp\/v2\/posts\/220864","targetHints":{"allow":["GET"]}}],"collection":[{"href":"https:\/\/www.europesays.com\/fr\/wp-json\/wp\/v2\/posts"}],"about":[{"href":"https:\/\/www.europesays.com\/fr\/wp-json\/wp\/v2\/types\/post"}],"author":[{"embeddable":true,"href":"https:\/\/www.europesays.com\/fr\/wp-json\/wp\/v2\/users\/2"}],"replies":[{"embeddable":true,"href":"https:\/\/www.europesays.com\/fr\/wp-json\/wp\/v2\/comments?post=220864"}],"version-history":[{"count":0,"href":"https:\/\/www.europesays.com\/fr\/wp-json\/wp\/v2\/posts\/220864\/revisions"}],"wp:featuredmedia":[{"embeddable":true,"href":"https:\/\/www.europesays.com\/fr\/wp-json\/wp\/v2\/media\/220865"}],"wp:attachment":[{"href":"https:\/\/www.europesays.com\/fr\/wp-json\/wp\/v2\/media?parent=220864"}],"wp:term":[{"taxonomy":"category","embeddable":true,"href":"https:\/\/www.europesays.com\/fr\/wp-json\/wp\/v2\/categories?post=220864"},{"taxonomy":"post_tag","embeddable":true,"href":"https:\/\/www.europesays.com\/fr\/wp-json\/wp\/v2\/tags?post=220864"}],"curies":[{"name":"wp","href":"https:\/\/api.w.org\/{rel}","templated":true}]}}