{"id":220870,"date":"2025-07-02T14:27:16","date_gmt":"2025-07-02T14:27:16","guid":{"rendered":"https:\/\/www.europesays.com\/fr\/220870\/"},"modified":"2025-07-02T14:27:16","modified_gmt":"2025-07-02T14:27:16","slug":"cette-ancienne-ville-royale-a-tout-pour-seduire-patrimoine-forets-marches-sans-la-foule-de-paris","status":"publish","type":"post","link":"https:\/\/www.europesays.com\/fr\/220870\/","title":{"rendered":"Cette ancienne ville royale a tout pour s\u00e9duire : patrimoine, for\u00eats, march\u00e9s\u2026 sans la foule de Paris"},"content":{"rendered":"<p>**\u00c0 quelques kilom\u00e8tres de Paris, je t\u2019invite \u00e0 d\u00e9couvrir un joyau m\u00e9connu. Une cit\u00e9 royale o\u00f9 l\u2019histoire de France s\u2019est \u00e9crite pendant des si\u00e8cles. Loin de l\u2019agitation parisienne, j\u2019y ai trouv\u00e9 un \u00e9quilibre parfait entre patrimoine exceptionnel, espaces naturels pr\u00e9serv\u00e9s et douceur de vivre. Une destination qui m\u00e9rite amplement le d\u00e9tour.**<\/p>\n<p>Quand je cherchais \u00e0 m\u2019\u00e9chapper de l\u2019effervescence parisienne sans trop m\u2019\u00e9loigner, j\u2019ai d\u00e9couvert cette perle rare qui combine histoire, culture et nature. \u00c0 seulement quelques kilom\u00e8tres de la capitale, cette ancienne ville royale offre une exp\u00e9rience authentique loin des hordes de touristes. Un havre de paix o\u00f9 le temps semble s\u2019\u00e9couler diff\u00e9remment.<\/p>\n<p>Un patrimoine royal exceptionnellement pr\u00e9serv\u00e9<\/p>\n<p>Je me souviens de ma premi\u00e8re visite dans cette cit\u00e9 historique. D\u00e8s les premiers pas, j\u2019ai \u00e9t\u00e9 transport\u00e9 plusieurs si\u00e8cles en arri\u00e8re. Le ch\u00e2teau royal, pi\u00e8ce ma\u00eetresse de la ville, m\u2019a imm\u00e9diatement captiv\u00e9 par sa grandeur et son \u00e9l\u00e9gance. B\u00e2ti \u00e0 partir du XIIe si\u00e8cle et transform\u00e9 au fil des r\u00e8gnes, il incarne l\u2019\u00e9volution de l\u2019architecture fran\u00e7aise \u00e0 travers les \u00e2ges.<\/p>\n<p>Ce qui rend l\u2019exp\u00e9rience si sp\u00e9ciale, c\u2019est de pouvoir admirer ces tr\u00e9sors sans la foule habituelle des sites touristiques parisiens. Tu peux prendre le temps d\u2019observer chaque d\u00e9tail architectural, de t\u2019impr\u00e9gner de l\u2019atmosph\u00e8re des lieux o\u00f9 tant de monarques ont v\u00e9cu.<\/p>\n<p>Au-del\u00e0 du ch\u00e2teau, c\u2019est toute la ville qui respire l\u2019histoire. En fl\u00e2nant dans ses rues pav\u00e9es, j\u2019ai d\u00e9couvert des h\u00f4tels particuliers magnifiquement conserv\u00e9s, t\u00e9moins de la vie de cour qui animait autrefois la cit\u00e9. L\u2019ancien quartier Saint-Louis, avec ses maisons \u00e0 colombages et ses fa\u00e7ades orn\u00e9es, constitue un ensemble architectural rare en \u00cele-de-France.<\/p>\n<p>La majestueuse cath\u00e9drale Saint-Louis m\u2019a particuli\u00e8rement marqu\u00e9. Son architecture gothique flamboyante et ses vitraux color\u00e9s racontent \u00e0 eux seuls des si\u00e8cles d\u2019histoire. J\u2019ai \u00e9t\u00e9 surpris d\u2019apprendre que plusieurs rois de France y ont \u00e9t\u00e9 baptis\u00e9s, renfor\u00e7ant encore le caract\u00e8re royal de ces lieux.<\/p>\n<p>Ce qui fait le charme de cette ancienne cit\u00e9 royale, c\u2019est aussi la possibilit\u00e9 de d\u00e9couvrir son riche patrimoine sans se presser. Contrairement aux mus\u00e9es parisiens o\u00f9 il faut souvent jouer des coudes, ici tu peux prendre ton temps et v\u00e9ritablement t\u2019immerger dans l\u2019histoire.<\/p>\n<p>Des for\u00eats majestueuses pour s\u2019oxyg\u00e9ner<\/p>\n<p>Apr\u00e8s avoir visit\u00e9 le patrimoine historique, j\u2019ai \u00e9t\u00e9 enchant\u00e9 de d\u00e9couvrir les espaces naturels qui entourent la ville. La for\u00eat domaniale, v\u00e9ritable poumon vert de la r\u00e9gion, offre plus de 4 000 hectares de verdure o\u00f9 se ressourcer.<\/p>\n<p>En m\u2019y promenant au printemps, j\u2019ai \u00e9t\u00e9 subjugu\u00e9 par le tapis de jacinthes sauvages qui colore le sous-bois de teintes violettes et bleues. Un spectacle naturel qui attire les photographes et les amoureux de la nature, mais qui reste pr\u00e9serv\u00e9 des affluences massives.<\/p>\n<p>Les sentiers balis\u00e9s permettent de s\u2019aventurer facilement entre les ch\u00eanes centenaires et les h\u00eatres majestueux. Que tu sois amateur de randonn\u00e9e, cycliste ou simplement en qu\u00eate d\u2019un moment de calme, tu trouveras ton bonheur dans ces bois historiques qui servaient autrefois de terrain de chasse aux rois.<\/p>\n<p>J\u2019ai particuli\u00e8rement appr\u00e9ci\u00e9 les \u00e9tangs qui ponctuent la for\u00eat. Ces miroirs d\u2019eau paisibles attirent une faune diverse et offrent des haltes reposantes lors des promenades. En automne, lorsque les feuillages se parent de rouge et d\u2019or, le paysage devient tout simplement magique.<\/p>\n<p>Ce qui m\u2019a frapp\u00e9, c\u2019est l\u2019\u00e9quilibre parfait entre nature sauvage et am\u00e9nagements discrets. Des aires de pique-nique bien int\u00e9gr\u00e9es, quelques bancs strat\u00e9giquement plac\u00e9s pour admirer les plus beaux panoramas, mais jamais cette sensation d\u2019une nature surexploit\u00e9e ou d\u00e9natur\u00e9e par le tourisme de masse.<\/p>\n<p>Des march\u00e9s vivants et une gastronomie authentique<\/p>\n<p>Si tu es comme moi et que tu aimes d\u00e9couvrir l\u2019\u00e2me d\u2019un lieu \u00e0 travers ses produits locaux, tu seras combl\u00e9 par les march\u00e9s traditionnels de cette ville royale. Le march\u00e9 principal, qui se tient plusieurs fois par semaine, est devenu mon rendez-vous incontournable lors de mes visites.<\/p>\n<p>J\u2019y ai rencontr\u00e9 des producteurs passionn\u00e9s proposant des sp\u00e9cialit\u00e9s r\u00e9gionales : fromages d\u2019\u00cele-de-France, miels de la for\u00eat environnante, l\u00e9gumes cultiv\u00e9s dans les potagers historiques qui approvisionnaient autrefois la cour royale. L\u2019ambiance y est conviviale, loin de l\u2019agitation des march\u00e9s parisiens.<\/p>\n<p>Les restaurants de la ville perp\u00e9tuent cette tradition gastronomique. J\u2019ai particuli\u00e8rement appr\u00e9ci\u00e9 ces \u00e9tablissements nich\u00e9s dans des b\u00e2timents historiques qui proposent une cuisine mettant \u00e0 l\u2019honneur les produits du terroir. Tu peux y d\u00e9guster des plats inspir\u00e9s des recettes de l\u2019ancienne cuisine royale, adapt\u00e9s aux go\u00fbts contemporains.<\/p>\n<p>Ce qui m\u2019a charm\u00e9, c\u2019est l\u2019authenticit\u00e9 des lieux. Pas de restaurants-pi\u00e8ges \u00e0 touristes aux menus standardis\u00e9s, mais de v\u00e9ritables tables o\u00f9 les habitants viennent aussi se r\u00e9galer. Une immersion culturelle \u00e0 part enti\u00e8re.<\/p>\n<p>Je ne peux que te recommander cette destination d\u2019exception qu\u2019est Saint-Germain-en-Laye. Cette ancienne ville royale qui a h\u00e9berg\u00e9 des monarques de Louis VI \u00e0 Louis XIV offre un \u00e9quilibre parfait entre richesse historique, espaces naturels pr\u00e9serv\u00e9s et art de vivre. \u00c0 seulement 20 minutes de Paris en RER, elle reste pourtant pr\u00e9serv\u00e9e du tourisme de masse, te permettant de vivre une exp\u00e9rience authentique au c\u0153ur de l\u2019histoire de France.<\/p>\n<p>As-tu d\u00e9j\u00e0 visit\u00e9 Saint-Germain-en-Laye ou connais-tu d\u2019autres joyaux m\u00e9connus aux portes de Paris? Partage ton exp\u00e9rience en commentaire ou contacte-moi pour \u00e9changer sur ces tr\u00e9sors cach\u00e9s d\u2019\u00cele-de-France!<\/p>\n<p><img loading=\"lazy\" decoding=\"async\" width=\"150\" height=\"150\" src=\"data:image\/svg+xml,%3Csvg%20xmlns=\" http:=\"\" class=\"attachment-150x150 size-150x150\" alt=\"\" itemprop=\"image\" data-lazy- data-lazy- data-lazy-src=\"https:\/\/www.europesays.com\/fr\/wp-content\/uploads\/2025\/04\/im6-150x150.png\"\/><\/p>\n<p>Salut \u00e0 tous, je suis Eglantine. D\u00e9couvrez mes articles sur le voyage \u00e0 travers mes conseils, astuces et lieux pr\u00e9f\u00e9r\u00e9s en exclusivit\u00e9 sur News Of Marseille.<br \/>R\u00e9dactrice de coeur, je vous guide \u00e0 travers mes \u00e9crits pour vous transmettre mon expertise sur l&rsquo;aventure du voyage. Et \u00e9videmment, allez l&rsquo;OM \ud83d\ude09<\/p>\n<p>Partagez l&rsquo;article ou suivez nous !<\/p>\n<p>\n\tNos images sont \u00e0 but illustratif et peuvent ne pas repr\u00e9senter la r\u00e9alit\u00e9<\/p>\n","protected":false},"excerpt":{"rendered":"**\u00c0 quelques kilom\u00e8tres de Paris, je t\u2019invite \u00e0 d\u00e9couvrir un joyau m\u00e9connu. Une cit\u00e9 royale o\u00f9 l\u2019histoire de&hellip;\n","protected":false},"author":2,"featured_media":220871,"comment_status":"","ping_status":"","sticky":false,"template":"","format":"standard","meta":{"footnotes":""},"categories":[1888],"tags":[1111,1928,11,1927,1777,674,1011,27,35986,12,1926,626,1925,35987,35988,25],"class_list":{"0":"post-220870","1":"post","2":"type-post","3":"status-publish","4":"format-standard","5":"has-post-thumbnail","7":"category-paris","8":"tag-actu","9":"tag-actu-paris","10":"tag-actualites","11":"tag-actualites-paris","12":"tag-eu","13":"tag-europe","14":"tag-fr","15":"tag-france","16":"tag-histoire-de-france","17":"tag-news","18":"tag-news-paris","19":"tag-paris","20":"tag-paris-news","21":"tag-patrimoine-exceptionnel","22":"tag-patrimoine-royal","23":"tag-republique-francaise"},"share_on_mastodon":{"url":"https:\/\/pubeurope.com\/@fr\/114784112667786260","error":""},"_links":{"self":[{"href":"https:\/\/www.europesays.com\/fr\/wp-json\/wp\/v2\/posts\/220870","targetHints":{"allow":["GET"]}}],"collection":[{"href":"https:\/\/www.europesays.com\/fr\/wp-json\/wp\/v2\/posts"}],"about":[{"href":"https:\/\/www.europesays.com\/fr\/wp-json\/wp\/v2\/types\/post"}],"author":[{"embeddable":true,"href":"https:\/\/www.europesays.com\/fr\/wp-json\/wp\/v2\/users\/2"}],"replies":[{"embeddable":true,"href":"https:\/\/www.europesays.com\/fr\/wp-json\/wp\/v2\/comments?post=220870"}],"version-history":[{"count":0,"href":"https:\/\/www.europesays.com\/fr\/wp-json\/wp\/v2\/posts\/220870\/revisions"}],"wp:featuredmedia":[{"embeddable":true,"href":"https:\/\/www.europesays.com\/fr\/wp-json\/wp\/v2\/media\/220871"}],"wp:attachment":[{"href":"https:\/\/www.europesays.com\/fr\/wp-json\/wp\/v2\/media?parent=220870"}],"wp:term":[{"taxonomy":"category","embeddable":true,"href":"https:\/\/www.europesays.com\/fr\/wp-json\/wp\/v2\/categories?post=220870"},{"taxonomy":"post_tag","embeddable":true,"href":"https:\/\/www.europesays.com\/fr\/wp-json\/wp\/v2\/tags?post=220870"}],"curies":[{"name":"wp","href":"https:\/\/api.w.org\/{rel}","templated":true}]}}