{"id":220879,"date":"2025-07-02T14:32:14","date_gmt":"2025-07-02T14:32:14","guid":{"rendered":"https:\/\/www.europesays.com\/fr\/220879\/"},"modified":"2025-07-02T14:32:14","modified_gmt":"2025-07-02T14:32:14","slug":"etats-unis-deces-dun-jeune-homme-handicape-sa-mere-soupconnee-de-negligence-grave-linfo-re","status":"publish","type":"post","link":"https:\/\/www.europesays.com\/fr\/220879\/","title":{"rendered":"\u00c9tats-Unis : d\u00e9c\u00e8s d\u2019un jeune homme handicap\u00e9, sa m\u00e8re soup\u00e7onn\u00e9e de n\u00e9gligence grave &#8211; LINFO.re"},"content":{"rendered":"<p>Ezekiel Sheppard, jeune homme de 20 ans atteint de paralysie c\u00e9r\u00e9brale, est d\u00e9c\u00e9d\u00e9 ce 11 juin.<\/p>\n<p style=\"text-align: justify;\">\u00c0 la suite de sa mort, sa maman est aujourd\u2019hui mise en cause dans une proc\u00e9dure judiciaire.\u00a0<\/p>\n<p><strong>Une m\u00e8re inculp\u00e9e pour n\u00e9gligence grave<\/strong><\/p>\n<p style=\"text-align: justify;\">Tanya Boyd, \u00e2g\u00e9e de 48 ans, habitante de Marion dans le comt\u00e9 de Grant dans l\u2019<a href=\"https:\/\/www.linfo.re\/monde\/amerique\/ivg-aux-etats-unis-l-indiana-a-vote-l-interdiction-d-avorter\" target=\"_blank\" rel=\"noopener\"><strong>Indiana<\/strong><\/a>, a \u00e9t\u00e9 inculp\u00e9e pour <strong>n\u00e9gligence envers une personne \u00e0 charge<\/strong>. Le chef d\u2019accusation rel\u00e8ve d\u2019un crime de niveau 3. Son fils, <strong>Ezekiel Sheppard<\/strong>, surnomm\u00e9 Zeke, a succomb\u00e9 face \u00e0 la maladie le 11 juin 2024, \u00e0 l\u2019\u00e2ge de 20 ans. Il \u00e9tait atteint de paralysie c\u00e9r\u00e9brale depuis sa naissance le 22 avril 2005.<\/p>\n<p style=\"text-align: justify;\">Les services de protection de l\u2019enfance de l\u2019Indiana (DCS) avaient d\u00e9j\u00e0 ouvert une enqu\u00eate en 2021, signalant une <strong><a href=\"https:\/\/www.linfo.re\/monde\/amerique\/onu-plus-de-730-millions-de-personnes-en-situation-de-malnutrition-dans-le-monde\" target=\"_blank\" rel=\"noopener\">malnutrition<\/a> persistante <\/strong>et un retard de croissance. En ao\u00fbt 2022, Zeke pesait seulement 40 kg, un poids critique qui avait contraint l\u2019h\u00f4pital \u00e0 annuler une op\u00e9ration. Ce signalement avait conduit \u00e0 un retrait du domicile parental.<\/p>\n<p><strong>Une am\u00e9lioration temporaire en foyer<\/strong><\/p>\n<p style=\"text-align: justify;\">Le jeune homme avait alors \u00e9t\u00e9 confi\u00e9 \u00e0 un foyer d\u2019accueil, le Camelot Care Center. Sous la responsabilit\u00e9 l\u00e9gale de Shawnda Tharp, il avait b\u00e9n\u00e9fici\u00e9 d\u2019un suivi m\u00e9dical adapt\u00e9. Son \u00e9tat s\u2019\u00e9tait nettement am\u00e9lior\u00e9. En quelques semaines, il avait pris 61\u00a0% de poids suppl\u00e9mentaire et grandi de cinq centim\u00e8tres.<\/p>\n<p style=\"text-align: justify;\">Malheureusement, le jeune gar\u00e7on est mort en juin 2024, entour\u00e9 de l\u2019\u00e9quipe soignante et de son doudou pr\u00e9f\u00e9r\u00e9, un alligator en peluche. Ce compagnon fid\u00e8le l\u2019aidait \u00e0 se positionner dans son lit. La n\u00e9crologie publi\u00e9e \u00e0 cette occasion d\u00e9crit un jeune homme courageux et attachant, passionn\u00e9 par la musique country. Il laisse derri\u00e8re lui son p\u00e8re, Heath Sheppard, et les membres du centre d\u2019accueil qui le consid\u00e9raient comme l\u2019un des leurs.<\/p>\n<p><strong>Une enqu\u00eate encore en cours<\/strong><\/p>\n<p style=\"text-align: justify;\">Les causes exactes du d\u00e9c\u00e8s de Zeke restent ind\u00e9termin\u00e9es. L\u2019enqu\u00eate n\u2019a pas encore \u00e9tabli de lien formel avec les maltraitances subies. L\u2019affaire a \u00e9t\u00e9 d\u00e9clench\u00e9e par un signalement du DCS \u00e0 la police de Marion en septembre 2023. Cela a men\u00e9 \u00e0 l\u2019inculpation de Tanya Boyd. Actuellement en libert\u00e9 conditionnelle, elle compara\u00eetra devant la justice le 15 d\u00e9cembre 2025, apr\u00e8s une premi\u00e8re audience en novembre. Les investigations se poursuivent. Elles visent \u00e0 \u00e9claircir les circonstances du d\u00e9c\u00e8s de Zeke.<\/p>\n<p style=\"text-align: justify;\">Le bureau du procureur attend les r\u00e9sultats de l\u2019enqu\u00eate pour d\u00e9terminer les responsabilit\u00e9s pr\u00e9cises. La cha\u00eene CBS4 News, qui a r\u00e9v\u00e9l\u00e9 l\u2019affaire le 27 juin, pr\u00e9cise que de nouvelles informations seront communiqu\u00e9es d\u00e8s qu\u2019elles seront disponibles. L\u2019histoire d\u2019Ezekiel marqu\u00e9e par la maladie et la n\u00e9gligence, met en lumi\u00e8re la protection des personnes vuln\u00e9rables. Elle interroge la responsabilit\u00e9 des proches dans leur prise en charge<\/p>\n<p style=\"text-align: justify;\">Source\u00a0: 20 minutes<\/p>\n","protected":false},"excerpt":{"rendered":"Ezekiel Sheppard, jeune homme de 20 ans atteint de paralysie c\u00e9r\u00e9brale, est d\u00e9c\u00e9d\u00e9 ce 11 juin. \u00c0 la&hellip;\n","protected":false},"author":2,"featured_media":220880,"comment_status":"","ping_status":"","sticky":false,"template":"","format":"standard","meta":{"footnotes":""},"categories":[1589],"tags":[47,11,4707,73,1866,35989,1922,74,12,1864,1865,1863,308],"class_list":{"0":"post-220879","1":"post","2":"type-post","3":"status-publish","4":"format-standard","5":"has-post-thumbnail","7":"category-etats-unis","8":"tag-actualite","9":"tag-actualites","10":"tag-amerique","11":"tag-etats-unis","12":"tag-etats-unis-damerique","13":"tag-indiana","14":"tag-info","15":"tag-monde","16":"tag-news","17":"tag-united-states","18":"tag-united-states-of-america","19":"tag-us","20":"tag-usa"},"share_on_mastodon":{"url":"https:\/\/pubeurope.com\/@fr\/114784131117394600","error":""},"_links":{"self":[{"href":"https:\/\/www.europesays.com\/fr\/wp-json\/wp\/v2\/posts\/220879","targetHints":{"allow":["GET"]}}],"collection":[{"href":"https:\/\/www.europesays.com\/fr\/wp-json\/wp\/v2\/posts"}],"about":[{"href":"https:\/\/www.europesays.com\/fr\/wp-json\/wp\/v2\/types\/post"}],"author":[{"embeddable":true,"href":"https:\/\/www.europesays.com\/fr\/wp-json\/wp\/v2\/users\/2"}],"replies":[{"embeddable":true,"href":"https:\/\/www.europesays.com\/fr\/wp-json\/wp\/v2\/comments?post=220879"}],"version-history":[{"count":0,"href":"https:\/\/www.europesays.com\/fr\/wp-json\/wp\/v2\/posts\/220879\/revisions"}],"wp:featuredmedia":[{"embeddable":true,"href":"https:\/\/www.europesays.com\/fr\/wp-json\/wp\/v2\/media\/220880"}],"wp:attachment":[{"href":"https:\/\/www.europesays.com\/fr\/wp-json\/wp\/v2\/media?parent=220879"}],"wp:term":[{"taxonomy":"category","embeddable":true,"href":"https:\/\/www.europesays.com\/fr\/wp-json\/wp\/v2\/categories?post=220879"},{"taxonomy":"post_tag","embeddable":true,"href":"https:\/\/www.europesays.com\/fr\/wp-json\/wp\/v2\/tags?post=220879"}],"curies":[{"name":"wp","href":"https:\/\/api.w.org\/{rel}","templated":true}]}}