{"id":220895,"date":"2025-07-02T14:42:10","date_gmt":"2025-07-02T14:42:10","guid":{"rendered":"https:\/\/www.europesays.com\/fr\/220895\/"},"modified":"2025-07-02T14:42:10","modified_gmt":"2025-07-02T14:42:10","slug":"louis-carbonel-de-retour-a-toulon-bernard-lemaitre-brise-le-silence","status":"publish","type":"post","link":"https:\/\/www.europesays.com\/fr\/220895\/","title":{"rendered":"Louis Carbonel de retour \u00e0 Toulon ? Bernard Lemaitre brise le silence !"},"content":{"rendered":"<p>La rumeur annonce un retour de Louis Carbonel au Rugby Club Toulonnais dans les semaines \u00e0 venir.<\/p>\n<p>Un \u00e9change avec Enzo Herv\u00e9 \u00e9tait envisag\u00e9.<\/p>\n<p>L\u2019ouvreur Toulonnais Enzo Herv\u00e9 \u00e9tait annonc\u00e9 du c\u00f4t\u00e9 du Stade-Fran\u00e7ais Paris tandis que Louis Carbonel ferait le chemin inverse.<\/p>\n<p>Reste que, pour le moment, rien n\u2019a \u00e9t\u00e9 officialis\u00e9 par le club Varois.<\/p>\n<p>Et pour cause, pour l\u2019heure, tout semble bloqu\u00e9.<\/p>\n<p>Le pr\u00e9sident du Rugby Club Toulonnais, Bernard Lemaitre a fait le point sur la situation lors d\u2019un entretien accord\u00e9 \u00e0 Var-matin.<\/p>\n<p><strong>Il explique qu\u2019un retour de Louis Carbonel au RCT est envisag\u00e9. Mais pour l\u2019heure, rien n\u2019est act\u00e9. Extrait:<\/strong><\/p>\n<p>\u00ab\u00a0Louis \u00e9tait dans mon bureau il n\u2019y a pas longtemps. Il a \u00e9t\u00e9 \u00e9galement re\u00e7u par Pierre Mignoni. Il est candidat \u00e0 revenir. Est-ce que c\u2019est le bon choix ou non ? Il y a beaucoup de questions qui se posent. Nous ne sommes pas au point d\u2019une signature pour le moment.\u00a0\u00bb<\/p>\n<p><strong>Affaire \u00e0 suivre\u2026<\/strong><\/p>\n","protected":false},"excerpt":{"rendered":"La rumeur annonce un retour de Louis Carbonel au Rugby Club Toulonnais dans les semaines \u00e0 venir. Un&hellip;\n","protected":false},"author":2,"featured_media":209615,"comment_status":"","ping_status":"","sticky":false,"template":"","format":"standard","meta":{"footnotes":""},"categories":[1416],"tags":[1011,27,479,1468,60],"class_list":{"0":"post-220895","1":"post","2":"type-post","3":"status-publish","4":"format-standard","5":"has-post-thumbnail","7":"category-rugby","8":"tag-fr","9":"tag-france","10":"tag-rugby","11":"tag-rugby-football","12":"tag-sports"},"share_on_mastodon":{"url":"https:\/\/pubeurope.com\/@fr\/114784170436427954","error":""},"_links":{"self":[{"href":"https:\/\/www.europesays.com\/fr\/wp-json\/wp\/v2\/posts\/220895","targetHints":{"allow":["GET"]}}],"collection":[{"href":"https:\/\/www.europesays.com\/fr\/wp-json\/wp\/v2\/posts"}],"about":[{"href":"https:\/\/www.europesays.com\/fr\/wp-json\/wp\/v2\/types\/post"}],"author":[{"embeddable":true,"href":"https:\/\/www.europesays.com\/fr\/wp-json\/wp\/v2\/users\/2"}],"replies":[{"embeddable":true,"href":"https:\/\/www.europesays.com\/fr\/wp-json\/wp\/v2\/comments?post=220895"}],"version-history":[{"count":0,"href":"https:\/\/www.europesays.com\/fr\/wp-json\/wp\/v2\/posts\/220895\/revisions"}],"wp:featuredmedia":[{"embeddable":true,"href":"https:\/\/www.europesays.com\/fr\/wp-json\/wp\/v2\/media\/209615"}],"wp:attachment":[{"href":"https:\/\/www.europesays.com\/fr\/wp-json\/wp\/v2\/media?parent=220895"}],"wp:term":[{"taxonomy":"category","embeddable":true,"href":"https:\/\/www.europesays.com\/fr\/wp-json\/wp\/v2\/categories?post=220895"},{"taxonomy":"post_tag","embeddable":true,"href":"https:\/\/www.europesays.com\/fr\/wp-json\/wp\/v2\/tags?post=220895"}],"curies":[{"name":"wp","href":"https:\/\/api.w.org\/{rel}","templated":true}]}}