{"id":220913,"date":"2025-07-02T14:54:09","date_gmt":"2025-07-02T14:54:09","guid":{"rendered":"https:\/\/www.europesays.com\/fr\/220913\/"},"modified":"2025-07-02T14:54:09","modified_gmt":"2025-07-02T14:54:09","slug":"la-bande-annonce-du-nouveau-film-de-christopher-nolan-lodyssee-fuite-sur-les-reseaux-sociaux","status":"publish","type":"post","link":"https:\/\/www.europesays.com\/fr\/220913\/","title":{"rendered":"La bande-annonce du nouveau film de Christopher Nolan, L\u2019Odyss\u00e9e, fuite sur les r\u00e9seaux sociaux"},"content":{"rendered":"<p>Diffus\u00e9 exclusivement le 1er juillet dans les salles de cin\u00e9ma am\u00e9ricaines, le teaser a rapidement fuit\u00e9 sur Internet. Les premi\u00e8res images r\u00e9v\u00e8lent la prise de Troie ainsi qu\u2019une sc\u00e8ne avec Tom Holland dans la peau de T\u00e9l\u00e9maque.<\/p>\n<p class=\"fig-paragraph\">\u00c0 l\u2019instar du po\u00e8me d\u2019<a href=\"http:\/\/www.lefigaro.fr\/cinema\/christopher-nolan-va-adapter-l-odysee-d-homere-avec-un-casting-hollywoodien-20241224\" data-fig-type=\"Article\" data-gtm-custom-categorie=\"navigation\" data-gtm-custom-action=\"crossclick\" data-gtm-custom-label=\"Contextuel\" data-gtm-event=\"customEventSPE\" data-fig-domain=\"LEFIGARO\" target=\"_blank\" rel=\"noopener\">Hom\u00e8re<\/a>, le film L\u2019Odyss\u00e9e de\u00a0<a href=\"http:\/\/www.lefigaro.fr\/cinema\/tom-holland-sera-a-l-affiche-du-nouveau-christopher-nolan-et-de-spider-man-4-en-juillet-2026-20241028\" data-fig-type=\"Article\" data-gtm-custom-categorie=\"navigation\" data-gtm-custom-action=\"crossclick\" data-gtm-custom-label=\"Contextuel\" data-gtm-event=\"customEventSPE\" data-fig-domain=\"LEFIGARO\" target=\"_blank\" rel=\"noopener\">Christopher Nolan<\/a>\u00a0affronte quelques m\u00e9saventures. Un an avant sa sortie en salle le 17 juillet 2026 sa bande-annonce, diffus\u00e9e dans les cin\u00e9mas am\u00e9ricains mardi 1er juillet, a fuit\u00e9 sur les r\u00e9seaux sociaux rapporte\u00a0<a href=\"https:\/\/variety.com\/2025\/film\/news\/christopher-nolan-odyssey-teaser-leaks-online-first-footage-1236445352\/\" target=\"_blank\" rel=\"nofollow noopener\" data-gtm-custom-categorie=\"navigation\" data-gtm-custom-action=\"crossclick\" data-gtm-custom-label=\"Contextuel\" data-gtm-event=\"customEventSPE\">Variety<\/a> .<\/p>\n<p class=\"fig-paragraph\">D\u2019une dur\u00e9e de 70 secondes, l\u2019extrait vid\u00e9o s\u2019ouvre sur un plan de la mer et du rivage. Une voix off, qui semble \u00eatre celle de\u00a0<a href=\"http:\/\/www.lefigaro.fr\/cinema\/denis-villeneuve-reve-d-engager-robert-pattinson-dans-le-prochain-volet-de-dune-20250409\" data-fig-type=\"NewsFlash\" data-gtm-custom-categorie=\"navigation\" data-gtm-custom-action=\"crossclick\" data-gtm-custom-label=\"Contextuel\" data-gtm-event=\"customEventSPE\" data-fig-domain=\"LEFIGARO\" target=\"_blank\" rel=\"noopener\">Robert Pattinson<\/a>, plante le d\u00e9cor\u00a0: \u00ab T\u00e9n\u00e8bres. Les lois de Zeus an\u00e9anties. Un royaume sans roi depuis la mort de mon ma\u00eetre. Il savait que c\u2019\u00e9tait une guerre perdue d\u2019avance, et pourtant&#8230; il a gagn\u00e9\u00a0\u00bb. Les deux s\u00e9quences suivantes illustrent la prise de Troie et montrent le cheval de bois construit par Ulysse (incarn\u00e9 par\u00a0<a href=\"http:\/\/www.lefigaro.fr\/cinema\/zendaya-rejoint-tom-holland-et-matt-damon-dans-le-prochain-film-de-christopher-nolan-20241113\" data-fig-type=\"Article\" data-gtm-custom-categorie=\"navigation\" data-gtm-custom-action=\"crossclick\" data-gtm-custom-label=\"Contextuel\" data-gtm-event=\"customEventSPE\" data-fig-domain=\"LEFIGARO\" target=\"_blank\" rel=\"noopener\">Matt Damon<\/a>).<\/p>\n<p>                                    <a class=\"fig-a11y-skip a11y-hidden\" href=\"#fig-a11y-skip-main-inarticle\"><br \/>\n        Passer la publicit\u00e9<br \/>\n    <\/a><\/p>\n<p class=\"fig-paragraph\">La bande-annonce continue avec une conversation houleuse entre T\u00e9l\u00e9maque, jou\u00e9 par\u00a0<a href=\"http:\/\/www.lefigaro.fr\/cinema\/harris-dickinson-tom-holland-et-jacob-elordi-envisages-dans-le-costume-de-james-bond-20250630\" data-fig-type=\"Article\" data-gtm-custom-categorie=\"navigation\" data-gtm-custom-action=\"crossclick\" data-gtm-custom-label=\"Contextuel\" data-gtm-event=\"customEventSPE\" data-fig-domain=\"LEFIGARO\" target=\"_blank\" rel=\"noopener\">Tom Holland<\/a>, et un personnage inconnu, interpr\u00e9t\u00e9 par Jon Bernthal (Le Loup de Wall Street, Fury). Le fils du roi d\u2019Ithaque lui demande o\u00f9 se cache son p\u00e8re. \u00ab\u00a0Je n\u2019en sais rien\u00a0\u00bb, lui r\u00e9pond le myst\u00e9rieux personnage. Apr\u00e8s plusieurs secondes de dialogue, la vid\u00e9o s\u2019ach\u00e8ve sur un plan de la mer. On y aper\u00e7oit \u00e9galement Ulysse d\u00e9rivant sur des morceaux de bois et la date de sortie du film.<\/p>\n<p>Charlize Theron confirme sa pr\u00e9sence<\/p>\n<p class=\"fig-paragraph\">Les vid\u00e9os diffus\u00e9es ou relay\u00e9es par les internautes ont rapidement \u00e9t\u00e9 supprim\u00e9es. Contact\u00e9e par Variety, Universal n\u2019a pas r\u00e9pondu. Ces fuites risquent de perturber le lancement de la promotion du film. En effet, le 28 juin, l\u2019affiche de L\u2019Odyss\u00e9e a \u00e9t\u00e9 d\u00e9voil\u00e9e dans un cin\u00e9ma de Los Angeles. Y figure la t\u00eate d\u2019une statue grecque ainsi que les mots suivants\u00a0: \u00ab Defy the gods\u00a0\u00bb, que l\u2019on peut traduire par \u00ab D\u00e9fiez les dieux\u00a0\u00bb.<\/p>\n<p class=\"fig-paragraph\">Encore en phase de production, le long-m\u00e9trage de Christopher Nolan sera le premier film \u00e0 gros budget enti\u00e8rement tourn\u00e9 en Imax. En plus de Matt Damon et Tom Holland,\u00a0<a href=\"http:\/\/www.lefigaro.fr\/cinema\/faut-il-parler-l-afrikaans-charlize-theron-juge-la-langue-des-colons-d-afrique-du-sud-pas-utile-20221117\" data-fig-type=\"NewsFlash\" data-gtm-custom-categorie=\"navigation\" data-gtm-custom-action=\"crossclick\" data-gtm-custom-label=\"Contextuel\" data-gtm-event=\"customEventSPE\" data-fig-domain=\"LEFIGARO\" target=\"_blank\" rel=\"noopener\">Charlize Theron<\/a>\u00a0partagera l\u2019affiche de L\u2019Odyss\u00e9e. L\u2019actrice a officialis\u00e9 sa pr\u00e9sence lors d\u2019une<a href=\"https:\/\/x.com\/Variety\/status\/1939143021460906203?ref_src=twsrc%5Etfw%7Ctwcamp%5Etweetembed%7Ctwterm%5E1939143021460906203%7Ctwgr%5Eaf8a364be083dc0e4b99457e44cdb05087bd3ff6%7Ctwcon%5Es1_&amp;ref_url=https%3A%2F%2Fvariety.com%2F2025%2Ffilm%2Fnews%2Fchristopher-nolan-odyssey-teaser-leaks-online-first-footage-1236445352%2F\" target=\"_blank\" rel=\"nofollow noopener\" data-gtm-custom-categorie=\"navigation\" data-gtm-custom-action=\"crossclick\" data-gtm-custom-label=\"Contextuel\" data-gtm-event=\"customEventSPE\">\u00a0interview accord\u00e9e \u00e0 Variety<\/a> . Elle devrait incarner la puissante magicienne Circ\u00e9.<\/p>\n","protected":false},"excerpt":{"rendered":"Diffus\u00e9 exclusivement le 1er juillet dans les salles de cin\u00e9ma am\u00e9ricaines, le teaser a rapidement fuit\u00e9 sur Internet.&hellip;\n","protected":false},"author":2,"featured_media":220914,"comment_status":"","ping_status":"","sticky":false,"template":"","format":"standard","meta":{"footnotes":""},"categories":[1354],"tags":[1409,3902,58,59,1346,1011,27,7066,1360],"class_list":{"0":"post-220913","1":"post","2":"type-post","3":"status-publish","4":"format-standard","5":"has-post-thumbnail","7":"category-films","8":"tag-bande-annonce","9":"tag-christopher-nolan","10":"tag-divertissement","11":"tag-entertainment","12":"tag-films","13":"tag-fr","14":"tag-france","15":"tag-fuite","16":"tag-movies"},"share_on_mastodon":{"url":"https:\/\/pubeurope.com\/@fr\/114784217648138681","error":""},"_links":{"self":[{"href":"https:\/\/www.europesays.com\/fr\/wp-json\/wp\/v2\/posts\/220913","targetHints":{"allow":["GET"]}}],"collection":[{"href":"https:\/\/www.europesays.com\/fr\/wp-json\/wp\/v2\/posts"}],"about":[{"href":"https:\/\/www.europesays.com\/fr\/wp-json\/wp\/v2\/types\/post"}],"author":[{"embeddable":true,"href":"https:\/\/www.europesays.com\/fr\/wp-json\/wp\/v2\/users\/2"}],"replies":[{"embeddable":true,"href":"https:\/\/www.europesays.com\/fr\/wp-json\/wp\/v2\/comments?post=220913"}],"version-history":[{"count":0,"href":"https:\/\/www.europesays.com\/fr\/wp-json\/wp\/v2\/posts\/220913\/revisions"}],"wp:featuredmedia":[{"embeddable":true,"href":"https:\/\/www.europesays.com\/fr\/wp-json\/wp\/v2\/media\/220914"}],"wp:attachment":[{"href":"https:\/\/www.europesays.com\/fr\/wp-json\/wp\/v2\/media?parent=220913"}],"wp:term":[{"taxonomy":"category","embeddable":true,"href":"https:\/\/www.europesays.com\/fr\/wp-json\/wp\/v2\/categories?post=220913"},{"taxonomy":"post_tag","embeddable":true,"href":"https:\/\/www.europesays.com\/fr\/wp-json\/wp\/v2\/tags?post=220913"}],"curies":[{"name":"wp","href":"https:\/\/api.w.org\/{rel}","templated":true}]}}