{"id":220919,"date":"2025-07-02T14:57:10","date_gmt":"2025-07-02T14:57:10","guid":{"rendered":"https:\/\/www.europesays.com\/fr\/220919\/"},"modified":"2025-07-02T14:57:10","modified_gmt":"2025-07-02T14:57:10","slug":"en-tee-shirt-a-message-xxl-et-minishort-noir-angele-profite-incognito-de-glastonbury","status":"publish","type":"post","link":"https:\/\/www.europesays.com\/fr\/220919\/","title":{"rendered":"En tee-shirt \u00e0 message XXL et minishort noir, Ang\u00e8le profite incognito de Glastonbury"},"content":{"rendered":"<p>    Ang\u00e8le au d\u00e9fil\u00e9 Chanel Printemps 2025 au Grand Palais. (Paris, le 1er octobre 2024.)<br \/>\n                Castel Franck\/ABACA<\/p>\n<p>Pr\u00e9sente au festival anglais qui s\u2019est tenu fin juin, la chanteuse belge a circul\u00e9 presque incognito dans la foule, arborant couvre-chef, lunettes de soleil et tee-shirt \u00e0 message.<\/p>\n<p class=\"fig-paragraph\">Du 25 au 29 juin, les collines du Somerset ont vibr\u00e9 au rythme du festival de Glastonbury, plus effervescent que jamais. Berc\u00e9 par Neil Young, les performances de\u00a0<a href=\"http:\/\/madame.lefigaro.fr\/celebrites\/soirees\/nicole-kidman-paul-mescal-virginie-efira-charlie-xcx-a-cannes-les-stars-fetent-les-10-ans-de-women-in-motion-20250519\" target=\"_blank\" data-fig-type=\"Article\" rel=\"noopener\" data-gtm-custom-categorie=\"navigation\" data-gtm-custom-action=\"crossclick\" data-gtm-custom-label=\"Contextuel\" data-gtm-event=\"customEventSPE\" data-fig-domain=\"MADAME\">Charli XCX\u00a0<\/a>ou encore la mont\u00e9e en puissance d\u2019Olivia Rodrigo, le public n\u2019a pas boud\u00e9 son plaisir. C\u00f4t\u00e9 people, le carr\u00e9 VIP \u00e9tait tout aussi anim\u00e9\u00a0: Margot Robbie, Daisy Edgar-Jones, Gracie Abrams et\u00a0<a href=\"http:\/\/madame.lefigaro.fr\/beaute\/parfum\/angele-nouvelle-egerie-du-nouveau-parfum-chance-eau-splendide-de-chanel-20250404\" target=\"_blank\" data-fig-type=\"Article\" rel=\"noopener\" data-gtm-custom-categorie=\"navigation\" data-gtm-custom-action=\"crossclick\" data-gtm-custom-label=\"Contextuel\" data-gtm-event=\"customEventSPE\" data-fig-domain=\"MADAME\">Ang\u00e8le<\/a>, entre autres. Venue assister aux concerts dans un look d\u00e9contract\u00e9, la chanteuse belge a aussi profit\u00e9 de l\u2019\u00e9v\u00e9nement pour faire passer un message d\u2019engagement.<\/p>\n<p class=\"fig-paragraph\">Sur son compte Instagram, l\u2019\u00e9g\u00e9rie\u00a0<a href=\"http:\/\/madame.lefigaro.fr\/style\/news\/en-photos-stormi-la-fille-de-kylie-jenner-agee-de-7-ans-et-ses-tenues-chanel-vintage-a-venise-20250701\" target=\"_blank\" data-fig-type=\"Article\" rel=\"noopener\" data-gtm-custom-categorie=\"navigation\" data-gtm-custom-action=\"crossclick\" data-gtm-custom-label=\"Contextuel\" data-gtm-event=\"customEventSPE\" data-fig-domain=\"MADAME\">Chanel<\/a>\u00a0a partag\u00e9 un carrousel de photos capturant les meilleurs moments de son week-end. Sur ces clich\u00e9s, elle arbore un style bien oppos\u00e9 \u00e0 ceux que l\u2019on voit en festival\u00a0: ni strass, ni paillettes. Elle \u00e9tait en effet, v\u00eatue d\u2019un tee-shirt oversize tie-and-dye lilas, orn\u00e9 du slogan \u00abTrans Lives Matter\u00bb. Une pi\u00e8ce tir\u00e9e de la\u00a0<a href=\"https:\/\/madame.lefigaro.fr\/defiles\/jeanne-friot\/printemps-ete-2026\/homme\/defile-jeanne-friot-homme-printemps-ete-2026-20250620\" data-fig-type=\"Article\" data-gtm-custom-categorie=\"navigation\" data-gtm-custom-action=\"crossclick\" data-gtm-custom-label=\"Contextuel\" data-gtm-event=\"customEventSPE\" data-fig-domain=\"MADAME\" target=\"_blank\" rel=\"noopener\">collection printemps-\u00e9t\u00e9 2026 de Jeanne Friot<\/a>, intitul\u00e9e R\u00e9sistance et d\u00e9voil\u00e9e quelques jours plus t\u00f4t \u00e0 Paris. La chanteuse portait aussi un minishort noir, une casquette de la marque Ga\u00efa Ga\u00efa et une paire de bottes de pluie Chanel.<\/p>\n<p>                                    <a class=\"fig-a11y-skip a11y-hidden\" href=\"#fig-a11y-skip-main-inarticle\"><br \/>\n        Passer la publicit\u00e9<br \/>\n    <\/a><\/p>\n<p>Un style entre pop, mode et conviction<\/p>\n<p class=\"fig-paragraph\">Ce choix n\u2019a rien d\u2019anodin pour Ang\u00e8le, qui porte souvent des hauts porteurs de messages. En 2020, elle faisait son\u00a0<a href=\"https:\/\/www.instagram.com\/p\/CDteBv1JKq1\/?utm_source=ig_embed\" target=\"_blank\" rel=\"nofollow noopener\" data-gtm-custom-categorie=\"navigation\" data-gtm-custom-action=\"crossclick\" data-gtm-custom-label=\"Contextuel\" data-gtm-event=\"customEventSPE\">coming out sur Instagram<\/a>\u00a0en arborant un tee-shirt blanc avec l\u2019inscription \u00abPortait of women who love women\u00bb (Portrait de femmes qui aiment les femmes, en fran\u00e7ais) en lettres rouges. Elle cultive donc une image libre et engag\u00e9e, entre influences pop et combats personnels. De ses clips \u00e0 ses concerts, en passant par les tapis rouges ou les festivals, elle pr\u00f4ne une mode inclusive, fluide, r\u00e9solument en phase avec sa g\u00e9n\u00e9ration. Ainsi, elle confirme une fois encore qu\u2019il est possible de conjuguer \u00e9l\u00e9gance et engagement, sans compromettre l\u2019un pour l\u2019autre.<\/p>\n<p>                                        <script async src=\"\/\/www.instagram.com\/embed.js\"><\/script><\/p>\n","protected":false},"excerpt":{"rendered":"Ang\u00e8le au d\u00e9fil\u00e9 Chanel Printemps 2025 au Grand Palais. (Paris, le 1er octobre 2024.) Castel Franck\/ABACA Pr\u00e9sente au&hellip;\n","protected":false},"author":2,"featured_media":220920,"comment_status":"","ping_status":"","sticky":false,"template":"","format":"standard","meta":{"footnotes":""},"categories":[8],"tags":[10751,1890,58,59,1011,27,35990,35991],"class_list":{"0":"post-220919","1":"post","2":"type-post","3":"status-publish","4":"format-standard","5":"has-post-thumbnail","7":"category-divertissement","8":"tag-angele","9":"tag-chanel","10":"tag-divertissement","11":"tag-entertainment","12":"tag-fr","13":"tag-france","14":"tag-glastonbury","15":"tag-t-shirt"},"share_on_mastodon":{"url":"https:\/\/pubeurope.com\/@fr\/114784229531035144","error":""},"_links":{"self":[{"href":"https:\/\/www.europesays.com\/fr\/wp-json\/wp\/v2\/posts\/220919","targetHints":{"allow":["GET"]}}],"collection":[{"href":"https:\/\/www.europesays.com\/fr\/wp-json\/wp\/v2\/posts"}],"about":[{"href":"https:\/\/www.europesays.com\/fr\/wp-json\/wp\/v2\/types\/post"}],"author":[{"embeddable":true,"href":"https:\/\/www.europesays.com\/fr\/wp-json\/wp\/v2\/users\/2"}],"replies":[{"embeddable":true,"href":"https:\/\/www.europesays.com\/fr\/wp-json\/wp\/v2\/comments?post=220919"}],"version-history":[{"count":0,"href":"https:\/\/www.europesays.com\/fr\/wp-json\/wp\/v2\/posts\/220919\/revisions"}],"wp:featuredmedia":[{"embeddable":true,"href":"https:\/\/www.europesays.com\/fr\/wp-json\/wp\/v2\/media\/220920"}],"wp:attachment":[{"href":"https:\/\/www.europesays.com\/fr\/wp-json\/wp\/v2\/media?parent=220919"}],"wp:term":[{"taxonomy":"category","embeddable":true,"href":"https:\/\/www.europesays.com\/fr\/wp-json\/wp\/v2\/categories?post=220919"},{"taxonomy":"post_tag","embeddable":true,"href":"https:\/\/www.europesays.com\/fr\/wp-json\/wp\/v2\/tags?post=220919"}],"curies":[{"name":"wp","href":"https:\/\/api.w.org\/{rel}","templated":true}]}}