{"id":220921,"date":"2025-07-02T14:58:09","date_gmt":"2025-07-02T14:58:09","guid":{"rendered":"https:\/\/www.europesays.com\/fr\/220921\/"},"modified":"2025-07-02T14:58:09","modified_gmt":"2025-07-02T14:58:09","slug":"il-fond-dans-leau-apres-usage-ce-composant-memoire-biodegradable-resiste-a-3-000-flexions-avant-de-disparaitre","status":"publish","type":"post","link":"https:\/\/www.europesays.com\/fr\/220921\/","title":{"rendered":"\u00ab Il fond dans l\u2019eau apr\u00e8s usage \u00bb : ce composant m\u00e9moire biod\u00e9gradable r\u00e9siste \u00e0 3 000 flexions avant de dispara\u00eetre"},"content":{"rendered":"<tr>\n<td><strong>EN BREF<\/strong><\/td>\n<\/tr>\n<tr>\n<td>\n<ul>\n<li>\ud83c\udf3f Le dispositif m\u00e9moire biod\u00e9gradable se dissout dans l\u2019eau en quelques jours, offrant une solution \u00e9cologique aux <strong>d\u00e9chets \u00e9lectroniques<\/strong>.<\/li>\n<li>\ud83e\ude7a Gr\u00e2ce \u00e0 sa <strong>biocompatibilit\u00e9<\/strong>, il peut \u00eatre utilis\u00e9 dans des implants m\u00e9dicaux qui se d\u00e9gradent naturellement apr\u00e8s usage.<\/li>\n<li>\ud83d\udd04 Le mat\u00e9riau PCL-TEMPO assure une <strong>durabilit\u00e9<\/strong> exceptionnelle avec plus d\u2019un million de cycles de donn\u00e9es et 3 000 pliages.<\/li>\n<li>\ud83d\ude80 Ce progr\u00e8s ouvre la voie \u00e0 de nouvelles applications dans les <strong>technologies temporaires<\/strong> et les appareils jetables, r\u00e9duisant l\u2019impact environnemental.<\/li>\n<\/ul>\n<\/td>\n<\/tr>\n<p>Les avanc\u00e9es technologiques ne cessent de nous surprendre, notamment dans le domaine de l\u2019\u00e9lectronique durable. La d\u00e9couverte d\u2019un dispositif m\u00e9moire biod\u00e9gradable qui peut se dissoudre dans l\u2019eau apr\u00e8s quelques jours est une prouesse remarquable. Ce d\u00e9veloppement prometteur pourrait transformer notre perception des technologies jetables et offrir une solution viable au probl\u00e8me du d\u00e9chet \u00e9lectronique. Alors que les appareils \u00e9lectroniques deviennent omnipr\u00e9sents dans notre quotidien, l\u2019urgence de trouver des alternatives durables n\u2019a jamais \u00e9t\u00e9 aussi pressante. Voici un aper\u00e7u des innovations qui pourraient red\u00e9finir le futur de l\u2019\u00e9lectronique.<\/p>\n<p>Une technologie de stockage de donn\u00e9es \u00e9cologique<\/p>\n<p>Au c\u0153ur de cette innovation se trouve un mat\u00e9riau appel\u00e9 PCL-TEMPO. <strong>Ce polym\u00e8re associe le polycaprolactone (PCL), une substance biod\u00e9gradable, \u00e0 TEMPO, une mol\u00e9cule organique capable de stocker des informations \u00e9lectriques<\/strong>. Le r\u00e9sultat est un dispositif m\u00e9moire qui fonctionne de mani\u00e8re fiable sous pression et qui se d\u00e9grade naturellement lorsqu\u2019il n\u2019est plus n\u00e9cessaire. Contrairement aux tentatives pr\u00e9c\u00e9dentes de fabrication d\u2019\u00e9lectroniques dissolvables, ce mat\u00e9riau se distingue par sa durabilit\u00e9 et sa capacit\u00e9 de r\u00e9tention des donn\u00e9es. Il est capable de distinguer avec pr\u00e9cision les signaux ON et OFF sur plus d\u2019un million de cycles et de conserver les donn\u00e9es pendant plus de 10 000 secondes. Il maintient \u00e9galement sa performance apr\u00e8s 250 op\u00e9rations d\u2019\u00e9criture-effacement, ce qui le rend apte \u00e0 des applications r\u00e9elles o\u00f9 la stabilit\u00e9 et la dur\u00e9e de vie sont essentielles.<\/p>\n<blockquote class=\"wp-embedded-content\" data-secret=\"HyeT36Dool\">\n<p><a href=\"https:\/\/www.innovant.fr\/2025\/06\/16\/la-chine-deregle-actuellement-la-rotation-de-la-terre-le-projet-colossal-qui-ralentit-notre-planete-et-menace-lequilibre-mondial-selon-la-nasa\/\" rel=\"nofollow noopener\" target=\"_blank\">\u00ab La Chine d\u00e9r\u00e8gle actuellement la rotation de la Terre \u00bb : le projet colossal qui ralentit notre plan\u00e8te et menace l\u2019\u00e9quilibre mondial selon la NASA<\/a><\/p>\n<\/blockquote>\n<p>Des implants qui se d\u00e9gradent en toute s\u00e9curit\u00e9 dans le corps<\/p>\n<p>Ce qui distingue ce mat\u00e9riau, c\u2019est sa biocompatibilit\u00e9. Il peut \u00eatre implant\u00e9 en toute s\u00e9curit\u00e9 dans le corps humain et con\u00e7u pour se d\u00e9grader uniquement lorsqu\u2019il est n\u00e9cessaire. Les chercheurs peuvent ajuster l\u2019\u00e9paisseur et la composition de la couche de protection ext\u00e9rieure pour contr\u00f4ler le d\u00e9but de la d\u00e9gradation. Une fois la couche ext\u00e9rieure dissoute, le mat\u00e9riau dispara\u00eet dans l\u2019eau en environ trois jours, ne laissant aucun r\u00e9sidu. Cette pr\u00e9cision le rend tr\u00e8s prometteur pour un usage m\u00e9dical. Les implants chirurgicaux fabriqu\u00e9s \u00e0 partir de ce mat\u00e9riau peuvent se d\u00e9grader naturellement apr\u00e8s l\u2019op\u00e9ration, \u00e9vitant aux patients des proc\u00e9dures de retrait et r\u00e9duisant les co\u00fbts des soins de sant\u00e9. Dr. Cho souligne que <strong>cette avanc\u00e9e est significative sur le plan technologique, car elle constitue le premier exemple d\u2019int\u00e9gration de l\u2019autodestruction physique dans un dispositif m\u00e9moire organique haute performance<\/strong>.<\/p>\n<blockquote class=\"wp-embedded-content\" data-secret=\"S96bR7LMMx\">\n<p><a href=\"https:\/\/www.innovant.fr\/2025\/06\/14\/le-cratere-en-feu-seteint-enfin-ce-gouffre-geant-en-flammes-depuis-des-decennies-montre-des-signes-dextinction\/\" rel=\"nofollow noopener\" target=\"_blank\">\u00ab Le crat\u00e8re en feu s\u2019\u00e9teint enfin \u00bb : ce gouffre g\u00e9ant, en flammes depuis des d\u00e9cennies, montre des signes d\u2019extinction<\/a><\/p>\n<\/blockquote>\n<p>Surmonter les limites des dispositifs organiques<\/p>\n<p>Les \u00e9lectroniques organiques rencontrent souvent des probl\u00e8mes de durabilit\u00e9, mais ce dispositif m\u00e9moire rompt avec cette tendance. Il a fonctionn\u00e9 de mani\u00e8re fiable \u00e0 travers 3 000 cycles de pliage, maintenant son int\u00e9grit\u00e9 et sa fonctionnalit\u00e9. Cela le rend adapt\u00e9 aux v\u00eatements jetables, aux syst\u00e8mes de surveillance de la sant\u00e9, et m\u00eame aux applications militaires o\u00f9 l\u2019utilisation unique est essentielle. En plus des implants, la technologie pourrait \u00eatre appliqu\u00e9e aux syst\u00e8mes de stockage de donn\u00e9es \u00e9cologiques et aux outils de surveillance temporaires, partout o\u00f9 les \u00e9lectroniques sont utilis\u00e9es bri\u00e8vement puis jet\u00e9es. Dr. Cho a not\u00e9 que l\u2019\u00e9quipe cherche \u00e0 \u00e9largir les capacit\u00e9s du mat\u00e9riau. \u00ab\u00a0\u00c0 l\u2019avenir, nous visons \u00e0 faire \u00e9voluer cela en un \u2018dispositif \u00e9lectronique transitoire intelligent\u2019 en incorporant des capacit\u00e9s d\u2019auto-gu\u00e9rison et photo-r\u00e9actives, acc\u00e9l\u00e9rant ainsi la commercialisation de la prochaine g\u00e9n\u00e9ration de bio\u00e9lectroniques et d\u2019appareils \u00e9cologiques\u00a0\u00bb, a-t-il d\u00e9clar\u00e9. Alors que la demande pour la technologie durable augmente, des innovations comme celle-ci offrent une voie \u00e0 suivre, alliant grande utilit\u00e9 et sortie propre.<\/p>\n<blockquote class=\"wp-embedded-content\" data-secret=\"1QkduSXLya\">\n<p><a href=\"https:\/\/www.innovant.fr\/2025\/04\/10\/oui-jai-achete-50-avis-google-et-mon-chiffre-daffaires-a-double-la-methode-hallucinante-dacheter-des-fans-com-pour-la-reputation-en-ligne-sur-google\/\" rel=\"nofollow noopener\" target=\"_blank\">\u00ab Oui, j\u2019ai achet\u00e9 50 avis Google et mon chiffre d\u2019affaires a doubl\u00e9 \u00bb : la m\u00e9thode hallucinante d\u2019Acheter-des-Fans.com pour la r\u00e9putation en ligne sur Google<\/a><\/p>\n<\/blockquote>\n<p>Vers un avenir durable<\/p>\n<p>La gestion des d\u00e9chets \u00e9lectroniques est un d\u00e9fi majeur, mais les solutions commencent \u00e0 \u00e9merger gr\u00e2ce \u00e0 des recherches novatrices. En int\u00e9grant des dispositifs m\u00e9moire biod\u00e9gradables dans nos syst\u00e8mes, nous pourrions r\u00e9duire consid\u00e9rablement l\u2019impact environnemental des appareils \u00e9lectroniques jetables. <strong>La capacit\u00e9 de ces dispositifs \u00e0 se dissoudre rapidement et sans laisser de traces nocives est une avanc\u00e9e cruciale<\/strong>. Tandis que les chercheurs continuent \u00e0 repousser les limites des mat\u00e9riaux et des technologies, la question demeure : comment ces innovations seront-elles int\u00e9gr\u00e9es dans notre quotidien pour cr\u00e9er un monde plus durable et respectueux de l\u2019environnement ?<\/p>\n<p>L\u2019auteur s\u2019est appuy\u00e9 sur l\u2019intelligence artificielle pour enrichir cet article.<\/p>\n<p id=\"rating\">\u00c7a vous a plu ?\u00a04.6\/5 (20)<\/p>\n","protected":false},"excerpt":{"rendered":"EN BREF \ud83c\udf3f Le dispositif m\u00e9moire biod\u00e9gradable se dissout dans l\u2019eau en quelques jours, offrant une solution \u00e9cologique&hellip;\n","protected":false},"author":2,"featured_media":220922,"comment_status":"","ping_status":"","sticky":false,"template":"","format":"standard","meta":{"footnotes":""},"categories":[7],"tags":[1011,27,43,40,41,39,42,44],"class_list":{"0":"post-220921","1":"post","2":"type-post","3":"status-publish","4":"format-standard","5":"has-post-thumbnail","7":"category-sciences-et-technologies","8":"tag-fr","9":"tag-france","10":"tag-science","11":"tag-science-and-technology","12":"tag-sciences","13":"tag-sciences-et-technologies","14":"tag-technologies","15":"tag-technology"},"share_on_mastodon":{"url":"https:\/\/pubeurope.com\/@fr\/114784233622215547","error":""},"_links":{"self":[{"href":"https:\/\/www.europesays.com\/fr\/wp-json\/wp\/v2\/posts\/220921","targetHints":{"allow":["GET"]}}],"collection":[{"href":"https:\/\/www.europesays.com\/fr\/wp-json\/wp\/v2\/posts"}],"about":[{"href":"https:\/\/www.europesays.com\/fr\/wp-json\/wp\/v2\/types\/post"}],"author":[{"embeddable":true,"href":"https:\/\/www.europesays.com\/fr\/wp-json\/wp\/v2\/users\/2"}],"replies":[{"embeddable":true,"href":"https:\/\/www.europesays.com\/fr\/wp-json\/wp\/v2\/comments?post=220921"}],"version-history":[{"count":0,"href":"https:\/\/www.europesays.com\/fr\/wp-json\/wp\/v2\/posts\/220921\/revisions"}],"wp:featuredmedia":[{"embeddable":true,"href":"https:\/\/www.europesays.com\/fr\/wp-json\/wp\/v2\/media\/220922"}],"wp:attachment":[{"href":"https:\/\/www.europesays.com\/fr\/wp-json\/wp\/v2\/media?parent=220921"}],"wp:term":[{"taxonomy":"category","embeddable":true,"href":"https:\/\/www.europesays.com\/fr\/wp-json\/wp\/v2\/categories?post=220921"},{"taxonomy":"post_tag","embeddable":true,"href":"https:\/\/www.europesays.com\/fr\/wp-json\/wp\/v2\/tags?post=220921"}],"curies":[{"name":"wp","href":"https:\/\/api.w.org\/{rel}","templated":true}]}}