{"id":220926,"date":"2025-07-02T15:01:08","date_gmt":"2025-07-02T15:01:08","guid":{"rendered":"https:\/\/www.europesays.com\/fr\/220926\/"},"modified":"2025-07-02T15:01:08","modified_gmt":"2025-07-02T15:01:08","slug":"limage-la-foudre-frappe-une-maison-pres-du-havre-la-toiture-prend-feu","status":"publish","type":"post","link":"https:\/\/www.europesays.com\/fr\/220926\/","title":{"rendered":"L&rsquo;IMAGE. La foudre frappe une maison pr\u00e8s du Havre, la toiture prend feu"},"content":{"rendered":"<p>            Par<br \/>\n        <strong><br \/>\n            <a href=\"https:\/\/actu.fr\/auteur\/fmass\" title=\"Consulter tous les articles de Fabien Massin\" rel=\"nofollow noopener\" target=\"_blank\">Fabien Massin<\/a><br \/>\n        <\/strong><\/p>\n<p>        Publi\u00e9 le<\/p>\n<p>            2 juil. 2025 \u00e0 14h10        <\/p>\n<p>Les orages <a href=\"https:\/\/actu.fr\/meteo\/orages-et-averses-au-menu-de-ce-mercredi-2-juillet-en-seine-maritime_62853639.html\" rel=\"nofollow noopener\" target=\"_blank\">sont de retour en Seine-Maritime<\/a> mercredi 2 juillet 2025. La r\u00e9gion havraise est particuli\u00e8rement touch\u00e9e depuis le d\u00e9but de la journ\u00e9e. Justement, pr\u00e8s du <a href=\"https:\/\/actu.fr\/normandie\/le-havre_76351\" rel=\"nofollow noopener\" target=\"_blank\">Havre<\/a>, dans la commune d\u2019\u00c9pouville, <strong>la foudre s\u2019est abattue sur une maison<\/strong> vers midi.\u00a0<\/p>\n<p>La toiture s\u2019embrase<\/p>\n<p class=\" wall-content\">Ce<strong> coup de tonnerre<\/strong> a provoqu\u00e9 l\u2019embrasement de la toiture, qui a \u00e9t\u00e9 perc\u00e9e. Sur place, cinq engins et 19 sapeurs-pompiers ont \u00e9t\u00e9 d\u00e9p\u00each\u00e9s.\u00a0<\/p>\n<p class=\" wall-content\">\u00c0 l\u2019int\u00e9rieur, <strong>une personne est sortie indemne<\/strong>, elle sera relog\u00e9e dans sa famille.\u00a0<\/p>\n<p class=\" wall-content\">Vers 16 heures, le foyer principal \u00e9tait \u00e9teint, les pompiers proc\u00e9dant alors au d\u00e9garnissage et d\u00e9tuilage afin de venir \u00e0 bout des foyers r\u00e9siduels. Les op\u00e9rations de d\u00e9blai doivent suivre.<\/p>\n<p>Suivez l\u2019actualit\u00e9 du Havre sur notre <a href=\"https:\/\/www.whatsapp.com\/channel\/0029VaFqJYE8aKvLBwVrEe0o\" rel=\"nofollow noopener\" target=\"_blank\">cha\u00eene WhatsApp<\/a> et sur notre <a href=\"https:\/\/www.tiktok.com\/@76actu.fr?lang=fr\" rel=\"nofollow noopener\" target=\"_blank\">compte TikTok<\/a><\/p>\n<p class=\" wall-content\">Suivez toute l\u2019actualit\u00e9 de vos villes et m\u00e9dias favoris en vous inscrivant \u00e0 <a href=\"https:\/\/moncompte.actu.fr\" title=\"D\u00e9couvez Mon Actu\" rel=\"nofollow noopener\" data-trk=\"{&quot;cta&quot;:{&quot;action&quot;:&quot;https:\\\/\\\/moncompte.actu.fr&quot;,&quot;category&quot;:&quot;mon compte&quot;,&quot;from&quot;:&quot;article footer&quot;,&quot;name&quot;:&quot;Mon actu&quot;,&quot;type&quot;:&quot;cta&quot;}}\" target=\"_blank\">Mon Actu<\/a>.<\/p>\n<p>                    <script async src=\"\/\/www.tiktok.com\/embed.js\"><\/script><\/p>\n","protected":false},"excerpt":{"rendered":"Par Fabien Massin Publi\u00e9 le 2 juil. 2025 \u00e0 14h10 Les orages sont de retour en Seine-Maritime mercredi&hellip;\n","protected":false},"author":2,"featured_media":220927,"comment_status":"","ping_status":"","sticky":false,"template":"","format":"standard","meta":{"footnotes":""},"categories":[4],"tags":[11,118,1011,27,1310,12,1311,25],"class_list":{"0":"post-220926","1":"post","2":"type-post","3":"status-publish","4":"format-standard","5":"has-post-thumbnail","7":"category-france","8":"tag-actualites","9":"tag-faits-divers","10":"tag-fr","11":"tag-france","12":"tag-incendie","13":"tag-news","14":"tag-pompiers","15":"tag-republique-francaise"},"share_on_mastodon":{"url":"https:\/\/pubeurope.com\/@fr\/114784245141355759","error":""},"_links":{"self":[{"href":"https:\/\/www.europesays.com\/fr\/wp-json\/wp\/v2\/posts\/220926","targetHints":{"allow":["GET"]}}],"collection":[{"href":"https:\/\/www.europesays.com\/fr\/wp-json\/wp\/v2\/posts"}],"about":[{"href":"https:\/\/www.europesays.com\/fr\/wp-json\/wp\/v2\/types\/post"}],"author":[{"embeddable":true,"href":"https:\/\/www.europesays.com\/fr\/wp-json\/wp\/v2\/users\/2"}],"replies":[{"embeddable":true,"href":"https:\/\/www.europesays.com\/fr\/wp-json\/wp\/v2\/comments?post=220926"}],"version-history":[{"count":0,"href":"https:\/\/www.europesays.com\/fr\/wp-json\/wp\/v2\/posts\/220926\/revisions"}],"wp:featuredmedia":[{"embeddable":true,"href":"https:\/\/www.europesays.com\/fr\/wp-json\/wp\/v2\/media\/220927"}],"wp:attachment":[{"href":"https:\/\/www.europesays.com\/fr\/wp-json\/wp\/v2\/media?parent=220926"}],"wp:term":[{"taxonomy":"category","embeddable":true,"href":"https:\/\/www.europesays.com\/fr\/wp-json\/wp\/v2\/categories?post=220926"},{"taxonomy":"post_tag","embeddable":true,"href":"https:\/\/www.europesays.com\/fr\/wp-json\/wp\/v2\/tags?post=220926"}],"curies":[{"name":"wp","href":"https:\/\/api.w.org\/{rel}","templated":true}]}}