{"id":220934,"date":"2025-07-02T15:05:22","date_gmt":"2025-07-02T15:05:22","guid":{"rendered":"https:\/\/www.europesays.com\/fr\/220934\/"},"modified":"2025-07-02T15:05:22","modified_gmt":"2025-07-02T15:05:22","slug":"menil-la-tour-un-peu-de-tourisme-a-nancy","status":"publish","type":"post","link":"https:\/\/www.europesays.com\/fr\/220934\/","title":{"rendered":"M\u00e9nil-la-Tour. Un peu de tourisme \u00e0 Nancy"},"content":{"rendered":"<p>Dans le cadre du projet p\u00e9dagogique sur l\u2019environnement, les \u00e9coliers du RPI de la Reine se sont rendus en bus \u00e0 Nancy. La journ\u00e9e s\u2019est d\u00e9roul\u00e9e en deux temps\u00a0: la visite de la maison des sciences o\u00f9 les enfants ont travaill\u00e9 sur les phasmes, en les observant avant de r\u00e9pondre \u00e0 un questionnaire et la d\u00e9couverte de l\u2019art dans la galerie Le Pr\u00e9au. Lors de cette escapade, ils ont d\u00e9couvert les chefs-d\u2019\u0153uvre de l\u2019artiste de rue Runs. L\u2019occasion pour les enfants de comprendre que rien ne se perd, que tout se garde et tout est r\u00e9utilisable. De quoi d\u00e9velopper la cr\u00e9ativit\u00e9 de certains\u00a0!<\/p>\n","protected":false},"excerpt":{"rendered":"Dans le cadre du projet p\u00e9dagogique sur l\u2019environnement, les \u00e9coliers du RPI de la Reine se sont rendus&hellip;\n","protected":false},"author":2,"featured_media":220935,"comment_status":"","ping_status":"","sticky":false,"template":"","format":"standard","meta":{"footnotes":""},"categories":[9635],"tags":[1111,11,11735,1705,1057,1777,674,1011,27,775,10425,35993,1702,12,25],"class_list":{"0":"post-220934","1":"post","2":"type-post","3":"status-publish","4":"format-standard","5":"has-post-thumbnail","7":"category-nancy","8":"tag-actu","9":"tag-actualites","10":"tag-cc-terres-touloises-54d","11":"tag-edition-toul","12":"tag-education","13":"tag-eu","14":"tag-europe","15":"tag-fr","16":"tag-france","17":"tag-grand-est","18":"tag-maternelle-elementaire","19":"tag-menil-la-tour","20":"tag-nancy","21":"tag-news","22":"tag-republique-francaise"},"share_on_mastodon":{"url":"https:\/\/pubeurope.com\/@fr\/114784260923012755","error":""},"_links":{"self":[{"href":"https:\/\/www.europesays.com\/fr\/wp-json\/wp\/v2\/posts\/220934","targetHints":{"allow":["GET"]}}],"collection":[{"href":"https:\/\/www.europesays.com\/fr\/wp-json\/wp\/v2\/posts"}],"about":[{"href":"https:\/\/www.europesays.com\/fr\/wp-json\/wp\/v2\/types\/post"}],"author":[{"embeddable":true,"href":"https:\/\/www.europesays.com\/fr\/wp-json\/wp\/v2\/users\/2"}],"replies":[{"embeddable":true,"href":"https:\/\/www.europesays.com\/fr\/wp-json\/wp\/v2\/comments?post=220934"}],"version-history":[{"count":0,"href":"https:\/\/www.europesays.com\/fr\/wp-json\/wp\/v2\/posts\/220934\/revisions"}],"wp:featuredmedia":[{"embeddable":true,"href":"https:\/\/www.europesays.com\/fr\/wp-json\/wp\/v2\/media\/220935"}],"wp:attachment":[{"href":"https:\/\/www.europesays.com\/fr\/wp-json\/wp\/v2\/media?parent=220934"}],"wp:term":[{"taxonomy":"category","embeddable":true,"href":"https:\/\/www.europesays.com\/fr\/wp-json\/wp\/v2\/categories?post=220934"},{"taxonomy":"post_tag","embeddable":true,"href":"https:\/\/www.europesays.com\/fr\/wp-json\/wp\/v2\/tags?post=220934"}],"curies":[{"name":"wp","href":"https:\/\/api.w.org\/{rel}","templated":true}]}}