{"id":220942,"date":"2025-07-02T15:09:10","date_gmt":"2025-07-02T15:09:10","guid":{"rendered":"https:\/\/www.europesays.com\/fr\/220942\/"},"modified":"2025-07-02T15:09:10","modified_gmt":"2025-07-02T15:09:10","slug":"sur-la-ligne-96-un-chauffeur-a-ete-contraint-de-rouler-les-portes-ouvertes-les-bus-sans-clim-entrainent-une-greve-a-montpellier","status":"publish","type":"post","link":"https:\/\/www.europesays.com\/fr\/220942\/","title":{"rendered":"\u00ab\u00a0Sur la ligne 96, un chauffeur a \u00e9t\u00e9 contraint de rouler les portes ouvertes\u00a0\u00bb\u00a0: les bus sans clim entra\u00eenent une gr\u00e8ve \u00e0 Montpellier"},"content":{"rendered":"<p>\n                                                                Alors que la canicule s\u2019intensifie \u00e0 Montpellier, les chauffeurs de bus de Transdev Occitanie Littoral d\u00e9noncent des conditions de travail intenables \u00e0 bord de v\u00e9hicules sans climatisation. Un mouvement de gr\u00e8ve est pr\u00e9vu le vendredi 4\u00a0juillet.\n                            <\/p>\n<p>La temp\u00e9rature monte pour les\u00a0chauffeurs de bus qui tire la sonnette d\u2019alarme. Face \u00e0 l\u2019absence de climatisation dans une partie des v\u00e9hicules et au silence de leur direction, les chauffeurs de Transdev Occitanie Littoral annonce une gr\u00e8ve ce vendredi\u00a0: \u00ab\u00a0Tous les bus ne sont \u00e9quip\u00e9s de climatisation. En pleine canicule, c\u2019est insupportable\u00a0\u00bb, d\u00e9plore Bruno Lubrano, d\u00e9l\u00e9gu\u00e9 syndical CFDT.<\/p>\n<p>Une temp\u00e9rature qui atteint les 45 \u00b0<\/p>\n<p>Avec environ 25 bus du\u00a0r\u00e9seau Tam et Poa sans climatisation, les conditions de travail des chauffeurs sont de plus en plus menac\u00e9es\u00a0: \u00ab\u00a0Dans certains bus on d\u00e9passe les 45 degr\u00e9s. On re\u00e7oit des appels de chauffeurs qui font des malaises pendant leur pause.\u00a0Une alerte sociale a\u00a0\u00e9t\u00e9 lanc\u00e9e le 18\u00a0juin, sans aucune r\u00e9ponse concr\u00e8te depuis\u00a0\u00bb.<\/p>\n<p>Cette chaleur \u00e9touffante cr\u00e9er un climat d\u00e9l\u00e9t\u00e8re\u00a0dans le bus.\u00a0\u00ab\u00a0Beaucoup ne comprennent pas pourquoi la clim n\u2019est pas allum\u00e9e. \u00c7a provoque des conflits. On enregistre une nette hausse des altercations dans les bus\u00a0\u00bb, explique Bruno Lubrano.<\/p>\n<p>Oblig\u00e9 de rouler les portes ouvertes<\/p>\n<p>Face \u00e0 l\u2019absence de r\u00e9ponse, certains conducteurs tentent de trouver des solutions pour assurer leur bien-\u00eatre et celui des usagers. \u00ab\u00a0Sur la ligne 96, un chauffeur a \u00e9t\u00e9 contraint de rouler les portes ouvertes. Certains les ouvrent aux feux rouges pour faire rentrer de l\u2019air\u00a0\u00bb, t\u00e9moigne le syndicat. Un comportement risqu\u00e9, mais qui illustre l\u2019exasp\u00e9ration des agents. \u00ab\u00a0Les trajets durent 35 minutes pour les passagers, mais le chauffeur reste huit heures dans un\u00a0four roulant\u00a0\u00bb, insiste le syndicaliste.<\/p>\n<p>La CFDT esp\u00e8re une forte mobilisation, avec environ 60\u00a0% de chauffeurs\u00a0en gr\u00e8ve. \u00ab\u00a0Il y aura quelques perturbations, mais\u00a0il en va de la s\u00e9curit\u00e9 des chauffeurs et des usagers\u00a0\u00bb, conclut Bruno Lubrano.<\/p>\n","protected":false},"excerpt":{"rendered":"Alors que la canicule s\u2019intensifie \u00e0 Montpellier, les chauffeurs de bus de Transdev Occitanie Littoral d\u00e9noncent des conditions&hellip;\n","protected":false},"author":2,"featured_media":220943,"comment_status":"","ping_status":"","sticky":false,"template":"","format":"standard","meta":{"footnotes":""},"categories":[9599],"tags":[1111,11,1777,674,1011,27,2208,12,2680,25],"class_list":{"0":"post-220942","1":"post","2":"type-post","3":"status-publish","4":"format-standard","5":"has-post-thumbnail","7":"category-montpellier","8":"tag-actu","9":"tag-actualites","10":"tag-eu","11":"tag-europe","12":"tag-fr","13":"tag-france","14":"tag-montpellier","15":"tag-news","16":"tag-occitanie","17":"tag-republique-francaise"},"share_on_mastodon":{"url":"https:\/\/pubeurope.com\/@fr\/114784276565502620","error":""},"_links":{"self":[{"href":"https:\/\/www.europesays.com\/fr\/wp-json\/wp\/v2\/posts\/220942","targetHints":{"allow":["GET"]}}],"collection":[{"href":"https:\/\/www.europesays.com\/fr\/wp-json\/wp\/v2\/posts"}],"about":[{"href":"https:\/\/www.europesays.com\/fr\/wp-json\/wp\/v2\/types\/post"}],"author":[{"embeddable":true,"href":"https:\/\/www.europesays.com\/fr\/wp-json\/wp\/v2\/users\/2"}],"replies":[{"embeddable":true,"href":"https:\/\/www.europesays.com\/fr\/wp-json\/wp\/v2\/comments?post=220942"}],"version-history":[{"count":0,"href":"https:\/\/www.europesays.com\/fr\/wp-json\/wp\/v2\/posts\/220942\/revisions"}],"wp:featuredmedia":[{"embeddable":true,"href":"https:\/\/www.europesays.com\/fr\/wp-json\/wp\/v2\/media\/220943"}],"wp:attachment":[{"href":"https:\/\/www.europesays.com\/fr\/wp-json\/wp\/v2\/media?parent=220942"}],"wp:term":[{"taxonomy":"category","embeddable":true,"href":"https:\/\/www.europesays.com\/fr\/wp-json\/wp\/v2\/categories?post=220942"},{"taxonomy":"post_tag","embeddable":true,"href":"https:\/\/www.europesays.com\/fr\/wp-json\/wp\/v2\/tags?post=220942"}],"curies":[{"name":"wp","href":"https:\/\/api.w.org\/{rel}","templated":true}]}}