{"id":220956,"date":"2025-07-02T15:17:16","date_gmt":"2025-07-02T15:17:16","guid":{"rendered":"https:\/\/www.europesays.com\/fr\/220956\/"},"modified":"2025-07-02T15:17:16","modified_gmt":"2025-07-02T15:17:16","slug":"illkirch-graffenstaden-musique-jeux-feux-dartifice-les-fetes-de-lill-sont-de-retour","status":"publish","type":"post","link":"https:\/\/www.europesays.com\/fr\/220956\/","title":{"rendered":"Illkirch-Graffenstaden. Musique, jeux, feux d\u2019artifice\u2026 les F\u00eates de l\u2019Ill sont de retour"},"content":{"rendered":"<p><a href=\"https:\/\/www.dna.fr\/culture-loisirs\/2025\/06\/25\/musique-danse-et-feux-d-artifice-aux-fetes-de-l-ill\" target=\"_blank\" rel=\"noopener\">Les F\u00eates de l\u2019Ill font leur retour \u00e0 Illkirch<\/a> , ces vendredi\u00a04 et samedi 5\u00a0juillet. Cette f\u00eate populaire marquant le d\u00e9but des vacances d\u00e9bute invariablement par les sc\u00e8nes ouvertes aux associations locales, leurs d\u00e9monstrations de danse et autres disciplines. Il y aura aussi un ou deux man\u00e8ges, tandis que l\u2019association Arena proposera des jeux pour tous, dont une animation mur digital qui s\u00e9duira les enfants. La buvette et les stands de restauration seront tenus comme de coutume par l\u2019Apavig, l\u2019association pour l\u2019animation de la ville tout au long des deux soir\u00e9es. \u00c0 la carte\u00a0: tartes flamb\u00e9es, grillades, cr\u00eapes, glaces,\u00a0etc.<\/p>\n<p>Ce contenu est bloqu\u00e9 car vous n&rsquo;avez pas accept\u00e9 les cookies et autres traceurs.<\/p>\n<p>En cliquant sur \u00ab J\u2019accepte \u00bb, les cookies et autres traceurs seront d\u00e9pos\u00e9s et vous pourrez visualiser les contenus  (<a href=\"\" class=\"consentModule_policy\" target=\"_blank\" title=\"Consulter la politique de protection des donn\u00e9es du fournisseur\">plus d&rsquo;informations<\/a>).<\/p>\n<p>En cliquant sur \u00ab J\u2019accepte tous les cookies \u00bb, vous autorisez des d\u00e9p\u00f4ts de cookies et autres traceurs pour le stockage de vos donn\u00e9es sur nos sites et applications \u00e0 des fins de personnalisation et de ciblage publicitaire.<\/p>\n<p class=\"consentModule_secondaryText\">Vous gardez la possibilit\u00e9 de retirer votre consentement \u00e0 tout moment en consultant notre <a href=\"https:\/\/www.dna.fr\/protection-des-donnees\" target=\"_blank\" title=\"Consulter notre politique de protection des donn\u00e9es\" rel=\"noopener\">politique de protection des donn\u00e9es<\/a>. <br \/>&#13;<br \/>\n            <a href=\"https:\/\/www.dna.fr\/culture-loisirs\/2025\/07\/02\/javascript:Didomi.notice.show()\" class=\"consentModule_cmp\" target=\"_blank\" rel=\"noopener\">G\u00e9rer mes choix<\/a>&#13;\n        <\/p>\n<p>&#13;<br \/>\n                        J&rsquo;accepte&#13;<br \/>\n            J&rsquo;accepte tous les cookies&#13;\n        <\/p>\n<p>  Des concerts et des feux d\u2019artifice<\/p>\n<p>Dans les jardins de l\u2019Illiade, place au concert du soir d\u00e8s 21 heures. Le vendredi soir, le groupe strasbourgeois Redlight Dreams sera sur sc\u00e8ne. Il distille une pop \u00e9clectique entre rythmes \u00e9lectros, rock ou encore reggaeton. Le samedi soir, ce sera Coldplayed, autoproclam\u00e9 \u00ab\u00a0the Finest tribute to Coldplay\u00a0\u00bb, autrement dit le plus bel hommage au groupe de rock de Chris Martin et Jonny Buckland. Ce tribute band tourne dans toute la France depuis plus de dix ans.<\/p>\n<p>Le point culminant de la f\u00eate aura lieu vers 22\u00a0h\u00a030, les deux soir\u00e9es\u00a0: un feu d\u2019artifice qui, chaque ann\u00e9e, \u00e9merveille les spectateurs. Les f\u00eatards pourront danser jusqu\u2019\u00e0 minuit sur la musique d\u2019un DJ. Bien entendu, la programmation est soumise aux al\u00e9as m\u00e9t\u00e9orologiques.<\/p>\n<p class=\"note\">F\u00eates de l\u2019Ill, vendredi\u00a04 et samedi 5\u00a0juillet, de 19\u00a0h \u00e0 1\u00a0h\u00a030.<\/p>\n","protected":false},"excerpt":{"rendered":"Les F\u00eates de l\u2019Ill font leur retour \u00e0 Illkirch , ces vendredi\u00a04 et samedi 5\u00a0juillet. Cette f\u00eate populaire&hellip;\n","protected":false},"author":2,"featured_media":220957,"comment_status":"","ping_status":"","sticky":false,"template":"","format":"standard","meta":{"footnotes":""},"categories":[2820],"tags":[1111,11,1687,2880,1777,674,107,1011,27,775,3088,12,4043,25,953,640,3089],"class_list":{"0":"post-220956","1":"post","2":"type-post","3":"status-publish","4":"format-standard","5":"has-post-thumbnail","7":"category-strasbourg","8":"tag-actu","9":"tag-actualites","10":"tag-culture-loisirs","11":"tag-edition-strasbourg","12":"tag-eu","13":"tag-europe","14":"tag-fil-info","15":"tag-fr","16":"tag-france","17":"tag-grand-est","18":"tag-illkirch-graffenstaden","19":"tag-news","20":"tag-repas-et-the-dansant","21":"tag-republique-francaise","22":"tag-soiree","23":"tag-strasbourg","24":"tag-strasbourg-sud"},"share_on_mastodon":{"url":"https:\/\/pubeurope.com\/@fr\/114784307992589777","error":""},"_links":{"self":[{"href":"https:\/\/www.europesays.com\/fr\/wp-json\/wp\/v2\/posts\/220956","targetHints":{"allow":["GET"]}}],"collection":[{"href":"https:\/\/www.europesays.com\/fr\/wp-json\/wp\/v2\/posts"}],"about":[{"href":"https:\/\/www.europesays.com\/fr\/wp-json\/wp\/v2\/types\/post"}],"author":[{"embeddable":true,"href":"https:\/\/www.europesays.com\/fr\/wp-json\/wp\/v2\/users\/2"}],"replies":[{"embeddable":true,"href":"https:\/\/www.europesays.com\/fr\/wp-json\/wp\/v2\/comments?post=220956"}],"version-history":[{"count":0,"href":"https:\/\/www.europesays.com\/fr\/wp-json\/wp\/v2\/posts\/220956\/revisions"}],"wp:featuredmedia":[{"embeddable":true,"href":"https:\/\/www.europesays.com\/fr\/wp-json\/wp\/v2\/media\/220957"}],"wp:attachment":[{"href":"https:\/\/www.europesays.com\/fr\/wp-json\/wp\/v2\/media?parent=220956"}],"wp:term":[{"taxonomy":"category","embeddable":true,"href":"https:\/\/www.europesays.com\/fr\/wp-json\/wp\/v2\/categories?post=220956"},{"taxonomy":"post_tag","embeddable":true,"href":"https:\/\/www.europesays.com\/fr\/wp-json\/wp\/v2\/tags?post=220956"}],"curies":[{"name":"wp","href":"https:\/\/api.w.org\/{rel}","templated":true}]}}