{"id":220964,"date":"2025-07-02T15:21:14","date_gmt":"2025-07-02T15:21:14","guid":{"rendered":"https:\/\/www.europesays.com\/fr\/220964\/"},"modified":"2025-07-02T15:21:14","modified_gmt":"2025-07-02T15:21:14","slug":"on-ne-saura-sans-doute-jamais-le-mystere-des-ossements-de-la-cathedrale-de-nantes","status":"publish","type":"post","link":"https:\/\/www.europesays.com\/fr\/220964\/","title":{"rendered":"\u00ab\u00a0On ne saura sans doute jamais\u00a0!\u00a0\u00bb\u00a0: le myst\u00e8re des ossements de la cath\u00e9drale de Nantes"},"content":{"rendered":"<p>Il faut imaginer l\u2019ambiance \u00e9lectrique, en ce jour de juin 2023, dans une cath\u00e9drale de Nantes transform\u00e9e en site de fouilles arch\u00e9ologiques. Caroline Chauveau et ses coll\u00e8gues ont \u00ab\u00a0conscience que chaque geste va laisser une trace. Il ne faut pas que celle-ci alt\u00e8re le monument fun\u00e9raire.\u00a0\u00bb Le tombeau de Fran\u00e7ois II de Bretagne et de sa femme, Marguerite de Foix, les parents d\u2019Anne de Bretagne, est consid\u00e9r\u00e9 comme un chef-d\u2019\u0153uvre de la sculpture de la Renaissance fran\u00e7aise.<\/p>\n<p><img decoding=\"async\" src=\"https:\/\/www.europesays.com\/fr\/wp-content\/uploads\/2025\/07\/6865429fc3e38bd25308a5b6.1.jpeg\" width=\"480\" height=\"300\" class=\"web_golden_m\" loading=\"lazy\" alt=\"Le tombeau de Fran\u00e7ois II de Bretagne et de Marguerite de Foix avait \u00e9t\u00e9 command\u00e9 par Anne de Bretagne pour honorer la m\u00e9moire de ses parents.\"\/>Le tombeau de Fran\u00e7ois II de Bretagne et de Marguerite de Foix avait \u00e9t\u00e9 command\u00e9 par Anne de Bretagne pour honorer la m\u00e9moire de ses parents. (Photo Jean-Pierre Dalb\u00e9ra)<\/p>\n<p>Ce jour-l\u00e0, les arch\u00e9ologues de l\u2019Institut national de recherches arch\u00e9ologiques pr\u00e9ventives extraient une petite bo\u00eete du magnifique sarcophage. Une \u00e9tiquette indique qu\u2019elle contient les ossements d\u2019Arthur III, oncle de Fran\u00e7ois II, ancien compagnon d\u2019armes de Jeanne d\u2019Arc. Ils y trouveront, en fait, les reliques de trois personnes diff\u00e9rentes.<\/p>\n<p>Les historiens savaient que, depuis la R\u00e9volution fran\u00e7aise, le tombeau ne contenait plus les cercueils de Fran\u00e7ois II, de Marguerite de Foix et de Marguerite de Bretagne, la premi\u00e8re \u00e9pouse de Fran\u00e7ois II. \u00ab\u00a0On a perdu la trace de leurs corps au moment de la R\u00e9volution. On ne sait pas si ce sont des habitants ou des chanoines mais des personnes ont tent\u00e9 de prot\u00e9ger ce tombeau\u2026 Et on ne sait pas o\u00f9 sont pass\u00e9s les cercueils\u00a0\u00bb, explique Aude Val\u00e9rien, arch\u00e9ologue du b\u00e2ti m\u00e9di\u00e9val et moderne. En 1817, le tombeau est remont\u00e9 dans la cath\u00e9drale. Des documents indiquent que les ossements d\u2019Arthur III y sont plac\u00e9s\u00a0: \u00ab\u00a0C\u2019\u00e9tait, finalement, le pr\u00e9d\u00e9cesseur de Fran\u00e7ois II, un personnage avec un destin national, grand conn\u00e9table de France et compagnon d\u2019armes de Jeanne d\u2019Arc\u00a0\u00bb, contextualise l\u2019arch\u00e9ologue m\u00e9di\u00e9viste, responsable scientifique de l\u2019op\u00e9ration autour du tombeau.<\/p>\n<p>L\u2019\u00e9tude des ossements retrouv\u00e9s a permis d\u2019\u00e9tablir qu\u2019ils correspondaient, en fait, \u00e0 trois individus diff\u00e9rents. L\u2019un d\u2019eux pourrait effectivement \u00eatre Arthur III\u00a0: la datation au carbone 14 permet d\u2019\u00e9tablir, a minima, qu\u2019un des individus a v\u00e9cu \u00e0 la m\u00eame p\u00e9riode que le seigneur breton. \u00ab\u00a0On n\u2019aura sans doute jamais la garantie \u00e0 100\u00a0% qu\u2019il s\u2019agit bien de ses ossements\u00a0\u00bb, estime Aude Val\u00e9rien. Et pour les deux autres, \u00ab\u00a0on ne saura sans doute jamais\u00a0\u00bb, poursuit l\u2019arch\u00e9ologue. De co\u00fbteuses recherches g\u00e9n\u00e9tiques ne peuvent \u00eatre lanc\u00e9es sans une hypoth\u00e8se forte.<\/p>\n<p>Plusieurs d\u00e9couvertes remarquables<\/p>\n<p>Si le myst\u00e8re demeure, les fouilles sont, globalement, un succ\u00e8s\u00a0: \u00ab\u00a0Nous avons mis au jour des ma\u00e7onneries de l\u2019\u00e9difice ant\u00e9rieur, des d\u00e9cors compl\u00e8tement in\u00e9dits, des peintures, des d\u00e9cors de faux joints rouges tr\u00e8s fins, un petit motif floral bicolore, des \u00e9l\u00e9ments qui n\u2019\u00e9taient pas connus, \u00e9voque Caroline Chauveau, arch\u00e9ologue m\u00e9di\u00e9viste, responsable d\u2019op\u00e9rations \u00e0 l\u2019Inrap. On a eu une chance exceptionnelle\u00a0!\u00a0\u00bb<\/p>\n<p>La r\u00e9ouverture de la cath\u00e9drale doit avoir lieu le 27 septembre 2025. Le tombeau en marbre, qui a fait l\u2019objet d\u2019une restauration, doit \u00eatre r\u00e9install\u00e9 en fin d\u2019ann\u00e9e 2026.<\/p>\n","protected":false},"excerpt":{"rendered":"Il faut imaginer l\u2019ambiance \u00e9lectrique, en ce jour de juin 2023, dans une cath\u00e9drale de Nantes transform\u00e9e en&hellip;\n","protected":false},"author":2,"featured_media":220965,"comment_status":"","ping_status":"","sticky":false,"template":"","format":"standard","meta":{"footnotes":""},"categories":[2818],"tags":[1111,11,765,1777,674,1011,27,937,766,12,2636,25],"class_list":{"0":"post-220964","1":"post","2":"type-post","3":"status-publish","4":"format-standard","5":"has-post-thumbnail","7":"category-nantes","8":"tag-actu","9":"tag-actualites","10":"tag-en-continu","11":"tag-eu","12":"tag-europe","13":"tag-fr","14":"tag-france","15":"tag-histoire","16":"tag-nantes","17":"tag-news","18":"tag-pays-de-la-loire","19":"tag-republique-francaise"},"share_on_mastodon":{"url":"https:\/\/pubeurope.com\/@fr\/114784323803825885","error":""},"_links":{"self":[{"href":"https:\/\/www.europesays.com\/fr\/wp-json\/wp\/v2\/posts\/220964","targetHints":{"allow":["GET"]}}],"collection":[{"href":"https:\/\/www.europesays.com\/fr\/wp-json\/wp\/v2\/posts"}],"about":[{"href":"https:\/\/www.europesays.com\/fr\/wp-json\/wp\/v2\/types\/post"}],"author":[{"embeddable":true,"href":"https:\/\/www.europesays.com\/fr\/wp-json\/wp\/v2\/users\/2"}],"replies":[{"embeddable":true,"href":"https:\/\/www.europesays.com\/fr\/wp-json\/wp\/v2\/comments?post=220964"}],"version-history":[{"count":0,"href":"https:\/\/www.europesays.com\/fr\/wp-json\/wp\/v2\/posts\/220964\/revisions"}],"wp:featuredmedia":[{"embeddable":true,"href":"https:\/\/www.europesays.com\/fr\/wp-json\/wp\/v2\/media\/220965"}],"wp:attachment":[{"href":"https:\/\/www.europesays.com\/fr\/wp-json\/wp\/v2\/media?parent=220964"}],"wp:term":[{"taxonomy":"category","embeddable":true,"href":"https:\/\/www.europesays.com\/fr\/wp-json\/wp\/v2\/categories?post=220964"},{"taxonomy":"post_tag","embeddable":true,"href":"https:\/\/www.europesays.com\/fr\/wp-json\/wp\/v2\/tags?post=220964"}],"curies":[{"name":"wp","href":"https:\/\/api.w.org\/{rel}","templated":true}]}}