{"id":220989,"date":"2025-07-02T15:35:10","date_gmt":"2025-07-02T15:35:10","guid":{"rendered":"https:\/\/www.europesays.com\/fr\/220989\/"},"modified":"2025-07-02T15:35:10","modified_gmt":"2025-07-02T15:35:10","slug":"plusieurs-stations-de-metro-fermees-sur-ordre-de-la-prefecture-de-police","status":"publish","type":"post","link":"https:\/\/www.europesays.com\/fr\/220989\/","title":{"rendered":"plusieurs stations de m\u00e9tro ferm\u00e9es sur ordre de la pr\u00e9fecture de Police"},"content":{"rendered":"<p>            Par<br \/>\n        <strong><br \/>\n            <a href=\"https:\/\/actu.fr\/auteur\/redaction-paris\" title=\"Consulter tous les articles de R\u00e9daction Paris\" target=\"_blank\" rel=\"noopener\">R\u00e9daction Paris<\/a><br \/>\n        <\/strong><\/p>\n<p>        Publi\u00e9 le<\/p>\n<p>            2 juil. 2025 \u00e0 16h08        <\/p>\n<p>Air, Dal\u00ed, Barclay Live\u2026 Ce mercredi 2 juillet 2025, les artistes vont se succ\u00e9der sur la sc\u00e8ne du <strong>Fnac Live<\/strong>, install\u00e9e sur le <a href=\"https:\/\/actu.fr\/ile-de-france\/paris_75056\/paris-va-devenir-belle-et-agreable-sur-le-parvis-de-l-hotel-de-ville-la-future-foret-urbaine-prend-vie_62131532.html\" target=\"_blank\" rel=\"noopener\">nouveau parvis v\u00e9g\u00e9talis\u00e9 de l\u2019H\u00f4tel de Ville<\/a> de Paris. Un festival qui n\u00e9cessite de prendre des mesures de s\u00e9curit\u00e9. Ainsi, plusieurs stations de m\u00e9tro ont \u00e9t\u00e9 ferm\u00e9es sur ordre de la <a href=\"https:\/\/actu.fr\/tag\/prefecture-de-police-de-paris\" target=\"_blank\" rel=\"noopener\">pr\u00e9fecture de Police de Paris<\/a>.<\/p>\n<p>Ligne 1<\/p>\n<p class=\" wall-content\">La station H\u00f4tel de Ville sera ferm\u00e9e <strong>\u00e0 partir de 15\u00a0heures<\/strong> chaque jour les 2, 3 et 4\u00a0juillet 2025. Les trains ne marqueront pas l\u2019arr\u00eat.<\/p>\n<p class=\" wall-content\">\n<p>Ligne 7<\/p>\n<p class=\" wall-content\">L\u2019arr\u00eat n\u2019est pas desservi \u00e0 <strong>Ch\u00e2telet<\/strong> en raison d\u2019une manifestation culturelle.<\/p>\n<p class=\" wall-content\">\n<p>Ligne 11<\/p>\n<p class=\" wall-content\">La station H\u00f4tel de Ville est <strong>ferm\u00e9e<\/strong> et n\u2019est plus desservie jusqu\u2019\u00e0 nouvel ordre.<\/p>\n<p class=\" wall-content\">\n<p class=\" wall-content\">Attention, les lignes de <strong>bus<\/strong> 38 \/ 67 \/ 70 \/ 72 \/ 75 \/ 76 \/ 96 et les arr\u00eats avenue Victoria et rue de la Coutellerie seront d\u00e9vi\u00e9s.<\/p>\n<p>Vid\u00e9os : en ce moment sur Actu<\/p>\n<p class=\" wall-content\">Le festival Fnac Live, enti\u00e8rement <strong>gratuit<\/strong>, est organis\u00e9 par l\u2019enseigne multim\u00e9dia et la Mairie de Paris. Il va se d\u00e9rouler pendant trois jours, de ce mercredi\u00a02 au vendredi 4\u00a0juillet 2025. Ad\u00e8le Castillon, Danyl, Eddy de Pretto, Zamdane ou encore Iliona sont attendus.<\/p>\n<p class=\" wall-content\">Suivez toute l\u2019actualit\u00e9 de vos villes et m\u00e9dias favoris en vous inscrivant \u00e0 <a href=\"https:\/\/moncompte.actu.fr\" title=\"D\u00e9couvez Mon Actu\" rel=\"nofollow noopener\" data-trk=\"{&quot;cta&quot;:{&quot;action&quot;:&quot;https:\\\/\\\/moncompte.actu.fr&quot;,&quot;category&quot;:&quot;mon compte&quot;,&quot;from&quot;:&quot;article footer&quot;,&quot;name&quot;:&quot;Mon actu&quot;,&quot;type&quot;:&quot;cta&quot;}}\" target=\"_blank\">Mon Actu<\/a>.<\/p>\n","protected":false},"excerpt":{"rendered":"Par R\u00e9daction Paris Publi\u00e9 le 2 juil. 2025 \u00e0 16h08 Air, Dal\u00ed, Barclay Live\u2026 Ce mercredi 2 juillet&hellip;\n","protected":false},"author":2,"featured_media":220990,"comment_status":"","ping_status":"","sticky":false,"template":"","format":"standard","meta":{"footnotes":""},"categories":[1888],"tags":[1111,1928,11,1927,1777,674,1011,27,4047,12,1926,626,1925,625,25,104],"class_list":{"0":"post-220989","1":"post","2":"type-post","3":"status-publish","4":"format-standard","5":"has-post-thumbnail","7":"category-paris","8":"tag-actu","9":"tag-actu-paris","10":"tag-actualites","11":"tag-actualites-paris","12":"tag-eu","13":"tag-europe","14":"tag-fr","15":"tag-france","16":"tag-metro","17":"tag-news","18":"tag-news-paris","19":"tag-paris","20":"tag-paris-news","21":"tag-ratp","22":"tag-republique-francaise","23":"tag-societe"},"share_on_mastodon":{"url":"https:\/\/pubeurope.com\/@fr\/114784378810167989","error":""},"_links":{"self":[{"href":"https:\/\/www.europesays.com\/fr\/wp-json\/wp\/v2\/posts\/220989","targetHints":{"allow":["GET"]}}],"collection":[{"href":"https:\/\/www.europesays.com\/fr\/wp-json\/wp\/v2\/posts"}],"about":[{"href":"https:\/\/www.europesays.com\/fr\/wp-json\/wp\/v2\/types\/post"}],"author":[{"embeddable":true,"href":"https:\/\/www.europesays.com\/fr\/wp-json\/wp\/v2\/users\/2"}],"replies":[{"embeddable":true,"href":"https:\/\/www.europesays.com\/fr\/wp-json\/wp\/v2\/comments?post=220989"}],"version-history":[{"count":0,"href":"https:\/\/www.europesays.com\/fr\/wp-json\/wp\/v2\/posts\/220989\/revisions"}],"wp:featuredmedia":[{"embeddable":true,"href":"https:\/\/www.europesays.com\/fr\/wp-json\/wp\/v2\/media\/220990"}],"wp:attachment":[{"href":"https:\/\/www.europesays.com\/fr\/wp-json\/wp\/v2\/media?parent=220989"}],"wp:term":[{"taxonomy":"category","embeddable":true,"href":"https:\/\/www.europesays.com\/fr\/wp-json\/wp\/v2\/categories?post=220989"},{"taxonomy":"post_tag","embeddable":true,"href":"https:\/\/www.europesays.com\/fr\/wp-json\/wp\/v2\/tags?post=220989"}],"curies":[{"name":"wp","href":"https:\/\/api.w.org\/{rel}","templated":true}]}}