{"id":221005,"date":"2025-07-02T15:43:09","date_gmt":"2025-07-02T15:43:09","guid":{"rendered":"https:\/\/www.europesays.com\/fr\/221005\/"},"modified":"2025-07-02T15:43:09","modified_gmt":"2025-07-02T15:43:09","slug":"allemagne-rtl-rachete-sky","status":"publish","type":"post","link":"https:\/\/www.europesays.com\/fr\/221005\/","title":{"rendered":"Allemagne : RTL rach\u00e8te Sky"},"content":{"rendered":"<p>Le groupe <strong>RTL<\/strong> a officialis\u00e9 il y a quelques jours l&rsquo;acquisition de <strong>Sky Deutschland<\/strong>, scellant une fusion majeure dans l&rsquo;univers des m\u00e9dias de la r\u00e9gion DACH (Allemagne, Autriche, Suisse).<\/p>\n<p>L&rsquo;op\u00e9ration, soumise \u00e0 l&rsquo;approbation des autorit\u00e9s de la concurrence, devrait \u00eatre finalis\u00e9e d&rsquo;ici <a href=\"https:\/\/www.telesatellite.com\/actu\/recherche\/?e=1&amp;q=2026\" rel=\"nofollow noopener\" target=\"_blank\">2026<\/a>. \u00c0 la cl\u00e9 : la cr\u00e9ation d&rsquo;une plateforme audiovisuelle r\u00e9unissant pr\u00e8s de 11,5 millions d&rsquo;abonn\u00e9s payants \u00e0 <strong>RTL+<\/strong>, <strong>Sky<\/strong> et <strong>WOW<\/strong>.<\/p>\n<p>Cette alliance strat\u00e9gique consolide les forces respectives de RTL et Sky en mati\u00e8re de divertissement, de sport et d&rsquo;information, sur la TV gratuite, la TV payante et le streaming. Les droits sportifs premium de Sky &#8211; notamment la Bundesliga, la Premier League, la Coupe d&rsquo;Allemagne et la Formule 1 &#8211; seront d\u00e9sormais coupl\u00e9s aux marques embl\u00e9matiques de RTL, sur RTL+ ou ses cha\u00eenes gratuites et payantes.<\/p>\n<p>\u00ab\u202fCette fusion est une transformation pour RTL Group. Elle cr\u00e9e une offre vid\u00e9o unique en Europe et renforce notre capacit\u00e9 \u00e0 rivaliser avec les g\u00e9ants mondiaux du streaming\u202f\u00bb, a d\u00e9clar\u00e9 <a href=\"https:\/\/www.telesatellite.com\/actu\/recherche\/?e=1&amp;q=Thomas Rabe\" rel=\"nofollow noopener\" target=\"_blank\">Thomas Rabe<\/a>, PDG de RTL Group.<\/p>\n<p>Le prix d&rsquo;acquisition initial s&rsquo;\u00e9l\u00e8ve \u00e0 150 millions d&rsquo;euros en num\u00e9raire, compl\u00e9t\u00e9 d&rsquo;une contrepartie variable plafonn\u00e9e \u00e0 377 millions d&rsquo;euros, activable sous conditions par <strong>Comcast<\/strong> (maison m\u00e8re de Sky) dans les cinq ans \u00e0 venir.<\/p>\n<p>D&rsquo;un point de vue industriel, RTL table sur 250 millions d&rsquo;euros de synergies annuelles d&rsquo;ici trois ans, notamment gr\u00e2ce \u00e0 des \u00e9conomies d&rsquo;\u00e9chelle sur les contenus, la technologie et l&rsquo;organisation. Le chiffre d&rsquo;affaires pro forma 2024 de l&rsquo;entit\u00e9 combin\u00e9e est estim\u00e9 \u00e0 4,6 milliards d&rsquo;euros, dont 45 % issus des abonnements.<\/p>\n","protected":false},"excerpt":{"rendered":"Le groupe RTL a officialis\u00e9 il y a quelques jours l&rsquo;acquisition de Sky Deutschland, scellant une fusion majeure&hellip;\n","protected":false},"author":2,"featured_media":221006,"comment_status":"","ping_status":"","sticky":false,"template":"","format":"standard","meta":{"footnotes":""},"categories":[1587],"tags":[11,672,1804,1805,1803,1777,674,1801,12,1802],"class_list":{"0":"post-221005","1":"post","2":"type-post","3":"status-publish","4":"format-standard","5":"has-post-thumbnail","7":"category-allemagne","8":"tag-actualites","9":"tag-allemagne","10":"tag-bundesrepublik-deutschland","11":"tag-de","12":"tag-deutschland","13":"tag-eu","14":"tag-europe","15":"tag-germany","16":"tag-news","17":"tag-republique-federale-dallemagne"},"share_on_mastodon":{"url":"https:\/\/pubeurope.com\/@fr\/114784410434041768","error":""},"_links":{"self":[{"href":"https:\/\/www.europesays.com\/fr\/wp-json\/wp\/v2\/posts\/221005","targetHints":{"allow":["GET"]}}],"collection":[{"href":"https:\/\/www.europesays.com\/fr\/wp-json\/wp\/v2\/posts"}],"about":[{"href":"https:\/\/www.europesays.com\/fr\/wp-json\/wp\/v2\/types\/post"}],"author":[{"embeddable":true,"href":"https:\/\/www.europesays.com\/fr\/wp-json\/wp\/v2\/users\/2"}],"replies":[{"embeddable":true,"href":"https:\/\/www.europesays.com\/fr\/wp-json\/wp\/v2\/comments?post=221005"}],"version-history":[{"count":0,"href":"https:\/\/www.europesays.com\/fr\/wp-json\/wp\/v2\/posts\/221005\/revisions"}],"wp:featuredmedia":[{"embeddable":true,"href":"https:\/\/www.europesays.com\/fr\/wp-json\/wp\/v2\/media\/221006"}],"wp:attachment":[{"href":"https:\/\/www.europesays.com\/fr\/wp-json\/wp\/v2\/media?parent=221005"}],"wp:term":[{"taxonomy":"category","embeddable":true,"href":"https:\/\/www.europesays.com\/fr\/wp-json\/wp\/v2\/categories?post=221005"},{"taxonomy":"post_tag","embeddable":true,"href":"https:\/\/www.europesays.com\/fr\/wp-json\/wp\/v2\/tags?post=221005"}],"curies":[{"name":"wp","href":"https:\/\/api.w.org\/{rel}","templated":true}]}}