{"id":221011,"date":"2025-07-02T15:46:17","date_gmt":"2025-07-02T15:46:17","guid":{"rendered":"https:\/\/www.europesays.com\/fr\/221011\/"},"modified":"2025-07-02T15:46:17","modified_gmt":"2025-07-02T15:46:17","slug":"info-rtl-video-choc-de-lagression-dune-femme-lors-de-la-fete-de-la-musique-4-personnes-interpellees-en-ile-de-france","status":"publish","type":"post","link":"https:\/\/www.europesays.com\/fr\/221011\/","title":{"rendered":"INFO RTL &#8211; Vid\u00e9o choc de l&rsquo;agression d&rsquo;une femme lors de la F\u00eate de la musique : 4 personnes interpell\u00e9es en \u00cele-de-France"},"content":{"rendered":"<p class=\"article-p mdl\">La vid\u00e9o d&rsquo;une femme agress\u00e9e le soir de la F\u00eate de la musique \u00e0 Paris, le 21 juin dernier, avait particuli\u00e8rement choqu\u00e9 sur les r\u00e9seaux sociaux. On y voyait un homme, v\u00eatu d&rsquo;un t-shirt bleu, ass\u00e9ner un violent coup de pied dans le visage d&rsquo;une femme \u00e0 terre. Ce mercredi 2 juillet au matin, <strong>quatre individus ont \u00e9t\u00e9 interpell\u00e9s<\/strong> en \u00cele-de-France, puis plac\u00e9s en garde \u00e0 vue pour violences volontaires en r\u00e9union, selon les informations de RTL. Les suspects sont <strong>n\u00e9s entre 1997 et 2003<\/strong>, selon le parquet de Paris.<br \/>L&rsquo;exploitation de la vid\u00e9o diffus\u00e9e sur les r\u00e9seaux sociaux a permis de comprendre le d\u00e9roul\u00e9 des faits. Selon le parquet, l\u2019homme au t-shirt bleu avait port\u00e9 un coup \u00e0 un homme d\u00e9j\u00e0 au sol. Alors qu\u2019une femme tentait de s\u2019interposer, elle avait \u00e9t\u00e9 violemment jet\u00e9e au sol par deux hommes et avait re\u00e7u un coup de pied au visage de l\u2019homme au t-shirt bleu. Un des suspects lui avait arrach\u00e9 son sac, qui avait ensuite \u00e9t\u00e9 r\u00e9cup\u00e9r\u00e9 par un quatri\u00e8me homme. Pendant ce temps, l\u2019homme au t-shirt bleu s\u2019en \u00e9tait pris \u00e0 une troisi\u00e8me victime en lui portant un coup de poing puis en chutant au sol avec elle.<\/p>\n<p class=\"article-p mdl\">Identifi\u00e9es, les <strong>trois victimes avaient d\u00e9pos\u00e9 plainte<\/strong>. Les deux premi\u00e8res s&rsquo;\u00e9taient vu reconna\u00eetre 5 jours d\u2019incapacit\u00e9 de travail par l\u2019unit\u00e9 m\u00e9dico-judiciaire.<\/p>\n<p class=\"article-p mdl\">Apr\u00e8s les faits, des policiers avaient retrouv\u00e9 un t\u00e9l\u00e9phone portable au sol. Deux des suspects \u00e9taient revenus sur les lieux, indiquant avoir fait tomber leur t\u00e9l\u00e9phone. Ils avaient alors \u00e9t\u00e9 contr\u00f4l\u00e9s et identifi\u00e9s, mais ils avaient \u00e9t\u00e9 laiss\u00e9s libre, faute d&rsquo;\u00e9l\u00e9ments les incriminant. Gr\u00e2ce \u00e0 l\u2019exploitation des lignes t\u00e9l\u00e9phoniques, l\u2019homme au t-shirt bleu et le quatri\u00e8me homme avaient \u00e9galement \u00e9t\u00e9 identifi\u00e9s.<\/p>\n<p>    La r\u00e9daction vous recommande<\/p>\n<p class=\"s-newsletter__title\">\n                L\u2019actualit\u00e9 par la r\u00e9daction de RTL dans votre bo\u00eete mail.\n            <\/p>\n<p class=\"s-newsletter__subtitle\">\n                Gr\u00e2ce \u00e0 votre compte RTL abonnez-vous \u00e0 la newsletter RTL info pour suivre toute l&rsquo;actualit\u00e9 au quotidien\n            <\/p>\n<p>\n                                    Lire la suite\n                                <\/p>\n","protected":false},"excerpt":{"rendered":"La vid\u00e9o d&rsquo;une femme agress\u00e9e le soir de la F\u00eate de la musique \u00e0 Paris, le 21 juin&hellip;\n","protected":false},"author":2,"featured_media":221012,"comment_status":"","ping_status":"","sticky":false,"template":"","format":"standard","meta":{"footnotes":""},"categories":[2],"tags":[11,898,118,25885,107,1011,27,12,25],"class_list":{"0":"post-221011","1":"post","2":"type-post","3":"status-publish","4":"format-standard","5":"has-post-thumbnail","7":"category-actualites","8":"tag-actualites","9":"tag-alerte","10":"tag-faits-divers","11":"tag-fete-de-la-musique","12":"tag-fil-info","13":"tag-fr","14":"tag-france","15":"tag-news","16":"tag-republique-francaise"},"share_on_mastodon":{"url":"https:\/\/pubeurope.com\/@fr\/114784422036487187","error":""},"_links":{"self":[{"href":"https:\/\/www.europesays.com\/fr\/wp-json\/wp\/v2\/posts\/221011","targetHints":{"allow":["GET"]}}],"collection":[{"href":"https:\/\/www.europesays.com\/fr\/wp-json\/wp\/v2\/posts"}],"about":[{"href":"https:\/\/www.europesays.com\/fr\/wp-json\/wp\/v2\/types\/post"}],"author":[{"embeddable":true,"href":"https:\/\/www.europesays.com\/fr\/wp-json\/wp\/v2\/users\/2"}],"replies":[{"embeddable":true,"href":"https:\/\/www.europesays.com\/fr\/wp-json\/wp\/v2\/comments?post=221011"}],"version-history":[{"count":0,"href":"https:\/\/www.europesays.com\/fr\/wp-json\/wp\/v2\/posts\/221011\/revisions"}],"wp:featuredmedia":[{"embeddable":true,"href":"https:\/\/www.europesays.com\/fr\/wp-json\/wp\/v2\/media\/221012"}],"wp:attachment":[{"href":"https:\/\/www.europesays.com\/fr\/wp-json\/wp\/v2\/media?parent=221011"}],"wp:term":[{"taxonomy":"category","embeddable":true,"href":"https:\/\/www.europesays.com\/fr\/wp-json\/wp\/v2\/categories?post=221011"},{"taxonomy":"post_tag","embeddable":true,"href":"https:\/\/www.europesays.com\/fr\/wp-json\/wp\/v2\/tags?post=221011"}],"curies":[{"name":"wp","href":"https:\/\/api.w.org\/{rel}","templated":true}]}}