{"id":221023,"date":"2025-07-02T15:55:12","date_gmt":"2025-07-02T15:55:12","guid":{"rendered":"https:\/\/www.europesays.com\/fr\/221023\/"},"modified":"2025-07-02T15:55:12","modified_gmt":"2025-07-02T15:55:12","slug":"je-savais-que-je-finirais-par-marquer-des-points","status":"publish","type":"post","link":"https:\/\/www.europesays.com\/fr\/221023\/","title":{"rendered":"Je savais que je finirais par marquer des points"},"content":{"rendered":"<p>Certes, en Autriche, <a href=\"https:\/\/fr.motorsport.com\/driver\/lando-norris\/289708\/\" target=\"_blank\" rel=\"noopener nofollow\">Lando Norris<\/a> et <a href=\"https:\/\/fr.motorsport.com\/driver\/oscar-piastri\/835356\/\" target=\"_blank\" rel=\"noopener nofollow\">Oscar Piastri<\/a> ont \u00e9tal\u00e9 leur talent dans les duels roue contre roue, <a href=\"https:\/\/fr.motorsport.com\/driver\/liam-lawson\/826061\/\" target=\"_blank\" rel=\"noopener nofollow\">Liam Lawson<\/a> a inscrit son meilleur r\u00e9sultat en carri\u00e8re et <a href=\"https:\/\/fr.motorsport.com\/driver\/fernando-alonso\/76096\/\" target=\"_blank\" rel=\"noopener nofollow\">Fernando Alonso<\/a> ainsi qu&rsquo;<a href=\"https:\/\/fr.motorsport.com\/driver\/esteban-ocon\/95096\/\" target=\"_blank\" rel=\"noopener nofollow\">Esteban Ocon<\/a> ont de nouveau termin\u00e9 dans le top 10. Mais la belle histoire du week-end restera sans doute les premiers points de <a href=\"https:\/\/fr.motorsport.com\/driver\/gabriel-bortoleto\/947555\/\" target=\"_blank\" rel=\"noopener nofollow\">Gabriel Bortoleto<\/a> en F1.\u00a0<\/p>\n<p>Le Br\u00e9silien, qui n&rsquo;avait jamais eu autant de chance que son co\u00e9quipier jusqu&rsquo;alors &#8211; ne parvenant pas \u00e0 d\u00e9bloquer son compteur -, est parvenu \u00e0 hisser sa <a href=\"https:\/\/fr.motorsport.com\/team\/stake-sauber\/612\/\" target=\"_blank\" rel=\"noopener nofollow\">Stake Sauber<\/a> \u00e0 la huiti\u00e8me place du Grand Prix d&rsquo;Autriche apr\u00e8s une course et un week-end ma\u00eetris\u00e9s de A \u00e0 Z.\u00a0\u00a0<\/p>\n<p>\u00ab\u00a0C&rsquo;est g\u00e9nial. C&rsquo;est vraiment super d&rsquo;\u00eatre pilote du jour. Mais surtout, marquer ce point pour l&rsquo;\u00e9quipe, c&rsquo;est tr\u00e8s important pour la confiance de tout le monde\u00a0\u00bb, a d\u00e9clar\u00e9 Bortoleto dans le carr\u00e9 des interviews dimanche dernier.<\/p>\n<p>\u00ab\u00a0\u00c9videmment, c&rsquo;est \u00e9norme, \u00e7a donne beaucoup de confiance. Mais je savais qu&rsquo;\u00e0 un moment ou un autre, je finirais par marquer des points. Il fallait juste \u00eatre au bon endroit, avec un peu de chance de mon c\u00f4t\u00e9. Et on l&rsquo;a fait. Mais le vrai objectif, c&rsquo;est de gagner des courses un jour et de se battre pour le championnat. On sait exactement ce qu&rsquo;on doit faire pour \u00e7a.\u00a0\u00bb<\/p>\n<p>Lire aussi :<\/p>\n<p>En fin d&rsquo;\u00e9preuve, le jeune rookie s&rsquo;est m\u00eame octroy\u00e9 une bataille contre son manager, avec qui il partage la piste : Fernando Alonso. Revenu comme une fl\u00e8che dans les derniers tours, Bortoleto a mis l&rsquo;Espagnol sous pression. Mais l&rsquo;arriv\u00e9e du leader de la course Lando Norris, qui leur prenait un tour, a facilit\u00e9 la d\u00e9fense d&rsquo;Alonso, qui n&rsquo;a pas manqu\u00e9 de montrer au jeune homme de 20 ans de quel bois se chauffait un double champion du monde de F1.\u00a0<\/p>\n<p>\u00ab\u00a0Les drapeaux bleus ne nous ont pas aid\u00e9s, mais \u00e7a, c&rsquo;est quelque chose de tr\u00e8s difficile \u00e0 pr\u00e9voir\u00a0\u00bb, a expliqu\u00e9 Bortoleto. \u00ab\u00a0\u00c7a d\u00e9pend du rythme de chacun, surtout quand tout est aussi serr\u00e9. J&rsquo;ai vraiment le sentiment qu&rsquo;on a tout fait de notre c\u00f4t\u00e9.\u00a0\u00bb<\/p>\n<p>\u00ab\u00a0On savait que la strat\u00e9gie \u00e0 un arr\u00eat [choisie par Alonso, ndlr] et celle \u00e0 deux arr\u00eats [choisie par Bortoleto, ndlr] allaient \u00eatre tr\u00e8s proches, c&rsquo;\u00e9tait clair sur le papier. Apr\u00e8s, peut-\u00eatre qu&rsquo;il aurait fallu rentrer un peu plus t\u00f4t, je ne sais pas. Mais franchement, l&rsquo;\u00e9quipe a fait un super boulot. \u00c0 chaque fois que mon rythme commen\u00e7ait \u00e0 baisser, ils me rappelaient pour me mettre un meilleur train de pneus et me donner d&rsquo;autres options pour aller chercher les points. Donc je ne regrette pas du tout d&rsquo;avoir fait deux arr\u00eats.\u00a0\u00bb<\/p>\n<p>   <img decoding=\"async\" draggable=\"false\" src=\"https:\/\/www.europesays.com\/fr\/wp-content\/uploads\/2025\/07\/1751471712_434_liam-lawson-racing-bulls-team-.jpg\" alt=\"Gabriel Bortoleto devant Liams Lawson et Fernando Alonso. \" width=\"1200\" height=\"800\" loading=\"lazy\"\/> <\/p>\n<p class=\"title\">Gabriel Bortoleto devant Liams Lawson et Fernando Alonso.<\/p>\n<p class=\"photographer\">Photo de: Zak Mauger \/ LAT Images via Getty Images<\/p>\n<p>\u00ab\u00a0[La bataille avec Alonso] \u00e9tait fun. Surtout parce qu&rsquo;il s&rsquo;est durement battu et j&rsquo;ai pris beaucoup de plaisir. Heureusement, on ne s&rsquo;est pas accroch\u00e9s, sinon je n&rsquo;aurais peut-\u00eatre m\u00eame pas eu de quoi rentrer chez moi [Bortoleto utilise souvent le jet priv\u00e9 de son manager pour voyager entre les courses, ndlr] ! Il a \u00e9norm\u00e9ment d&rsquo;exp\u00e9rience. Il savait parfaitement jouer avec les drapeaux bleus et tout le reste. Il a failli d\u00e9passer Norris dans la ligne droite, mais il savait exactement comment faire \u00e7a proprement, sans faute, parfaitement.\u00a0\u00bb<\/p>\n<p>Interrog\u00e9 sur ce qu&rsquo;il pouvait apprendre du pilotage du double champion du monde, lui qui en a \u00e9t\u00e9 le premier t\u00e9moin en piste, Bortoleto a r\u00e9pondu : \u00ab\u00a0Bien s\u00fbr [qu&rsquo;il y a de quoi apprendre]. Mais c&rsquo;est une \u00e9tude que tu fais plut\u00f4t \u00e0 la maison, quand tu es tranquille, que tu regardes l&rsquo;onboard du gars et que tu analyses chaque trajectoire. La fa\u00e7on dont il regarde dans ses r\u00e9tros, dont il freine pour choper le DRS au bon endroit, etc.\u00a0\u00bb<\/p>\n<p>\u00ab\u00a0Ce n&rsquo;est pas quelque chose que tu peux vraiment analyser en direct, parce que toi, tu es concentr\u00e9 sur comment le d\u00e9passer. Et moi, j&rsquo;\u00e9tais juste un jeune pilote qui essayait de marquer ses premiers points, alors que lui, il \u00e9tait l\u00e0, relax, \u00e0 d\u00e9fendre sans stress. Il savait exactement ce qu&rsquo;il faisait. Il contr\u00f4lait la situation. Et m\u00eame avec des pneus plus us\u00e9s, il a r\u00e9ussi \u00e0 me garder derri\u00e8re pendant deux tours. Chapeau \u00e0 lui.\u00a0\u00bb<\/p>\n<p>Un rookie d\u00e9j\u00e0 impressionnant<br \/>\n   <img decoding=\"async\" draggable=\"false\" src=\"https:\/\/www.europesays.com\/fr\/wp-content\/uploads\/2025\/07\/gabriel-bortoleto-sauber.jpg\" alt=\"Gabriel Bortoleto avec Jonathan Wheatley, directeur de Stake Sauber.\" width=\"1200\" height=\"800\" loading=\"lazy\"\/> <\/p>\n<p class=\"title\">Gabriel Bortoleto avec Jonathan Wheatley, directeur de Stake Sauber.<\/p>\n<p class=\"photographer\">Photo de: Andy Hone \/ LAT Images via Getty Images<\/p>\n<p>Bien que ces quatre points ne soient \u00ab\u00a0que\u00a0\u00bb les premiers de Gabriel Bortoleto en F1, il ne fait aucun doute que le rookie impressionnait d\u00e9j\u00e0 depuis le d\u00e9but de saison. Le Br\u00e9silien avait montr\u00e9 du potentiel en parvenant \u00e0 s&rsquo;extraire de la Q1 \u00e0 trois reprises alors que la C45 \u00e9tait loin d&rsquo;afficher le niveau du week-end dernier.\u00a0<\/p>\n<p>\u00ab\u00a0Je pense qu&rsquo;il aurait d\u00e9j\u00e0 d\u00fb marquer des points sur d&rsquo;autres courses\u00a0\u00bb, a d\u00e9clar\u00e9 Jonathan Wheatley, directeur de Stake Sauber, au sujet de son pilote. \u00ab\u00a0Je suis super content pour lui, vraiment ravi. Il a fait une course parfaite. Vraiment parfaite tout le week-end : chaque relais, il a bien g\u00e9r\u00e9 le trafic, il a pris de bonnes d\u00e9cisions pour se faire d\u00e9passer et reprendre un tour\u2026 C&rsquo;\u00e9tait une prestation impeccable.\u00a0\u00bb<\/p>\n<p>\u00ab\u00a0Ce circuit nous a toujours bien r\u00e9ussi, dans toutes les \u00e9quipes o\u00f9 j&rsquo;ai travaill\u00e9. Et c&rsquo;est un trac\u00e9 que Gabi conna\u00eet bien. On oublie facilement que c&rsquo;est sa premi\u00e8re ann\u00e9e. Il n&rsquo;a pas fait dix mille heures d&rsquo;essais priv\u00e9s en F1, il apprend sur le tas, circuit apr\u00e8s circuit. Et cette piste, OK, on pensait qu&rsquo;elle conviendrait bien \u00e0 la voiture, mais elle convient aussi \u00e0 Gabi. Et au final, chaque circuit lui conviendra &#8211; \u00e0 lui comme \u00e0 Nico [H\u00fclkenberg] &#8211; si la voiture continue \u00e0 bien fonctionner comme maintenant.\u00a0\u00bb<\/p>\n<p>Malgr\u00e9 ses belles performances, et sa capacit\u00e9 \u00e0 tenir t\u00eate \u00e0 son exp\u00e9riment\u00e9 co\u00e9quipier <a href=\"https:\/\/fr.motorsport.com\/driver\/nico-hulkenberg\/84891\/\" target=\"_blank\" rel=\"noopener nofollow\">Nico H\u00fclkenberg<\/a>, Bortoleto n&rsquo;avait encore jamais \u00e9t\u00e9 r\u00e9compens\u00e9 par des points. Interrog\u00e9 sur le fait que ce r\u00e9sultat en Autriche devait \u00eatre lib\u00e9rateur pour le rookie, Wheatley a r\u00e9pondu :\u00a0\u00ab\u00a0Pour moi, c&rsquo;\u00e9tait in\u00e9vitable. Je sais qu&rsquo;il y avait un petit storytelling autour du fait qu&rsquo;il \u00e9tait le seul \u00e0 ne pas avoir marqu\u00e9 de points, mais pour moi, \u00e7a ne m&rsquo;a m\u00eame pas travers\u00e9 l&rsquo;esprit. C&rsquo;est juste un truc que les m\u00e9dias me demandaient sans arr\u00eat.\u00a0\u00bb<\/p>\n<p>\u00ab\u00a0Depuis le d\u00e9but, il a une approche tr\u00e8s mature et une \u00e9thique de travail incroyable. Et ce que j&rsquo;adore &#8211; et que j&rsquo;ai d\u00e9j\u00e0 vu chez d&rsquo;autres jeunes pilotes &#8211; c&rsquo;est que m\u00eame s&rsquo;ils ont d\u00e9j\u00e0 toute la confiance du monde, chaque \u00e9tape franchie leur permet de construire l\u00e0-dessus, encore et encore, et leur confiance grandit sans cesse. Il a vraiment un avenir tr\u00e8s, tr\u00e8s prometteur devant lui.\u00a0\u00bb<\/p>\n<p style=\"text-align: right;\">Propos recueillis par Filip Cleeren\u00a0<\/p>\n<p>Lire aussi :<\/p>\n<p>Dans cet article<\/p>\n<p>    T\u00e9ha Courbon\n<\/p>\n<p>    Formule 1\n<\/p>\n<p>    Gabriel Bortoleto\n<\/p>\n<p>    Stake Sauber\n<\/p>\n<p>Soyez le premier inform\u00e9 et souscrivez aux alertes mails pour recevoir les infos en temps r\u00e9el<\/p>\n<p>    S&rsquo;abonner aux alertes de news<\/p>\n","protected":false},"excerpt":{"rendered":"Certes, en Autriche, Lando Norris et Oscar Piastri ont \u00e9tal\u00e9 leur talent dans les duels roue contre roue,&hellip;\n","protected":false},"author":2,"featured_media":221024,"comment_status":"","ping_status":"","sticky":false,"template":"","format":"standard","meta":{"footnotes":""},"categories":[1412],"tags":[1451,1452,1453,1454,1455,1011,27,2250,34489,34490,60,9106],"class_list":{"0":"post-221023","1":"post","2":"type-post","3":"status-publish","4":"format-standard","5":"has-post-thumbnail","7":"category-f1","8":"tag-f1","9":"tag-formula-1","10":"tag-formula1","11":"tag-formule-1","12":"tag-formule1","13":"tag-fr","14":"tag-france","15":"tag-gabriel-bortoleto","16":"tag-gp-dautriche","17":"tag-red-bull-ring","18":"tag-sports","19":"tag-stake-sauber"},"share_on_mastodon":{"url":"https:\/\/pubeurope.com\/@fr\/114784457479331775","error":""},"_links":{"self":[{"href":"https:\/\/www.europesays.com\/fr\/wp-json\/wp\/v2\/posts\/221023","targetHints":{"allow":["GET"]}}],"collection":[{"href":"https:\/\/www.europesays.com\/fr\/wp-json\/wp\/v2\/posts"}],"about":[{"href":"https:\/\/www.europesays.com\/fr\/wp-json\/wp\/v2\/types\/post"}],"author":[{"embeddable":true,"href":"https:\/\/www.europesays.com\/fr\/wp-json\/wp\/v2\/users\/2"}],"replies":[{"embeddable":true,"href":"https:\/\/www.europesays.com\/fr\/wp-json\/wp\/v2\/comments?post=221023"}],"version-history":[{"count":0,"href":"https:\/\/www.europesays.com\/fr\/wp-json\/wp\/v2\/posts\/221023\/revisions"}],"wp:featuredmedia":[{"embeddable":true,"href":"https:\/\/www.europesays.com\/fr\/wp-json\/wp\/v2\/media\/221024"}],"wp:attachment":[{"href":"https:\/\/www.europesays.com\/fr\/wp-json\/wp\/v2\/media?parent=221023"}],"wp:term":[{"taxonomy":"category","embeddable":true,"href":"https:\/\/www.europesays.com\/fr\/wp-json\/wp\/v2\/categories?post=221023"},{"taxonomy":"post_tag","embeddable":true,"href":"https:\/\/www.europesays.com\/fr\/wp-json\/wp\/v2\/tags?post=221023"}],"curies":[{"name":"wp","href":"https:\/\/api.w.org\/{rel}","templated":true}]}}