{"id":221025,"date":"2025-07-02T15:56:10","date_gmt":"2025-07-02T15:56:10","guid":{"rendered":"https:\/\/www.europesays.com\/fr\/221025\/"},"modified":"2025-07-02T15:56:10","modified_gmt":"2025-07-02T15:56:10","slug":"tdf-tour-de-france-ineos-grenadiers-avec-rodriguez-thomas-et-laurance","status":"publish","type":"post","link":"https:\/\/www.europesays.com\/fr\/221025\/","title":{"rendered":"TDF. Tour de France &#8211; INEOS Grenadiers avec Rodriguez, Thomas&#8230; et Laurance"},"content":{"rendered":"<p>Enfin ! La formation <strong>INEOS Grenadiers<\/strong> a \u00e9t\u00e9 la derni\u00e8re a pr\u00e9senter sa s\u00e9lection pour le<strong> <a href=\"https:\/\/www.cyclismactu.net\/..\/news-tdf-route-tour-de-france-jaune-pois-vert-favoris-des-maillots-du-tour-de-france-88647.html\" target=\"_blank\" rel=\"nofollow noopener\">Tour de France<\/a><\/strong>. Sans surprise, c&rsquo;est <strong>Carlos Rodriguez<\/strong> qui m\u00e8nera l&rsquo;\u00e9quipe britannique sur cette Grande Boucle. 5e en 2023 et 7e en 2024, l&rsquo;Espagnol visera \u00e0 nouveau les hauterus du classement g\u00e9n\u00e9ral. Malgr\u00e9 sans chute et son abandon sur le <strong>Tour de Suisse<\/strong>, le vainqueur de l&rsquo;\u00e9dition 2018 <strong>Geraint Thomas<\/strong> sera aussi au d\u00e9part, pour ce qui sera son dernier <strong>Tour de France<\/strong>. Le sp\u00e9cialiste du contre-la-montre <strong>Filippo Ganna <\/strong>sera \u00e9galement pr\u00e9sent. Le r\u00e9cent champion de Grande-Bretagne <strong>Samuel Watson<\/strong> et le Fran\u00e7ais <strong>Axel Laurance<\/strong> viseront eux les \u00e9tapes r\u00e9serv\u00e9es aux sprinteurs-puncheurs. <strong>Thymen Arensman<\/strong>,<strong> Tobias Foss<\/strong> et <strong>Connor Swift <\/strong>compl\u00e8tent cette s\u00e9lection. Lui aussi tomb\u00e9 sur le <strong>Tour de Suisse<\/strong>, <strong>Laurens De Plus<\/strong> ne sera quant \u00e0 lui pas remis \u00e0 temps pour le <strong>Tour<\/strong>, une grosse perte pour l&rsquo;\u00e9quipe <strong>INEOS Grenadiers<\/strong>.<\/p>\n<p>Vid\u00e9o &#8211; Cyrille Guimard au micro de Cyclism&rsquo;Actu avant le Tour Lire la suite de l&rsquo;article&#13;<\/p>\n<p>\u00a0<\/p>\n<p>&#13;<br \/>\nGeraint Thomas : \u00ab\u00a0Mon 14e Tour de France&#8230;\u00a0\u00bb&#13;<\/p>\n<p><strong>Carlos Rodriguez<\/strong> a d\u00e9clar\u00e9 : \u00ab\u00a0Le d\u00e9but de saison a \u00e9t\u00e9 un peu difficile avec la chute en f\u00e9vrier, mais je me suis r\u00e9tabli assez rapidement et depuis, je n\u2019ai cess\u00e9 de progresser. L\u2019objectif a toujours \u00e9t\u00e9 d\u2019arriver au d\u00e9part du Tour en juillet dans ma meilleure forme. Jusqu\u2019\u00e0 pr\u00e9sent, tout s\u2019est d\u00e9roul\u00e9 comme pr\u00e9vu. J\u2019ai r\u00e9ussi \u00e0 bien me pr\u00e9parer avec des entra\u00eenements de qualit\u00e9 et j\u2019ai d\u00e9j\u00e0 pas mal de bonnes courses dans les jambes. Bien s\u00fbr, ce sera une course difficile face aux meilleurs du monde, mais nous allons nous battre et viser les premi\u00e8res places. \u00c7a va \u00eatre une course \u00e9pique et un vrai spectacle pour les fans.\u00a0\u00bb<\/p>\n<p>&#13;<\/p>\n<p>\u00ab\u00a0J\u2019ai vraiment h\u00e2te de disputer mon dernier Tour de France\u00a0\u00bb, poursuit <strong>Geraint Thomas<\/strong>. \u00ab\u00a0Ce sera mon 14e, ce qui para\u00eet fou\u2026 Je n\u2019aurais jamais imagin\u00e9, quand j\u2019ai pris le d\u00e9part pour la premi\u00e8re fois en 2007, que je serais encore l\u00e0 aujourd\u2019hui. J\u2019ai connu des hauts et des bas, mais c\u2019est une course incroyable ; la plus grande et la plus belle du monde, et ma pr\u00e9f\u00e9r\u00e9e. Ce n\u2019est jamais simple et toujours tr\u00e8s dur, mais cette ann\u00e9e, mon approche restera la m\u00eame : tout donner sur la route pour que l\u2019\u00e9quipe connaisse le plus de succ\u00e8s possible. Nous aurons tous des r\u00f4les importants \u00e0 jouer et je jouerai sans aucun doute le mien. J\u2019ai juste h\u00e2te d\u2019arriver \u00e0 Lille et de me plonger dans l\u2019ambiance de ce qui est toujours une vraie montagne russe d\u2019\u00e9motions. Trois semaines de vacances en all-inclusive \u00e0 v\u00e9lo autour de la France\u2026 que demander de plus ?!\u00a0\u00bb<\/p>\n","protected":false},"excerpt":{"rendered":"Enfin ! La formation INEOS Grenadiers a \u00e9t\u00e9 la derni\u00e8re a pr\u00e9senter sa s\u00e9lection pour le Tour de&hellip;\n","protected":false},"author":2,"featured_media":221026,"comment_status":"","ping_status":"","sticky":false,"template":"","format":"standard","meta":{"footnotes":""},"categories":[1411],"tags":[1154,207,211,1011,27,209,60,210,212,208,213],"class_list":{"0":"post-221025","1":"post","2":"type-post","3":"status-publish","4":"format-standard","5":"has-post-thumbnail","7":"category-cyclisme","8":"tag-cycling","9":"tag-cyclisme","10":"tag-ffc","11":"tag-fr","12":"tag-france","13":"tag-route","14":"tag-sports","15":"tag-tour-de-france","16":"tag-uci","17":"tag-velo","18":"tag-world-tour"},"share_on_mastodon":{"url":"https:\/\/pubeurope.com\/@fr\/114784461397749944","error":""},"_links":{"self":[{"href":"https:\/\/www.europesays.com\/fr\/wp-json\/wp\/v2\/posts\/221025","targetHints":{"allow":["GET"]}}],"collection":[{"href":"https:\/\/www.europesays.com\/fr\/wp-json\/wp\/v2\/posts"}],"about":[{"href":"https:\/\/www.europesays.com\/fr\/wp-json\/wp\/v2\/types\/post"}],"author":[{"embeddable":true,"href":"https:\/\/www.europesays.com\/fr\/wp-json\/wp\/v2\/users\/2"}],"replies":[{"embeddable":true,"href":"https:\/\/www.europesays.com\/fr\/wp-json\/wp\/v2\/comments?post=221025"}],"version-history":[{"count":0,"href":"https:\/\/www.europesays.com\/fr\/wp-json\/wp\/v2\/posts\/221025\/revisions"}],"wp:featuredmedia":[{"embeddable":true,"href":"https:\/\/www.europesays.com\/fr\/wp-json\/wp\/v2\/media\/221026"}],"wp:attachment":[{"href":"https:\/\/www.europesays.com\/fr\/wp-json\/wp\/v2\/media?parent=221025"}],"wp:term":[{"taxonomy":"category","embeddable":true,"href":"https:\/\/www.europesays.com\/fr\/wp-json\/wp\/v2\/categories?post=221025"},{"taxonomy":"post_tag","embeddable":true,"href":"https:\/\/www.europesays.com\/fr\/wp-json\/wp\/v2\/tags?post=221025"}],"curies":[{"name":"wp","href":"https:\/\/api.w.org\/{rel}","templated":true}]}}