{"id":221029,"date":"2025-07-02T15:58:09","date_gmt":"2025-07-02T15:58:09","guid":{"rendered":"https:\/\/www.europesays.com\/fr\/221029\/"},"modified":"2025-07-02T15:58:09","modified_gmt":"2025-07-02T15:58:09","slug":"une-baltringue-sophie-tapie-en-couple-avec-un-candidat-de-la-star-academy-son-frere-balance-severe","status":"publish","type":"post","link":"https:\/\/www.europesays.com\/fr\/221029\/","title":{"rendered":"\u00ab\u00a0Une baltringue\u00a0\u00bb, Sophie Tapie en couple avec un candidat de la \u00ab\u00a0Star Academy\u00a0\u00bb : son fr\u00e8re balance s\u00e9v\u00e8re"},"content":{"rendered":"<p>      R\u00e9sum\u00e9<\/p>\n<p>St\u00e9phane Tapie raconte une altercation survenue lors d&rsquo;une sortie avec l&rsquo;ex-petit ami de Sophie Tapie, ancien candidat de la Star Academy, qu&rsquo;il a s\u00e9v\u00e8rement critiqu\u00e9.<\/p>\n<p>        Sommaire<\/p>\n<p><a href=\"https:\/\/vsd.fr\/81817-une-daube-le-charisme-dun-bulot-stephane-tapie-furieux-contre-laurent-lafitte\/\" target=\"_blank\" rel=\"noopener\">Invit\u00e9e de Jordan de Luxe<\/a>, le 31 mai 2025, <strong>St\u00e9phane Tapie a fait une \u00e9tonnante confidence sur la vie amoureuse de sa soeur. <\/strong><\/p>\n<p>Sophie Tapie est aujourd&rsquo;hui mari\u00e9e \u00e0 un joueur de rugby nomm\u00e9 Baptiste Germain. Ils ont deux enfants, C\u00e9sar n\u00e9 le 27 janvier 2024 et H\u00e9l\u00e9na n\u00e9e le 6 f\u00e9vrier 2025. <\/p>\n<p>Mais bien avant de trouver le bon, elle a \u00e9t\u00e9 en couple avec un jeune homme connu. <strong>Son fr\u00e8re le d\u00e9sapprouvait.<\/strong> Il raconte pour le d\u00e9montrer une anecdote qui s&rsquo;est produite \u00e0 la fin des ann\u00e9es 2010. <\/p>\n<p>St\u00e9phane Tapie part d\u00e9fendre sa soeur<\/p>\n<p>En effet, St\u00e9phane Tapie se souvient d&rsquo;un dimanche o\u00f9 elle avait emmen\u00e9 \u00ab\u00a0son petit copain qui \u00e9tait un ancien de la Star Ac, \u00e0 l&rsquo;Aquaboulevard\u00a0\u00bb. Et d&rsquo;ajouter : \u00ab\u00a0il y a plein de cin\u00e9ma l\u00e0-bas\u00a0\u00bb. <\/p>\n<p>Il assure d&rsquo;abord : <strong>\u00ab\u00a0Je tairai le nom parce qu&rsquo;il va passer pour une grosse baltringue\u2026\u00a0\u00bb<\/strong>. Il pr\u00e9cise toutefois : \u00ab\u00a0il est tr\u00e8s connu comme producteur aujourd&rsquo;hui\u00a0\u00bb, comme indice.<\/p>\n<p>\u00c2g\u00e9e de 20 ans, Sophie Tapie \u00e9tait \u00e0 l&rsquo;\u00e9poque d\u00e9j\u00e0 tr\u00e8s li\u00e9e \u00e0 son grand fr\u00e8re, qu&rsquo;elle appelait souvent. Et voil\u00e0 que ce jour-l\u00e0, elle \u00ab\u00a0s&#8217;embrouille vraiment fortement dans le cin\u00e9ma avec trois gars qui essayent de lui voler son portable \u00e0 lui\u00a0\u00bb. <strong>Ni une ni deux, elle appelle son fr\u00e8re en renfort.<\/strong><\/p>\n<p>St\u00e9phane Tapie explique qu&rsquo;elle l&rsquo;a appel\u00e9 au mauvais moment, alors qu&rsquo;il \u00e9tait en train de <a href=\"https:\/\/www.public.fr\/a-jamais-les-deuxiemes-sophie-tapie-ironise-apres-le-sacre-du-psg-et-degaine-son-maillot-de-lom\" target=\"_blank\" rel=\"noopener\">regarder un match de l&rsquo;OM, tranquillement. <\/a><\/p>\n<p>Il charrie son ex, de la Star Academy<\/p>\n<p>Il n&rsquo;a pas pu lui dire non, lui qui est<a href=\"https:\/\/www.public.fr\/bernard-tapie-trompe-par-brigitte-macron-stephane-le-fils-de-l-homme-d-affaires-temoigne\" target=\"_blank\" rel=\"noopener\"> tr\u00e8s attach\u00e9 \u00e0 d\u00e9fendre sa famille.<\/a> Et finalement, il a d\u00e9barqu\u00e9 devant l&rsquo;\u00e9tablissement. C&rsquo;est l\u00e0 qu&rsquo;il a s\u00e9vi, dit-il, et il assure : <strong>\u00ab\u00a0les trois, je les ai tous cass\u00e9s\u00a0\u00bb. <\/strong><\/p>\n<p>Ce jour-l\u00e0, St\u00e9phane Tapie s&rsquo;est aussi retourn\u00e9 vers le petit ami de sa soeur. Et il lui aurait balanc\u00e9 : \u00ab\u00a0fr\u00e8re ach\u00e8te-toi une paire de couilles quand m\u00eame\u00a0\u00bb. Pour finir, celui qui a 20 ans de plus, a balanc\u00e9 l&rsquo;identit\u00e9 de ce soupirant aux \u00ab\u00a0tr\u00e8s petites couilles\u00a0\u00bb \u00e0 Jordan de Luxe. Il s&rsquo;agit de <strong>J\u00e9r\u00e9my Chapron, de la Star Academy 7, remport\u00e9e par Quentin Mosimann.<\/strong><\/p>\n<p>      Mentionn\u00e9s dans cet article<\/p>\n<p>\u00c0 lire aussi<\/p>\n","protected":false},"excerpt":{"rendered":"R\u00e9sum\u00e9 St\u00e9phane Tapie raconte une altercation survenue lors d&rsquo;une sortie avec l&rsquo;ex-petit ami de Sophie Tapie, ancien candidat&hellip;\n","protected":false},"author":2,"featured_media":221030,"comment_status":"","ping_status":"","sticky":false,"template":"","format":"standard","meta":{"footnotes":""},"categories":[1359],"tags":[1191,58,59,1011,27,4829,973,1199,5095],"class_list":{"0":"post-221029","1":"post","2":"type-post","3":"status-publish","4":"format-standard","5":"has-post-thumbnail","7":"category-people","8":"tag-bernard-tapie","9":"tag-divertissement","10":"tag-entertainment","11":"tag-fr","12":"tag-france","13":"tag-jordan-de-luxe","14":"tag-people","15":"tag-sophie-tapie","16":"tag-star-academy"},"share_on_mastodon":{"url":"https:\/\/pubeurope.com\/@fr\/114784469182389772","error":""},"_links":{"self":[{"href":"https:\/\/www.europesays.com\/fr\/wp-json\/wp\/v2\/posts\/221029","targetHints":{"allow":["GET"]}}],"collection":[{"href":"https:\/\/www.europesays.com\/fr\/wp-json\/wp\/v2\/posts"}],"about":[{"href":"https:\/\/www.europesays.com\/fr\/wp-json\/wp\/v2\/types\/post"}],"author":[{"embeddable":true,"href":"https:\/\/www.europesays.com\/fr\/wp-json\/wp\/v2\/users\/2"}],"replies":[{"embeddable":true,"href":"https:\/\/www.europesays.com\/fr\/wp-json\/wp\/v2\/comments?post=221029"}],"version-history":[{"count":0,"href":"https:\/\/www.europesays.com\/fr\/wp-json\/wp\/v2\/posts\/221029\/revisions"}],"wp:featuredmedia":[{"embeddable":true,"href":"https:\/\/www.europesays.com\/fr\/wp-json\/wp\/v2\/media\/221030"}],"wp:attachment":[{"href":"https:\/\/www.europesays.com\/fr\/wp-json\/wp\/v2\/media?parent=221029"}],"wp:term":[{"taxonomy":"category","embeddable":true,"href":"https:\/\/www.europesays.com\/fr\/wp-json\/wp\/v2\/categories?post=221029"},{"taxonomy":"post_tag","embeddable":true,"href":"https:\/\/www.europesays.com\/fr\/wp-json\/wp\/v2\/tags?post=221029"}],"curies":[{"name":"wp","href":"https:\/\/api.w.org\/{rel}","templated":true}]}}