{"id":221033,"date":"2025-07-02T16:01:15","date_gmt":"2025-07-02T16:01:15","guid":{"rendered":"https:\/\/www.europesays.com\/fr\/221033\/"},"modified":"2025-07-02T16:01:15","modified_gmt":"2025-07-02T16:01:15","slug":"thomas-sotto-brise-enfin-le-silence-apres-la-tempete-a-telematin","status":"publish","type":"post","link":"https:\/\/www.europesays.com\/fr\/221033\/","title":{"rendered":"Thomas Sotto brise enfin le silence apr\u00e8s la temp\u00eate \u00e0 T\u00e9l\u00e9matin"},"content":{"rendered":"<p>Accus\u00e9 par d\u2019anciens collaborateurs d\u2019avoir instaur\u00e9 un climat de travail toxique \u00e0 T\u00e9l\u00e9matin, Thomas Sotto a bris\u00e9 le silence. Dans une interview accord\u00e9e \u00e0 l\u2019AFP, il revient sur les accusations, la pression d\u2019une matinale quotidienne, et les raisons r\u00e9elles de son d\u00e9part pour RTL.<\/p>\n<p>Le 3 juillet 2024, une enqu\u00eate de T\u00e9l\u00e9rama a secou\u00e9 les coulisses de T\u00e9l\u00e9matin. Des anciens collaborateurs de <strong>Thomas Sotto<\/strong>, alors directeur \u00e9ditorial de l\u2019\u00e9mission, d\u00e9non\u00e7aient un management \u201ctoxique\u201d et une \u201cpression constante\u201d. Depuis, <a href=\"https:\/\/www.pleinevie.fr\/loisirs\/tele-radio\/thomas-sotto-51-ans-quitte-telematin-et-france-televisions-qui-pour-le-remplacer-127383.html\" target=\"_blank\" rel=\"noopener nofollow\">Thomas Sotto<\/a> a quitt\u00e9 France 2 pour rejoindre RTL. Rest\u00e9 discret jusqu\u2019ici, il a finalement pris la parole dans une interview \u00e0 l\u2019AFP, reprise par de nombreux m\u00e9dias, pour livrer sa version des faits. Entre blessures personnelles, remise en question et nouveau d\u00e9part, <strong>l\u2019animateur<\/strong> revient sur une s\u00e9quence m\u00e9diatique qu\u2019il qualifie de \u201cviolence inou\u00efe\u201d.<\/p>\n<p> \t\t\t  Thomas Sotto donne sa version des faits sur l\u2019affaire de T\u00e9l\u00e9matin   \u201cUne violence inou\u00efe\u201d v\u00e9cue sur le plan personnel  <\/p>\n<p>Interrog\u00e9 sur les raisons de son d\u00e9part, Thomas Sotto affirme qu\u2019il ne s\u2019agit pas d\u2019une fuite face aux critiques, mais d\u2019un <strong>choix personnel<\/strong>. Il reconna\u00eet toutefois avoir \u00e9t\u00e9 profond\u00e9ment affect\u00e9 par l\u2019enqu\u00eate. \u201cDu point de vue personnel, intime, \u00e7a a \u00e9t\u00e9 d\u2019une violence inou\u00efe\u201d, confie-t-il, relate <a href=\"https:\/\/www.programme-tv.net\/news\/tv\/360616-ca-a-ete-d-une-violence-inouie-thomas-sotto-toxique-avec-ses-equipes-il-sort-du-silence-et-sexplique-sur-son-depart-de-telematin\/\" target=\"_blank\" rel=\"noopener nofollow\">T\u00e9l\u00e9-Loisirs<\/a>. Il admet que la pression d\u2019une <strong>\u00e9mission quotidienne<\/strong> peut g\u00e9n\u00e9rer des tensions : \u201cUne quotidienne, c\u2019est une lessiveuse, une machine de stress pour tout le monde\u201d. Sans nier totalement les reproches, il nuance : \u201cJe ne suis pas parfait. Est-ce qu\u2019une ou deux fois, j\u2019ai pu blesser des gens ? Peut-\u00eatre\u201d.<\/p>\n<p>    Une m\u00e9thode qu\u2019il juge injuste et blessante  <\/p>\n<p>Thomas Sotto conteste l\u2019image d\u00e9peinte dans l\u2019enqu\u00eate, qu\u2019il juge \u00e9loign\u00e9e de la r\u00e9alit\u00e9 : \u201c\u00c7a ne refl\u00e8te pas la r\u00e9alit\u00e9, j\u2019ai trouv\u00e9 \u00e7a extr\u00eamement blessant et tr\u00e8s injuste\u201d. Il se dit surpris que certains aient choisi de t\u00e9moigner anonymement dans la presse plut\u00f4t que de s\u2019adresser directement \u00e0 lui : \u201cMa porte est toujours ouverte\u201d. Il \u00e9voque \u00e9galement les remaniements op\u00e9r\u00e9s \u00e0 son arriv\u00e9e \u00e0 T\u00e9l\u00e9matin, qui auraient pu susciter des ranc\u0153urs. \u00c0 ce propos, il affirme\u00a0: \u201cOn a chang\u00e9 beaucoup de choses, on n\u2019a pas gard\u00e9 tout le monde\u201d. Il n\u2019est donc pas question pour lui de porter toute la responsabilit\u00e9 du fiasco de cette \u00e9poque.<\/p>\n<p>  Une remise en question assum\u00e9e, mais pas une autoflagellation  <\/p>\n<p>Certes, Thomas Sotto reconna\u00eet que certaines de ses d\u00e9cisions ont pu heurter, mais il refuse d\u2019endosser l\u2019image d\u2019un <strong>patron tyrannique<\/strong>. Il insiste sur le fait que l\u2019ambiance globale \u00e0 T\u00e9l\u00e9matin \u00e9tait loin d\u2019\u00eatre d\u00e9l\u00e9t\u00e8re et que les critiques ne refl\u00e8tent qu\u2019une partie isol\u00e9e de l\u2019exp\u00e9rience collective. Pour lui, cette pol\u00e9mique r\u00e9v\u00e8le surtout la difficult\u00e9 de diriger une \u00e9quipe sous pression, dans un format aussi exigeant qu\u2019une <strong>matinale quotidienne<\/strong>.<\/p>\n<p>     Un d\u00e9part \u00e0 RTL pour oublier la temp\u00eate T\u00e9l\u00e9matin ?   Un choix personnel et non une cons\u00e9quence de la pol\u00e9mique  <\/p>\n<p>Contrairement aux rumeurs, Thomas Sotto affirme que son d\u00e9part n\u2019est pas li\u00e9 \u00e0 l\u2019enqu\u00eate de T\u00e9l\u00e9rama. Il explique avoir saisi une opportunit\u00e9 professionnelle rare, celle de pr\u00e9senter la matinale de RTL. \u201c\u00c7a fait partie des challenges qui ne se refusent pas. RTL, c\u2019est une maison incroyable, avec une histoire\u201d. Contact\u00e9 en plein mois de juillet, il dit avoir accept\u00e9 rapidement : \u201c\u00c0 T\u00e9l\u00e9matin, tout se passait tr\u00e8s bien, l\u2019\u00e9mission marchait. Avoir ce genre de choix, c\u2019est un privil\u00e8ge d\u2019enfant g\u00e2t\u00e9\u201d.<\/p>\n<p>  Une transition professionnelle pleinement assum\u00e9e  <\/p>\n<p>Thomas Sotto insiste sur le fait qu\u2019il quitte <strong>France 2<\/strong> dans de bonnes conditions, sans amertume. Il se dit fier du travail accompli \u00e0 T\u00e9l\u00e9matin, et heureux de passer le relais \u00e0 <strong><a href=\"https:\/\/www.pleinevie.fr\/loisirs\/tele-radio\/julien-arnaud-50-ans-debarque-sur-france-2-voici-le-salaire-du-journaliste-131144.html\" target=\"_blank\" rel=\"noopener nofollow\">Julien Arnaud<\/a><\/strong> et Flavie Flament. \u201cJe pars avec le sentiment du devoir accompli. L\u2019\u00e9mission est en bonne sant\u00e9, et je suis ravi de la confier \u00e0 des professionnels que je respecte\u201d. Il voit dans ce changement une continuit\u00e9 logique de son parcours, et non une <strong>rupture impos\u00e9e<\/strong>.<\/p>\n<p>     Un nouveau d\u00e9part sous le signe de la s\u00e9r\u00e9nit\u00e9  <\/p>\n<p>En rejoignant RTL, Thomas Sotto dit vouloir retrouver un rythme plus \u00e9quilibr\u00e9 et un environnement propice \u00e0 la cr\u00e9ativit\u00e9. \u201cLa radio, c\u2019est un m\u00e9dia que j\u2019aime profond\u00e9ment. C\u2019est plus direct, plus intime\u201d. Il esp\u00e8re que cette nouvelle aventure lui permettra de <strong>tourner la page<\/strong> sereinement, tout en continuant \u00e0 exercer son m\u00e9tier avec passion. \u201cJe n\u2019ai pas envie de rester enferm\u00e9 dans une pol\u00e9mique. Ce qui m\u2019int\u00e9resse, c\u2019est d\u2019avancer\u201d.<\/p>\n","protected":false},"excerpt":{"rendered":"Accus\u00e9 par d\u2019anciens collaborateurs d\u2019avoir instaur\u00e9 un climat de travail toxique \u00e0 T\u00e9l\u00e9matin, Thomas Sotto a bris\u00e9 le&hellip;\n","protected":false},"author":2,"featured_media":221034,"comment_status":"","ping_status":"","sticky":false,"template":"","format":"standard","meta":{"footnotes":""},"categories":[1356],"tags":[1102,10281,58,59,1011,27,252,1364],"class_list":{"0":"post-221033","1":"post","2":"type-post","3":"status-publish","4":"format-standard","5":"has-post-thumbnail","7":"category-television","8":"tag-breakingnews","9":"tag-buzz-nonli","10":"tag-divertissement","11":"tag-entertainment","12":"tag-fr","13":"tag-france","14":"tag-television","15":"tag-tv"},"share_on_mastodon":{"url":"https:\/\/pubeurope.com\/@fr\/114784481082511468","error":""},"_links":{"self":[{"href":"https:\/\/www.europesays.com\/fr\/wp-json\/wp\/v2\/posts\/221033","targetHints":{"allow":["GET"]}}],"collection":[{"href":"https:\/\/www.europesays.com\/fr\/wp-json\/wp\/v2\/posts"}],"about":[{"href":"https:\/\/www.europesays.com\/fr\/wp-json\/wp\/v2\/types\/post"}],"author":[{"embeddable":true,"href":"https:\/\/www.europesays.com\/fr\/wp-json\/wp\/v2\/users\/2"}],"replies":[{"embeddable":true,"href":"https:\/\/www.europesays.com\/fr\/wp-json\/wp\/v2\/comments?post=221033"}],"version-history":[{"count":0,"href":"https:\/\/www.europesays.com\/fr\/wp-json\/wp\/v2\/posts\/221033\/revisions"}],"wp:featuredmedia":[{"embeddable":true,"href":"https:\/\/www.europesays.com\/fr\/wp-json\/wp\/v2\/media\/221034"}],"wp:attachment":[{"href":"https:\/\/www.europesays.com\/fr\/wp-json\/wp\/v2\/media?parent=221033"}],"wp:term":[{"taxonomy":"category","embeddable":true,"href":"https:\/\/www.europesays.com\/fr\/wp-json\/wp\/v2\/categories?post=221033"},{"taxonomy":"post_tag","embeddable":true,"href":"https:\/\/www.europesays.com\/fr\/wp-json\/wp\/v2\/tags?post=221033"}],"curies":[{"name":"wp","href":"https:\/\/api.w.org\/{rel}","templated":true}]}}