{"id":221039,"date":"2025-07-02T16:04:07","date_gmt":"2025-07-02T16:04:07","guid":{"rendered":"https:\/\/www.europesays.com\/fr\/221039\/"},"modified":"2025-07-02T16:04:07","modified_gmt":"2025-07-02T16:04:07","slug":"vous-vous-rendez-compte-de-la-dinguerie-la-pilule-contraceptive-au-coeur-dune-polemique-sur-les-reseaux-sociaux-le-figaro-sante","status":"publish","type":"post","link":"https:\/\/www.europesays.com\/fr\/221039\/","title":{"rendered":"\u00abVous vous rendez compte de la dinguerie ?\u00bb : la pilule contraceptive au c\u0153ur d\u2019une pol\u00e9mique sur les r\u00e9seaux sociaux &#8211; Le Figaro Sant\u00e9"},"content":{"rendered":"<ol>\n<li><a href=\"https:\/\/news.google.com\/rss\/articles\/CBMi_gFBVV95cUxPYWZDTVVldzYwclNHeHliZUdnS0NVTFh0OGlOWVRCUGFJLUYwTjhOSVF0WEE5RnhRZ011NmZwNWZ1Z0gtNnk5amNtTmZ5YkdsUk10ejZjelNkek1QZlgyakJoMDNSM1Z0MHNybUxBLWJCQ0VqbHhJMGZQU1hSVUZtOWF6dV84cEVZaDFnbnB0ZEVjbWpiTGdsdGtST1lTcGdvc3d1MUdHQ3ZpV0xzZExCSk95Wm4xUUp5WklVZlB1SEcwZUJBY3BBSnpMN3MwMkU4eUlPV294NmpIa1ZJQnF5ZHdMaTZZNDdHS2VWckJLcUV3LTktY2Fzdnc5Sk9oZw?oc=5\" target=\"_blank\" rel=\"nofollow noopener\">\u00abVous vous rendez compte de la dinguerie ?\u00bb : la pilule contraceptive au c\u0153ur d\u2019une pol\u00e9mique sur les r\u00e9seaux sociaux<\/a>&nbsp;&nbsp;Le Figaro Sant\u00e9<\/li>\n<li><a href=\"https:\/\/news.google.com\/rss\/articles\/CBMiygFBVV95cUxQTnlKU0d3ZWozdFVxSWRYT3NGTVZuRUFVMG9uVEtXWmdqTExDV3VYWmdsM05vNWN2RTFNVWFNX3ZFc0oyaG5rb3dwTTQtcWNDNU5IQkduZ0N3WmJuSlNUQlBFVjdqMmdRMllVVkNxME1LMC00N0xFTEg3bWpJSDlkOUZFcFgxV3RqbXE2WHNCU2hobktqVEk3VGxDWWt4dmM1RVgzdmwzMTNLTGlNdlh6ME83S1JzTEFMNnIwWVNfWEJoS2VSMFJab0J3?oc=5\" target=\"_blank\" rel=\"nofollow noopener\">La pilule contraceptive a-t-elle \u00e9t\u00e9 class\u00e9e canc\u00e9rog\u00e8ne par l\u2019OMS?<\/a>&nbsp;&nbsp;rts.ch<\/li>\n<li><a href=\"https:\/\/news.google.com\/rss\/articles\/CBMi0AFBVV95cUxNZ3pGVHN0RS14RG80Y2VvLVVab3FkRFRQMElMaHFYUEhXMzJlNERkLVZxdE5JWnlZUWZEVzhoN0oxVFVkak5TV2FpeUxaTlg0cmkyaDVLWVRiOWtBRDQxcDFCdWMwZXd5VHhzWHpBakc5MTVpaDAxRk9kRkV2bHMybkdaMEsxQ2tOX294Ry03d2xfVHl5S3c3MFRyMTVXcm0wNTJMMERLcXB5OGVjYVFfSzVMMVZUNDdiTnpQU0RUanRRTVhkYXVERG02eGwtNzBL?oc=5\" target=\"_blank\" rel=\"nofollow noopener\">Fact-checking : l&rsquo;OMS vient-elle de classer la pilule contraceptive parmi les substances canc\u00e9rig\u00e8nes<\/a>&nbsp;&nbsp;Euronews<\/li>\n<li><a href=\"https:\/\/news.google.com\/rss\/articles\/CBMimAFBVV95cUxOWGhhSzM5SmJJT2FBbS1QY2FwWUYzVnNGWm5naG5RYzB2cWRpaHpZQW5kMl9zMDZBYlRvdlN4WmJ6dFNHN3ZQeEtHY2ExTFhpTXk2NGxRajh6NW1YMzNNbWVLS0otQXFfaXdrcWhQcWZhbDBOdjMtdTByZlJ5M2NzN0JjaWNCc19oUTRCbTNRWFduT21saU4tQQ?oc=5\" target=\"_blank\" rel=\"nofollow noopener\">Ce que cache vraiment la rumeur sur la pilule<\/a>&nbsp;&nbsp;PasseportSant\u00e9<\/li>\n<li><a href=\"https:\/\/news.google.com\/rss\/articles\/CBMingFBVV95cUxOMVZIdWVGWjR4alRZU3h1R19YSmVhbFBBZHlweWswVEFKSS1VLWF2QTBNMXFHUzJqRlpSaEhhYldRSzFrSWZzUW11a3M4QW04SmNRN2RLdEo4NjlsWEVlblhGZko3UFhQb2V5RGgzUkhPdGlzSFM3OFYzS3FrUlFkMkt3cnFzVnl0Sk5mUzlQNFhib29nbXBJMnVNOUcwdw?oc=5\" target=\"_blank\" rel=\"nofollow noopener\">Pilule et d\u00e9sinformation : alerte aux infox concernant le cancer<\/a>&nbsp;&nbsp;Journal de l&rsquo;Economie<\/li>\n<\/ol>\n","protected":false},"excerpt":{"rendered":"\u00abVous vous rendez compte de la dinguerie ?\u00bb : la pilule contraceptive au c\u0153ur d\u2019une pol\u00e9mique sur les&hellip;\n","protected":false},"author":2,"featured_media":1445,"comment_status":"","ping_status":"","sticky":false,"template":"","format":"standard","meta":{"footnotes":""},"categories":[10],"tags":[1011,27,72,71],"class_list":{"0":"post-221039","1":"post","2":"type-post","3":"status-publish","4":"format-standard","5":"has-post-thumbnail","7":"category-sante","8":"tag-fr","9":"tag-france","10":"tag-health","11":"tag-sante"},"share_on_mastodon":{"url":"https:\/\/pubeurope.com\/@fr\/114784492923676474","error":""},"_links":{"self":[{"href":"https:\/\/www.europesays.com\/fr\/wp-json\/wp\/v2\/posts\/221039","targetHints":{"allow":["GET"]}}],"collection":[{"href":"https:\/\/www.europesays.com\/fr\/wp-json\/wp\/v2\/posts"}],"about":[{"href":"https:\/\/www.europesays.com\/fr\/wp-json\/wp\/v2\/types\/post"}],"author":[{"embeddable":true,"href":"https:\/\/www.europesays.com\/fr\/wp-json\/wp\/v2\/users\/2"}],"replies":[{"embeddable":true,"href":"https:\/\/www.europesays.com\/fr\/wp-json\/wp\/v2\/comments?post=221039"}],"version-history":[{"count":0,"href":"https:\/\/www.europesays.com\/fr\/wp-json\/wp\/v2\/posts\/221039\/revisions"}],"wp:featuredmedia":[{"embeddable":true,"href":"https:\/\/www.europesays.com\/fr\/wp-json\/wp\/v2\/media\/1445"}],"wp:attachment":[{"href":"https:\/\/www.europesays.com\/fr\/wp-json\/wp\/v2\/media?parent=221039"}],"wp:term":[{"taxonomy":"category","embeddable":true,"href":"https:\/\/www.europesays.com\/fr\/wp-json\/wp\/v2\/categories?post=221039"},{"taxonomy":"post_tag","embeddable":true,"href":"https:\/\/www.europesays.com\/fr\/wp-json\/wp\/v2\/tags?post=221039"}],"curies":[{"name":"wp","href":"https:\/\/api.w.org\/{rel}","templated":true}]}}