{"id":221044,"date":"2025-07-02T16:07:09","date_gmt":"2025-07-02T16:07:09","guid":{"rendered":"https:\/\/www.europesays.com\/fr\/221044\/"},"modified":"2025-07-02T16:07:09","modified_gmt":"2025-07-02T16:07:09","slug":"microsoft-annonce-le-licenciement-de-plusieurs-milliers-de-personnes-supplementaires","status":"publish","type":"post","link":"https:\/\/www.europesays.com\/fr\/221044\/","title":{"rendered":"Microsoft annonce le licenciement de plusieurs milliers de personnes suppl\u00e9mentaires"},"content":{"rendered":"<p>\u00ab4% des effectifs\u00bb vont \u00eatre touch\u00e9s par cette mesure, selon le g\u00e9ant am\u00e9ricain, soit environ 9000 employ\u00e9s.<\/p>\n<p class=\"fig-paragraph\">Microsoft va licencier plusieurs milliers de personnes suppl\u00e9mentaires apr\u00e8s une premi\u00e8re vague en mai, a indiqu\u00e9 mercredi le groupe \u00e0 l\u2019AFP, notamment en r\u00e9duisant certains \u00e9chelons hi\u00e9rarchiques.<\/p>\n<p class=\"fig-paragraph\">\u00abL\u2019impact total repr\u00e9sente moins de 4% des effectifs\u00bb, selon une porte-parole, soit jusqu\u2019\u00e0 environ 9000 employ\u00e9s, sur la base d\u2019un effectif total de 228.000 personnes selon le dernier rapport annuel.<\/p>\n<p>                                    <a class=\"fig-a11y-skip a11y-hidden\" href=\"#fig-a11y-skip-main-inarticle\"><br \/>\n        Passer la publicit\u00e9<br \/>\n    <\/a><\/p>\n<p class=\"fig-paragraph\">Plus d\u2019informations \u00e0 venir&#8230;<\/p>\n","protected":false},"excerpt":{"rendered":"\u00ab4% des effectifs\u00bb vont \u00eatre touch\u00e9s par cette mesure, selon le g\u00e9ant am\u00e9ricain, soit environ 9000 employ\u00e9s. Microsoft&hellip;\n","protected":false},"author":2,"featured_media":221045,"comment_status":"","ping_status":"","sticky":false,"template":"","format":"standard","meta":{"footnotes":""},"categories":[7],"tags":[341,1011,27,414,5533,43,40,41,39,42,44],"class_list":{"0":"post-221044","1":"post","2":"type-post","3":"status-publish","4":"format-standard","5":"has-post-thumbnail","7":"category-sciences-et-technologies","8":"tag-emploi","9":"tag-fr","10":"tag-france","11":"tag-licenciement","12":"tag-microsoft","13":"tag-science","14":"tag-science-and-technology","15":"tag-sciences","16":"tag-sciences-et-technologies","17":"tag-technologies","18":"tag-technology"},"share_on_mastodon":{"url":"https:\/\/pubeurope.com\/@fr\/114784504713117514","error":""},"_links":{"self":[{"href":"https:\/\/www.europesays.com\/fr\/wp-json\/wp\/v2\/posts\/221044","targetHints":{"allow":["GET"]}}],"collection":[{"href":"https:\/\/www.europesays.com\/fr\/wp-json\/wp\/v2\/posts"}],"about":[{"href":"https:\/\/www.europesays.com\/fr\/wp-json\/wp\/v2\/types\/post"}],"author":[{"embeddable":true,"href":"https:\/\/www.europesays.com\/fr\/wp-json\/wp\/v2\/users\/2"}],"replies":[{"embeddable":true,"href":"https:\/\/www.europesays.com\/fr\/wp-json\/wp\/v2\/comments?post=221044"}],"version-history":[{"count":0,"href":"https:\/\/www.europesays.com\/fr\/wp-json\/wp\/v2\/posts\/221044\/revisions"}],"wp:featuredmedia":[{"embeddable":true,"href":"https:\/\/www.europesays.com\/fr\/wp-json\/wp\/v2\/media\/221045"}],"wp:attachment":[{"href":"https:\/\/www.europesays.com\/fr\/wp-json\/wp\/v2\/media?parent=221044"}],"wp:term":[{"taxonomy":"category","embeddable":true,"href":"https:\/\/www.europesays.com\/fr\/wp-json\/wp\/v2\/categories?post=221044"},{"taxonomy":"post_tag","embeddable":true,"href":"https:\/\/www.europesays.com\/fr\/wp-json\/wp\/v2\/tags?post=221044"}],"curies":[{"name":"wp","href":"https:\/\/api.w.org\/{rel}","templated":true}]}}