{"id":221048,"date":"2025-07-02T16:09:10","date_gmt":"2025-07-02T16:09:10","guid":{"rendered":"https:\/\/www.europesays.com\/fr\/221048\/"},"modified":"2025-07-02T16:09:10","modified_gmt":"2025-07-02T16:09:10","slug":"le-rappeur-reconnu-non-coupable-de-trafic-sexuel-et-dassociation-de-malfaiteurs","status":"publish","type":"post","link":"https:\/\/www.europesays.com\/fr\/221048\/","title":{"rendered":"Le rappeur reconnu non coupable de trafic sexuel et d\u2019association de malfaiteurs"},"content":{"rendered":"<p>Le magnat du hip-hop <a href=\"https:\/\/www.20minutes.fr\/arts-stars\/people\/p-diddy\/\" class=\"color-ultramarine c-link\" target=\"_blank\" rel=\"noopener\">P. Diddy<\/a> a \u00e9t\u00e9 reconnu mercredi non coupable de trafic sexuel et d\u2019association de malfaiteurs, les accusations les plus importantes port\u00e9es contre lui, mais coupable de transport de personnes \u00e0 des fins de prostitution.<\/p>\n<\/p>\n<p>Apr\u00e8s des semaines de t\u00e9moignages et de plaidoiries lors d\u2019un <a href=\"https:\/\/www.20minutes.fr\/monde\/etats-unis\/4161461-20250702-proces-p-diddy-jury-parvient-accorder-accusation-plus-grave\" class=\"color-ultramarine c-link\" target=\"_blank\" rel=\"noopener\">proc\u00e8s<\/a> ultra-m\u00e9diatis\u00e9, un repr\u00e9sentant des 12 jur\u00e9s a annonc\u00e9 ce verdict \u00e0 l\u2019issue de d\u00e9lib\u00e9rations mercredi matin au tribunal p\u00e9nal de <a href=\"https:\/\/www.20minutes.fr\/dossier\/manhattan\" class=\"color-ultramarine c-link\" target=\"_blank\" rel=\"noopener\">Manhattan<\/a>.<\/p>\n<p>Plus d&rsquo;info \u00e0 venir sur 20 Minutes.fr &#8230;\/&#8230;<\/p>\n","protected":false},"excerpt":{"rendered":"Le magnat du hip-hop P. Diddy a \u00e9t\u00e9 reconnu mercredi non coupable de trafic sexuel et d\u2019association de&hellip;\n","protected":false},"author":2,"featured_media":221049,"comment_status":"","ping_status":"","sticky":false,"template":"","format":"standard","meta":{"footnotes":""},"categories":[5],"tags":[11,1267,73,1011,27,14,1123,74,12,16997,28],"class_list":{"0":"post-221048","1":"post","2":"type-post","3":"status-publish","4":"format-standard","5":"has-post-thumbnail","7":"category-international","8":"tag-actualites","9":"tag-agression-sexuelle","10":"tag-etats-unis","11":"tag-fr","12":"tag-france","13":"tag-international","14":"tag-mineur","15":"tag-monde","16":"tag-news","17":"tag-p-diddy","18":"tag-world"},"share_on_mastodon":{"url":"https:\/\/pubeurope.com\/@fr\/114784512694516217","error":""},"_links":{"self":[{"href":"https:\/\/www.europesays.com\/fr\/wp-json\/wp\/v2\/posts\/221048","targetHints":{"allow":["GET"]}}],"collection":[{"href":"https:\/\/www.europesays.com\/fr\/wp-json\/wp\/v2\/posts"}],"about":[{"href":"https:\/\/www.europesays.com\/fr\/wp-json\/wp\/v2\/types\/post"}],"author":[{"embeddable":true,"href":"https:\/\/www.europesays.com\/fr\/wp-json\/wp\/v2\/users\/2"}],"replies":[{"embeddable":true,"href":"https:\/\/www.europesays.com\/fr\/wp-json\/wp\/v2\/comments?post=221048"}],"version-history":[{"count":0,"href":"https:\/\/www.europesays.com\/fr\/wp-json\/wp\/v2\/posts\/221048\/revisions"}],"wp:featuredmedia":[{"embeddable":true,"href":"https:\/\/www.europesays.com\/fr\/wp-json\/wp\/v2\/media\/221049"}],"wp:attachment":[{"href":"https:\/\/www.europesays.com\/fr\/wp-json\/wp\/v2\/media?parent=221048"}],"wp:term":[{"taxonomy":"category","embeddable":true,"href":"https:\/\/www.europesays.com\/fr\/wp-json\/wp\/v2\/categories?post=221048"},{"taxonomy":"post_tag","embeddable":true,"href":"https:\/\/www.europesays.com\/fr\/wp-json\/wp\/v2\/tags?post=221048"}],"curies":[{"name":"wp","href":"https:\/\/api.w.org\/{rel}","templated":true}]}}