{"id":221050,"date":"2025-07-02T16:10:16","date_gmt":"2025-07-02T16:10:16","guid":{"rendered":"https:\/\/www.europesays.com\/fr\/221050\/"},"modified":"2025-07-02T16:10:16","modified_gmt":"2025-07-02T16:10:16","slug":"pas-de-clim-dans-le-tgv-le-chat-dune-voyageuse-a-failli-mourir-dun-coup-de-chaleur","status":"publish","type":"post","link":"https:\/\/www.europesays.com\/fr\/221050\/","title":{"rendered":"Pas de clim dans le TGV, le chat d\u2019une voyageuse a failli mourir d\u2019un coup de chaleur"},"content":{"rendered":"<p>Alors qu\u2019elle effectuait un trajet <a href=\"https:\/\/www.20minutes.fr\/paris\/\" class=\"color-ultramarine c-link\" target=\"_blank\" rel=\"noopener\">Paris<\/a>&#8211;<a href=\"https:\/\/www.20minutes.fr\/nice\/\" class=\"color-ultramarine c-link\" target=\"_blank\" rel=\"noopener\">Nice <\/a>en train en pleine <a href=\"https:\/\/www.20minutes.fr\/dossier\/canicule\" class=\"color-ultramarine c-link\" target=\"_blank\" rel=\"noopener\">canicule<\/a>, une jeune femme a failli perdre son <a href=\"https:\/\/www.20minutes.fr\/dossier\/chat\" class=\"color-ultramarine c-link\" target=\"_blank\" rel=\"noopener\">chat<\/a>, ce lundi. \u00c0\u00a0cause du manque de climatisation dans le wagon, l\u2019animal a \u00e9t\u00e9 victime d\u2019un gros coup de chaleur qui aurait pu lui \u00eatre fatal, a-t-elle ainsi racont\u00e9 au\u00a0<a href=\"https:\/\/www.leparisien.fr\/societe\/video-je-voyais-mon-chat-mourir-une-voyageuse-denonce-labsence-de-climatisation-dans-son-tgv-01-07-2025-4DSVKFTYSJHMFAKQPUN7W5S3WI.php\" rel=\"nofollow noopener\" target=\"_blank\" class=\"color-ultramarine c-link\">Parisien<\/a>. L\u2019\u00e9tudiante de 24 ans s\u2019est rapidement rendu compte que la clim ne fonctionnait pas. Son chat, Jotaro, n\u2019a pas tard\u00e9\u00a0\u00e0 montrer des signes de mal-\u00eatre. \u00ab\u00a0Il n\u2019arrive plus \u00e0 respirer, je vois qu\u2019il est en train de convulser\u00a0\u00bb, explique sa propri\u00e9taire aupr\u00e8s de nos confr\u00e8res.<\/p>\n<p>Des contr\u00f4leurs introuvables<\/p>\n<p>Inqui\u00e8te, la jeune femme s\u2019est rendue dans les toilettes du wagon pour passer de l\u2019eau sur le corps de son f\u00e9lin, en vain. Elle a alors appel\u00e9 le num\u00e9ro d\u2019urgence de la SNCF. Au t\u00e9l\u00e9phone, une femme a tent\u00e9 de l\u2019aider et lui a conseill\u00e9 de trouver un contr\u00f4leur. \u00ab\u00a0J\u2019avais d\u00e9j\u00e0 cherch\u00e9 un\u00a0contr\u00f4leur un peu partout\u00a0\u00bb, indique la voyageuse qui a \u00e9galement contact\u00e9 l\u2019entreprise via <a href=\"https:\/\/www.20minutes.fr\/dossier\/whatsapp\" class=\"color-ultramarine c-link\" target=\"_blank\" rel=\"noopener\">WhatsApp<\/a>.<\/p>\n<p class=\"mb-xxl@xs color-ultramarine font-weight-semi-bold@xs font-source-serif-pro heading-s@xs\">L\u2019acc\u00e8s \u00e0 ce contenu a \u00e9t\u00e9 bloqu\u00e9 afin de respecter votre choix de consentement<\/p>\n<p class=\"mb-m@xs text-l@xs\">En cliquant sur\u00ab J\u2019accepte \u00bb, vous acceptez le d\u00e9p\u00f4t de cookies par des services externes et aurez ainsi acc\u00e8s aux contenus de nos partenaires.<\/p>\n<p class=\"mb-xl@xs text-s@xs\">Plus d\u2019informations sur la page<a href=\"https:\/\/www.20minutes.fr\/gestion-cookies\" class=\"mx-xxs@xs color-ultramarine\" target=\"_blank\" rel=\"noopener\">Politique de gestion des cookies<\/a><\/p>\n<p>J\u2019accepte<\/p>\n<p>Dans son malheur, l\u2019\u00e9tudiante a tout de m\u00eame pu compter sur les autres <a href=\"https:\/\/www.20minutes.fr\/dossier\/passagers\" class=\"color-ultramarine c-link\" target=\"_blank\" rel=\"noopener\">passagers <\/a>du train pour rafra\u00eechir Jotaro. \u00c0 bout de nerfs, la jeune femme a fini par poster un tweet sur X\u00a0pour interpeller la SNCF.<\/p>\n<p>\u00ab\u00a0Elle m\u2019a engueul\u00e9e \u00e0 cause du tweet\u00a0\u00bb<\/p>\n<p>Une employ\u00e9e venue contr\u00f4ler les billets a finalement aid\u00e9\u00a0l\u2019\u00e9tudiante \u00e0 allumer la climatisation.\u00a0M\u00eame si la temp\u00e9rature n\u2019est pas descendue selon la voyageuse, l\u2019\u00e9tat de l\u2019animal s\u2019est stabilis\u00e9. Puis, apr\u00e8s presque quatre heures de trajet, la contr\u00f4leuse est revenue. \u00ab\u00a0Elle \u00e9tait au t\u00e9l\u00e9phone avec la SNCF, et m\u2019a engueul\u00e9e \u00e0 cause du tweet. Elle m\u2019a dit que je n\u2019avais pas \u00e0 faire \u00e7a, que \u00e7a pouvait nuire \u00e0 la SNCF, et qu\u2019ils faisaient tout leur possible\u00a0\u00bb, assure la propri\u00e9taire du chat.<\/p>\n<\/p>\n<p>Arriv\u00e9e \u00e0 Nice, la voyageuse a amen\u00e9 son chat chez le v\u00e9t\u00e9rinaire. Si l\u2019animal a subi un coup de chaleur, il va beaucoup d\u00e9sormais mieux.\u00a0De son c\u00f4t\u00e9, la <a href=\"https:\/\/www.20minutes.fr\/dossier\/sncf\" class=\"color-ultramarine c-link\" target=\"_blank\" rel=\"noopener\">SNCF<\/a> affirme que la climatisation fonctionnait bien dans le train. \u00ab\u00a0Il n\u2019y avait pas de dysfonctionnement, peut-\u00eatre simplement un probl\u00e8me de r\u00e9glage dans cette voiture\u00a0\u00bb, conclut-elle.<\/p>\n","protected":false},"excerpt":{"rendered":"Alors qu\u2019elle effectuait un trajet Paris&#8211;Nice en train en pleine canicule, une jeune femme a failli perdre son&hellip;\n","protected":false},"author":2,"featured_media":221051,"comment_status":"","ping_status":"","sticky":false,"template":"","format":"standard","meta":{"footnotes":""},"categories":[4],"tags":[47,11,6698,7654,1011,27,12,25,2215,104,926,2803],"class_list":{"0":"post-221050","1":"post","2":"type-post","3":"status-publish","4":"format-standard","5":"has-post-thumbnail","7":"category-france","8":"tag-actualite","9":"tag-actualites","10":"tag-canicule","11":"tag-chat","12":"tag-fr","13":"tag-france","14":"tag-news","15":"tag-republique-francaise","16":"tag-sncf","17":"tag-societe","18":"tag-train","19":"tag-transport"},"share_on_mastodon":{"url":"https:\/\/pubeurope.com\/@fr\/114784516604254807","error":""},"_links":{"self":[{"href":"https:\/\/www.europesays.com\/fr\/wp-json\/wp\/v2\/posts\/221050","targetHints":{"allow":["GET"]}}],"collection":[{"href":"https:\/\/www.europesays.com\/fr\/wp-json\/wp\/v2\/posts"}],"about":[{"href":"https:\/\/www.europesays.com\/fr\/wp-json\/wp\/v2\/types\/post"}],"author":[{"embeddable":true,"href":"https:\/\/www.europesays.com\/fr\/wp-json\/wp\/v2\/users\/2"}],"replies":[{"embeddable":true,"href":"https:\/\/www.europesays.com\/fr\/wp-json\/wp\/v2\/comments?post=221050"}],"version-history":[{"count":0,"href":"https:\/\/www.europesays.com\/fr\/wp-json\/wp\/v2\/posts\/221050\/revisions"}],"wp:featuredmedia":[{"embeddable":true,"href":"https:\/\/www.europesays.com\/fr\/wp-json\/wp\/v2\/media\/221051"}],"wp:attachment":[{"href":"https:\/\/www.europesays.com\/fr\/wp-json\/wp\/v2\/media?parent=221050"}],"wp:term":[{"taxonomy":"category","embeddable":true,"href":"https:\/\/www.europesays.com\/fr\/wp-json\/wp\/v2\/categories?post=221050"},{"taxonomy":"post_tag","embeddable":true,"href":"https:\/\/www.europesays.com\/fr\/wp-json\/wp\/v2\/tags?post=221050"}],"curies":[{"name":"wp","href":"https:\/\/api.w.org\/{rel}","templated":true}]}}