{"id":221052,"date":"2025-07-02T16:11:18","date_gmt":"2025-07-02T16:11:18","guid":{"rendered":"https:\/\/www.europesays.com\/fr\/221052\/"},"modified":"2025-07-02T16:11:18","modified_gmt":"2025-07-02T16:11:18","slug":"avec-la-canicule-ce-quil-faut-savoir-avant-de-se-ruer-sur-un-mini-ventilateur-pour-se-rafraichir","status":"publish","type":"post","link":"https:\/\/www.europesays.com\/fr\/221052\/","title":{"rendered":"Avec la canicule, ce qu\u2019il faut savoir avant de se ruer sur un mini-ventilateur pour se rafra\u00eechir"},"content":{"rendered":"<p>        <img decoding=\"async\" loading=\"lazy\" src=\"https:\/\/www.europesays.com\/fr\/wp-content\/uploads\/2025\/07\/eded465_upload-1-dojwvjibg2v4-chandan-chaurasia-zba8jp411ky-unsplash.jpg\"  width=\"728\" height=\"410\" alt=\"La composition des mini-ventilateurs, du plastique m\u00e9lang\u00e9 \u00e0 des circuits imprim\u00e9s et des batteries au lithium en fait un \u00ab\u00a0cauchemar pour les fili\u00e8res de tri\u00a0\u00bb.\"\/>   <\/p>\n<p>La composition des mini-ventilateurs, du plastique m\u00e9lang\u00e9 \u00e0 des circuits imprim\u00e9s et des batteries au lithium en fait un \u00ab\u00a0cauchemar pour les fili\u00e8res de tri\u00a0\u00bb.<\/p>\n<p class=\"asset asset-text\">CHALEUR &#8211; Ils sont partout. Dans les transports, la rue ou les salles de spectacle, alors que l\u2019\u00e9t\u00e9 <a href=\"https:\/\/www.huffingtonpost.fr\/tech-futurs\/article\/voici-a-quelles-conditions-la-climatisation-sera-contre-la-canicule-une-solution-qui-n-empire-pas-les-choses_252047.html\" target=\"_blank\" rel=\"noopener\">s\u2019installe de mani\u00e8re caniculaire<\/a>, un accessoire semble d\u00e9sormais adopt\u00e9 par les Fran\u00e7ais\u00a0: le mini-<a href=\"https:\/\/www.huffingtonpost.fr\/life\/article\/pendant-la-canicule-le-ventilateur-la-nuit-n-est-pas-toujours-la-meilleure-idee-clx2_197444.html\" target=\"_blank\" rel=\"noopener\">ventilateur<\/a>.<\/p>\n<p class=\"asset asset-text\">Pour gagner un peu de confort sous la temp\u00e9rature \u00e9touffante, il vient s\u2019ajouter aux autres syst\u00e8mes D\u00a0: v\u00eatements amples, eau froide dans la nuque, pauses rafra\u00eechissement dans les supermarch\u00e9s climatis\u00e9s\u2026 L\u00e9gers et pratiques \u00e0 transporter, ces objets \u00e9lectroniques ont tout l\u2019air du bon plan pour avoir un peu d\u2019air sur le visage sans avoir \u00e0 agiter un \u00e9ventail. Mais ces petits syst\u00e8mes de ventilation, bien qu\u2019ils puissent pr\u00e9tendre au rang de tendance de l\u2019\u00e9t\u00e9, ne sont pas sans cons\u00e9quences sur l\u2019environnement.<\/p>\n<p class=\"asset asset-text\">Disponibles \u00e0 bas prix (de deux\u00a0\u00e0 dix\u00a0euros) sur des sites de vente en ligne ou en magasin, ils se vendent en plusieurs couleurs, formes, et m\u00eame <a href=\"https:\/\/www.huffingtonpost.fr\/life\/article\/les-stylos-legami-passionnent-les-enfants-mais-aussi-ces-adultes-qui-les-achetent-a-prix-d-or-clx1_248486.html\" target=\"_blank\" rel=\"noopener\">le fabricant de stylos \u00e0 la mode Legami<\/a> en propose. Probl\u00e8me\u00a0: si ces mini-ventilateurs aident en p\u00e9riode de forte chaleur, ils sont aussi embl\u00e9matiques de la \u00ab\u00a0fast-tech\u00a0\u00bb, d\u00e9clinaison \u00e9lectronique de la fast-fashion.<\/p>\n<p>    La \u00ab\u00a0fast-tech\u00a0\u00bb \u00e0 bas co\u00fbt    <\/p>\n<p class=\"asset asset-text\">Car la popularit\u00e9 de ces petits ventilos grimpe de mani\u00e8re faramineuse. D\u2019apr\u00e8s le m\u00e9dia We demain, il s\u2019en est vendu 7,1\u00a0millions d\u2019unit\u00e9s au Royaume-Uni, uniquement sur l\u2019ann\u00e9e 2024. Le tout avec un usage tr\u00e8s restreint dans le temps\u00a0: selon <a href=\"https:\/\/www.wedemain.fr\/ralentir\/fast-tech-dites-non-aux-mini-ventilateurs-cette-aberration-ecologique\/\" target=\"_blank\" rel=\"noopener\" title=\"Nouvelle fen\u00eatre\">le rapport de Material Focus<\/a> cit\u00e9 par nos confr\u00e8res, 3,4\u00a0millions d\u2019entre eux ont fini \u00e0 la poubelle ou inutilis\u00e9s la m\u00eame ann\u00e9e.<\/p>\n<p class=\"asset asset-text\">Des caract\u00e9ristiques embl\u00e9matiques de la fast-tech\u00a0: des objets peu chers, fabriqu\u00e9s loin, consomm\u00e9s massivement et ayant une dur\u00e9e de vie tr\u00e8s courte &#8211; un poids lourd dans l\u2019industrie du num\u00e9rique, qui, d\u2019apr\u00e8s une \u00e9tude de BackMarket, <a href=\"https:\/\/www.backmarket.fr\/fr-fr\/end-fast-tech\" target=\"_blank\" rel=\"noopener\" title=\"Nouvelle fen\u00eatre\">repr\u00e9sente 4\u00a0% des \u00e9missions de gaz \u00e0 effet de serre mondiales \u00e0 l\u2019heure actuelle<\/a>.<\/p>\n<p class=\"asset asset-text\">D\u2019autant que ces objets ne sont pas r\u00e9parables quand ils rendent l\u2019\u00e2me, et sont peu recyclables\u00a0: toujours d\u2019apr\u00e8s We Demain, le plastique m\u00e9lang\u00e9 \u00e0 des circuits imprim\u00e9s et des batteries au lithium les transforment en v\u00e9ritable \u00ab\u00a0cauchemar pour les fili\u00e8res de tri\u00a0\u00bb.<\/p>\n<p>    Pas recommand\u00e9s au-dessus de 30\u00a0degr\u00e9s    <\/p>\n<p class=\"asset asset-text\">Si ces mini-ventilateurs peuvent \u00eatre bien pratiques dans les espaces restreints comme les m\u00e9tros bond\u00e9s, o\u00f9 il est impossible d\u2019utiliser un \u00e9ventail, ou pour les personnes qui ne peuvent pas s\u2019\u00e9venter en continu pour des raisons de sant\u00e9, ils ne sont toutefois pas recommand\u00e9s quand les temp\u00e9ratures sont trop hautes\u00a0: en 2024, le journal japonais Asahi Shimbun soulignait qu\u2019au-dessus de 30\u00a0degr\u00e9s, sous le soleil, l\u2019air projet\u00e9 par les petits objets pouvait s\u2019apparenter \u00e0 \u00ab\u00a0recevoir l\u2019air chaud d\u2019un s\u00e8che-cheveux\u00a0\u00bb sur le visage.<\/p>\n<p class=\"asset asset-text\">Par ailleurs, la transpiration aide \u00e0 contr\u00f4ler sa temp\u00e9rature corporelle. Or, l\u2019usage des mini-ventilateurs a pour cons\u00e9quence de faire \u00e9vaporer la sueur plus rapidement &#8211; et donc de risquer de voir la temp\u00e9rature de sa peau augmenter.<\/p>\n<p class=\"asset asset-text\">Si vous avez quand m\u00eame envie de passer le pas du mini-ventilateur, le m\u00e9dia Vakita recommande <a href=\"https:\/\/www.instagram.com\/reel\/DLg54UBM7-V\/\" target=\"_blank\" rel=\"noopener\" title=\"Nouvelle fen\u00eatre\">dans un post Instagram <\/a>d\u2019y mettre un peu plus de budget pour avoir un mod\u00e8le durable, de ne jamais le jeter dans une poubelle classique mais plut\u00f4t dans les bacs de collecte qu\u2019on peut trouver dans les supermarch\u00e9s, et surtout, \u00ab\u00a0demandez-vous si vous en avez vraiment besoin, et si d\u2019autres solutions ne sont pas \u00e0 port\u00e9e de main\u00a0\u00bb.<\/p>\n<p>      <script async src=\"\/\/www.instagram.com\/embed.js\"><\/script><\/p>\n","protected":false},"excerpt":{"rendered":"La composition des mini-ventilateurs, du plastique m\u00e9lang\u00e9 \u00e0 des circuits imprim\u00e9s et des batteries au lithium en fait&hellip;\n","protected":false},"author":2,"featured_media":221053,"comment_status":"","ping_status":"","sticky":false,"template":"","format":"standard","meta":{"footnotes":""},"categories":[2],"tags":[11,6698,436,2883,1011,27,5656,12,3887],"class_list":{"0":"post-221052","1":"post","2":"type-post","3":"status-publish","4":"format-standard","5":"has-post-thumbnail","7":"category-actualites","8":"tag-actualites","9":"tag-canicule","10":"tag-environnement","11":"tag-ete","12":"tag-fr","13":"tag-france","14":"tag-life","15":"tag-news","16":"tag-recyclage"},"share_on_mastodon":{"url":"https:\/\/pubeurope.com\/@fr\/114784520456794949","error":""},"_links":{"self":[{"href":"https:\/\/www.europesays.com\/fr\/wp-json\/wp\/v2\/posts\/221052","targetHints":{"allow":["GET"]}}],"collection":[{"href":"https:\/\/www.europesays.com\/fr\/wp-json\/wp\/v2\/posts"}],"about":[{"href":"https:\/\/www.europesays.com\/fr\/wp-json\/wp\/v2\/types\/post"}],"author":[{"embeddable":true,"href":"https:\/\/www.europesays.com\/fr\/wp-json\/wp\/v2\/users\/2"}],"replies":[{"embeddable":true,"href":"https:\/\/www.europesays.com\/fr\/wp-json\/wp\/v2\/comments?post=221052"}],"version-history":[{"count":0,"href":"https:\/\/www.europesays.com\/fr\/wp-json\/wp\/v2\/posts\/221052\/revisions"}],"wp:featuredmedia":[{"embeddable":true,"href":"https:\/\/www.europesays.com\/fr\/wp-json\/wp\/v2\/media\/221053"}],"wp:attachment":[{"href":"https:\/\/www.europesays.com\/fr\/wp-json\/wp\/v2\/media?parent=221052"}],"wp:term":[{"taxonomy":"category","embeddable":true,"href":"https:\/\/www.europesays.com\/fr\/wp-json\/wp\/v2\/categories?post=221052"},{"taxonomy":"post_tag","embeddable":true,"href":"https:\/\/www.europesays.com\/fr\/wp-json\/wp\/v2\/tags?post=221052"}],"curies":[{"name":"wp","href":"https:\/\/api.w.org\/{rel}","templated":true}]}}